{"id":10964,"date":"2017-12-15T23:42:24","date_gmt":"2017-12-15T22:42:24","guid":{"rendered":"http:\/\/www.petergrau-leichtathlet.de\/?p=10964"},"modified":"2017-12-16T20:07:37","modified_gmt":"2017-12-16T19:07:37","slug":"olaf-ulbricht-ein-naiver-maler-erzaehlt-geschichten","status":"publish","type":"post","link":"https:\/\/www.petergrau-leichtathlet.de\/?p=10964","title":{"rendered":"Olaf Ulbricht: Ein naiver Maler erz\u00e4hlt Geschichten"},"content":{"rendered":"<table width=\"768\">\n<tbody>\n<tr>\n<td width=\"768\">Vor einigen Jahren fand ich Gefallen daran, Bilder der <strong>naiven Maler<\/strong> zu betrachten. Doch dann, so blieb es mir in Erinnerung, war es pl\u00f6tzlich zuende mit dem \u00dcberangebot von solchen\u00a0 Bildern, die mich vor allem wegen ihrer Farbigkeit und Schlichtheit \u00a0\u00fcberzeugten.<\/p>\n<p>Seit einigen Monaten habe ich nun bei Facebook viele neue Freunde aus dem Kunstbereich gewonnen.\u00a0 Vor allem Maler und Malerinnen sind darunter. Wer fehlte \u00a0bisher: ein naiver Maler.<\/p>\n<p><a href=\"http:\/\/www.petergrau-leichtathlet.de\/wp-content\/uploads\/2017\/12\/Naiv-portr\u00e4t-eins.jpg\"><img loading=\"lazy\" class=\"alignnone size-medium wp-image-10967\" src=\"http:\/\/www.petergrau-leichtathlet.de\/wp-content\/uploads\/2017\/12\/Naiv-portr\u00e4t-eins-300x300.jpg\" alt=\"Naiv portr\u00e4t eins\" width=\"300\" height=\"300\" srcset=\"https:\/\/www.petergrau-leichtathlet.de\/wp-content\/uploads\/2017\/12\/Naiv-portr\u00e4t-eins-300x300.jpg 300w, https:\/\/www.petergrau-leichtathlet.de\/wp-content\/uploads\/2017\/12\/Naiv-portr\u00e4t-eins-150x150.jpg 150w, https:\/\/www.petergrau-leichtathlet.de\/wp-content\/uploads\/2017\/12\/Naiv-portr\u00e4t-eins.jpg 720w\" sizes=\"(max-width: 300px) 100vw, 300px\" \/><\/a><\/p>\n<p>Um so gr\u00f6\u00dfer war meine Freude, als ich mit <strong>Olaf Ulbricht<\/strong> Kontakt aufnahm. Nun hatte ich ihn, den naiven Maler.<\/p>\n<p>Wie aber stellt man solch einen Maler vor? Es bietet sich an, auf seiner\u00a0 Homepage nachzuschauen. Und \u00a0unter <a href=\"http:\/\/www.bilderschnitzer.de\">www.bilderschnitzer.de\u00a0<\/a> werde ich schnell pf\u00fcndig. Der <strong>Kunsthistoriker und Galerist Colmar Schulte \u2013Goltz<\/strong> \u00a0schreibt dort, wie er den naiven Maler sieht. Verfolgen wir seine Worte:<\/td>\n<\/tr>\n<\/tbody>\n<\/table>\n<p><a href=\"http:\/\/www.petergrau-leichtathlet.de\/wp-content\/uploads\/2017\/12\/Naiv-Portr\u00e4t-zwei.jpg\"><img loading=\"lazy\" class=\"alignnone size-medium wp-image-10968\" src=\"http:\/\/www.petergrau-leichtathlet.de\/wp-content\/uploads\/2017\/12\/Naiv-Portr\u00e4t-zwei-300x201.jpg\" alt=\"Naiv Portr\u00e4t zwei\" width=\"300\" height=\"201\" srcset=\"https:\/\/www.petergrau-leichtathlet.de\/wp-content\/uploads\/2017\/12\/Naiv-Portr\u00e4t-zwei-300x201.jpg 300w, https:\/\/www.petergrau-leichtathlet.de\/wp-content\/uploads\/2017\/12\/Naiv-Portr\u00e4t-zwei-1024x685.jpg 1024w, https:\/\/www.petergrau-leichtathlet.de\/wp-content\/uploads\/2017\/12\/Naiv-Portr\u00e4t-zwei.jpg 2048w\" sizes=\"(max-width: 300px) 100vw, 300px\" \/><\/a><\/p>\n<table width=\"484\">\n<tbody>\n<tr>\n<td width=\"2\"><\/td>\n<td width=\"418\">\n<table width=\"418\">\n<tbody>\n<tr>\n<td width=\"15\"><strong>\u00a0<\/strong><\/td>\n<td width=\"397\"><strong>Olaf Ulbricht ist ein Erz\u00e4hler<\/strong>. In seinen farbenfrohen Gem\u00e4lden nimmt er den Betrachter mit in eine Welt voller Wunder.<\/p>\n<p>Schauplatz der stillen, wie turbulenten Abenteuer ist eine friedlich &#8211; l\u00e4ndliche Umgebung. Wie aus dem M\u00e4rchen erscheinen auch die rundlich &#8211; freundlichen Figuren.<\/p>\n<p>Die wunderbaren Arbeiten wirken vertr\u00e4umt, sie scheinen unserer Realit\u00e4t fern zu sein. Der K\u00fcnstler gibt jedoch Hinweise auf Zeit und Ort der Handlung: unsere Lebensgegenwart. Kleine Details, wie etwa die Fahrbahnmarkierungen auf dem Asphalt, zeigen dies deutlich.<\/p>\n<p>Die Realit\u00e4t ist eine B\u00fchne, ihre Qualit\u00e4t belebt Ulbricht in der Tradition Marc Chagalls durch unwirkliche Einf\u00e4lle und Freiheiten. Bewu\u00dft ver\u00e4ndert er das Prinzip der Proportion und hebt so einzelne Figuren oder die Sch\u00f6nheit eines Karottenbundes hervor, um damit auf Besonderheiten der Sch\u00f6pfung hinzuweisen.<\/p>\n<p>Entgegen den fr\u00fcheren Gem\u00e4lden Ulbrichts, die oft an Ivan Generalic, den Gro\u00dfmeister der naiven Kunst, erinnerten, hat Olaf Ulbricht mit der kleinteiligen Miniaturmanier gebrochen. Auch in den neuen Arbeiten ist der Reichtum an Details geblieben, doch die Handschrift ist gr\u00f6\u00dfer geworden. In der thematischen Vielschichtigkeit hat Ulbricht nun deutlich die Grenze zur naiven Kunst hinter sich gelassen und ist ein gro\u00dfer &#8222;Erz\u00e4hler&#8220; geworden.<br \/>\nMit seinen neuen, im besten Wortsinn &#8222;fabelhaften&#8220; Arbeiten hat Ulbricht dichte, lyrische Kompositionen geschaffen. Mit kr\u00e4ftigem, gro\u00dfz\u00fcgigen Strich hat Ulbricht die Zeitkunst der Musik mit gro\u00dfer Dynamik in die Raumkunst der Malerei umgesetzt.<\/p>\n<p>Die Schwerkraft scheint aufgehoben. Wenn die Trompete erklingt, tanzen die H\u00e4user und Fenster, die B\u00e4ume wiegen sich im Strudel der Musik. Auf anderen Arbeiten hat Ulbricht die Elemente in Bewegung gebracht.<\/p>\n<p>Karussellartig drehen sich Land und Wasser umeinander. Von der Luft getrieben, von Licht durchgl\u00fcht, erscheinen Natur und Personal auf den unterschiedlichsten Fortbewegungsmitteln, vom Reittier \u00fcber Baum und Boot zum Automobil.<\/p>\n<p><strong>Colmar Schulte-Goltz, Bochum<\/strong><\/p>\n<p>Doch wie mir <strong>Olaf Ulbricht<\/strong> schrieb, ist dieser Text \u201evor vielen Jahren anl\u00e4\u00dflich einer Ausstellung in einer st\u00e4dtischen Galerie\u201c entstanden und damit leicht \u00fcberholt.<\/p>\n<p>Und<strong> Olaf Ulbricht<\/strong> schildert den Wandel in seiner Malkunst. \u201eDamals waren meine Bilder noch dynamisch, d.h. ich habe die Gr\u00f6\u00dfenverh\u00e4ltnisse der Bildelemente variiert und sie auch in die Luft fliegen lassen&#8230; Aber irgendwann war es genug, und meine Bilder wurden statischer. Jetzt haben meine Gem\u00e4lde mehr den Charakter der klassischen Landschaftsmalerei. Momentan interessieren mich besonders Himmel. Ein sch\u00f6ner Abendhimmel, den ich von meinem Haus aus sehe, inspiriert mich sofort, und schlie\u00dflich setze ich dann meine naiven Figuren in diese Szenerie &#8230;<br \/>\nEine gro\u00dfe Rolle spielt dabei meine Kindheit in Sachsen. Manchmal denke ich: Das sind doch eigentlich Spielzeugfiguren aus Seiffen&#8230;<br \/>\nSo lebte ich auch einige Jahre im Erzgebirge, &#8211; meine Frau ist Schwarzenbergerin-, und begann zu schnitzen. Irgendwann bemalte ich die Figuren. Holzreliefs mit geschnitzten und gemalten Elementen f\u00fchrten zur Bezeichnung \u00a0&#8222;Bilderschnitzer\u201c.<\/p>\n<p><a href=\"http:\/\/www.petergrau-leichtathlet.de\/wp-content\/uploads\/2017\/12\/Naiv-f\u00fcnfundzwanzig.jpg\"><img loading=\"lazy\" class=\"alignnone size-medium wp-image-10994\" src=\"http:\/\/www.petergrau-leichtathlet.de\/wp-content\/uploads\/2017\/12\/Naiv-f\u00fcnfundzwanzig-275x300.jpg\" alt=\"Naiv f\u00fcnfundzwanzig\" width=\"275\" height=\"300\" srcset=\"https:\/\/www.petergrau-leichtathlet.de\/wp-content\/uploads\/2017\/12\/Naiv-f\u00fcnfundzwanzig-275x300.jpg 275w, https:\/\/www.petergrau-leichtathlet.de\/wp-content\/uploads\/2017\/12\/Naiv-f\u00fcnfundzwanzig.jpg 879w\" sizes=\"(max-width: 275px) 100vw, 275px\" \/><\/a> <a href=\"http:\/\/www.petergrau-leichtathlet.de\/wp-content\/uploads\/2017\/12\/Naiv-sechsundzwanzig.jpg\"><img loading=\"lazy\" class=\"alignnone size-medium wp-image-10995\" src=\"http:\/\/www.petergrau-leichtathlet.de\/wp-content\/uploads\/2017\/12\/Naiv-sechsundzwanzig-300x225.jpg\" alt=\"Naiv sechsundzwanzig\" width=\"300\" height=\"225\" srcset=\"https:\/\/www.petergrau-leichtathlet.de\/wp-content\/uploads\/2017\/12\/Naiv-sechsundzwanzig-300x225.jpg 300w, https:\/\/www.petergrau-leichtathlet.de\/wp-content\/uploads\/2017\/12\/Naiv-sechsundzwanzig.jpg 960w\" sizes=\"(max-width: 300px) 100vw, 300px\" \/><\/a> <a href=\"http:\/\/www.petergrau-leichtathlet.de\/wp-content\/uploads\/2017\/12\/naiv-siebenundzwanzig.jpg\"><img loading=\"lazy\" class=\"alignnone size-medium wp-image-10996\" src=\"http:\/\/www.petergrau-leichtathlet.de\/wp-content\/uploads\/2017\/12\/naiv-siebenundzwanzig-300x169.jpg\" alt=\"naiv siebenundzwanzig\" width=\"300\" height=\"169\" srcset=\"https:\/\/www.petergrau-leichtathlet.de\/wp-content\/uploads\/2017\/12\/naiv-siebenundzwanzig-300x169.jpg 300w, https:\/\/www.petergrau-leichtathlet.de\/wp-content\/uploads\/2017\/12\/naiv-siebenundzwanzig.jpg 960w\" sizes=\"(max-width: 300px) 100vw, 300px\" \/><\/a> <a href=\"http:\/\/www.petergrau-leichtathlet.de\/wp-content\/uploads\/2017\/12\/naiv-achtundzwanzig.jpg\"><img loading=\"lazy\" class=\"alignnone size-medium wp-image-10997\" src=\"http:\/\/www.petergrau-leichtathlet.de\/wp-content\/uploads\/2017\/12\/naiv-achtundzwanzig-229x300.jpg\" alt=\"naiv achtundzwanzig\" width=\"229\" height=\"300\" srcset=\"https:\/\/www.petergrau-leichtathlet.de\/wp-content\/uploads\/2017\/12\/naiv-achtundzwanzig-229x300.jpg 229w, https:\/\/www.petergrau-leichtathlet.de\/wp-content\/uploads\/2017\/12\/naiv-achtundzwanzig.jpg 733w\" sizes=\"(max-width: 229px) 100vw, 229px\" \/><\/a><\/p>\n<p>Weil aber immer wieder die Frage auftauchte, was malst du, was schnitzt du, habe ich irgendwann die Klarheit der Malerei bevorzugt.<br \/>\nMomentan w\u00fcrde ich mich als naiven Romantiker bezeichnen. Ich denke, dass ich das noch lange sein werde, \u00a0denn mit Licht und Schatten kann man sein Leben verbringen.\u201c<\/p>\n<p><strong>Soweit der Originalton Olaf Ulbrich<\/strong>t.<\/p>\n<p>Nun aber genug der Worte, la\u00dft uns gemeinsam Bilder sehen. Wie immer in einer von mir willk\u00fcrlich gew\u00e4hlten Auswahl:<\/p>\n<p><strong>Winterbilder:<\/strong><\/p>\n<p><a href=\"http:\/\/www.petergrau-leichtathlet.de\/wp-content\/uploads\/2017\/12\/Naiv-zwei.jpg\"><img loading=\"lazy\" class=\"alignnone size-medium wp-image-10971\" src=\"http:\/\/www.petergrau-leichtathlet.de\/wp-content\/uploads\/2017\/12\/Naiv-zwei-300x241.jpg\" alt=\"Naiv zwei\" width=\"300\" height=\"241\" srcset=\"https:\/\/www.petergrau-leichtathlet.de\/wp-content\/uploads\/2017\/12\/Naiv-zwei-300x241.jpg 300w, https:\/\/www.petergrau-leichtathlet.de\/wp-content\/uploads\/2017\/12\/Naiv-zwei.jpg 960w\" sizes=\"(max-width: 300px) 100vw, 300px\" \/><\/a> <a href=\"http:\/\/www.petergrau-leichtathlet.de\/wp-content\/uploads\/2017\/12\/Naiv-vier.jpg\"><img loading=\"lazy\" class=\"alignnone size-medium wp-image-10973\" src=\"http:\/\/www.petergrau-leichtathlet.de\/wp-content\/uploads\/2017\/12\/Naiv-vier-300x224.jpg\" alt=\"Naiv vier\" width=\"300\" height=\"224\" srcset=\"https:\/\/www.petergrau-leichtathlet.de\/wp-content\/uploads\/2017\/12\/Naiv-vier-300x224.jpg 300w, https:\/\/www.petergrau-leichtathlet.de\/wp-content\/uploads\/2017\/12\/Naiv-vier-1024x764.jpg 1024w, https:\/\/www.petergrau-leichtathlet.de\/wp-content\/uploads\/2017\/12\/Naiv-vier.jpg 1440w\" sizes=\"(max-width: 300px) 100vw, 300px\" \/><\/a> <a href=\"http:\/\/www.petergrau-leichtathlet.de\/wp-content\/uploads\/2017\/12\/Naiv-sechs.jpg\"><img loading=\"lazy\" class=\"alignnone size-medium wp-image-10975\" src=\"http:\/\/www.petergrau-leichtathlet.de\/wp-content\/uploads\/2017\/12\/Naiv-sechs-300x239.jpg\" alt=\"Naiv sechs\" width=\"300\" height=\"239\" srcset=\"https:\/\/www.petergrau-leichtathlet.de\/wp-content\/uploads\/2017\/12\/Naiv-sechs-300x239.jpg 300w, https:\/\/www.petergrau-leichtathlet.de\/wp-content\/uploads\/2017\/12\/Naiv-sechs-1024x815.jpg 1024w, https:\/\/www.petergrau-leichtathlet.de\/wp-content\/uploads\/2017\/12\/Naiv-sechs.jpg 1440w\" sizes=\"(max-width: 300px) 100vw, 300px\" \/><\/a> <a href=\"http:\/\/www.petergrau-leichtathlet.de\/wp-content\/uploads\/2017\/12\/Naiv-acht.jpg\"><img loading=\"lazy\" class=\"alignnone size-medium wp-image-10977\" src=\"http:\/\/www.petergrau-leichtathlet.de\/wp-content\/uploads\/2017\/12\/Naiv-acht-294x300.jpg\" alt=\"Naiv acht\" width=\"294\" height=\"300\" srcset=\"https:\/\/www.petergrau-leichtathlet.de\/wp-content\/uploads\/2017\/12\/Naiv-acht-294x300.jpg 294w, https:\/\/www.petergrau-leichtathlet.de\/wp-content\/uploads\/2017\/12\/Naiv-acht.jpg 941w\" sizes=\"(max-width: 294px) 100vw, 294px\" \/><\/a><\/p>\n<p><strong>Herbstbilder:<\/strong><\/p>\n<p><a href=\"http:\/\/www.petergrau-leichtathlet.de\/wp-content\/uploads\/2017\/12\/naiv-elf.jpg\"><img loading=\"lazy\" class=\"alignnone size-medium wp-image-10980\" src=\"http:\/\/www.petergrau-leichtathlet.de\/wp-content\/uploads\/2017\/12\/naiv-elf-300x242.jpg\" alt=\"naiv elf\" width=\"300\" height=\"242\" srcset=\"https:\/\/www.petergrau-leichtathlet.de\/wp-content\/uploads\/2017\/12\/naiv-elf-300x242.jpg 300w, https:\/\/www.petergrau-leichtathlet.de\/wp-content\/uploads\/2017\/12\/naiv-elf-1024x825.jpg 1024w, https:\/\/www.petergrau-leichtathlet.de\/wp-content\/uploads\/2017\/12\/naiv-elf.jpg 1440w\" sizes=\"(max-width: 300px) 100vw, 300px\" \/><\/a> <a href=\"http:\/\/www.petergrau-leichtathlet.de\/wp-content\/uploads\/2017\/12\/naiv-zw\u00f6lf.jpg\"><img loading=\"lazy\" class=\"alignnone size-medium wp-image-10981\" src=\"http:\/\/www.petergrau-leichtathlet.de\/wp-content\/uploads\/2017\/12\/naiv-zw\u00f6lf-300x239.jpg\" alt=\"naiv zw\u00f6lf\" width=\"300\" height=\"239\" srcset=\"https:\/\/www.petergrau-leichtathlet.de\/wp-content\/uploads\/2017\/12\/naiv-zw\u00f6lf-300x239.jpg 300w, https:\/\/www.petergrau-leichtathlet.de\/wp-content\/uploads\/2017\/12\/naiv-zw\u00f6lf-1024x816.jpg 1024w, https:\/\/www.petergrau-leichtathlet.de\/wp-content\/uploads\/2017\/12\/naiv-zw\u00f6lf.jpg 1440w\" sizes=\"(max-width: 300px) 100vw, 300px\" \/><\/a> <a href=\"http:\/\/www.petergrau-leichtathlet.de\/wp-content\/uploads\/2017\/12\/naiv-vierzehn.jpg\"><img loading=\"lazy\" class=\"alignnone size-medium wp-image-10983\" src=\"http:\/\/www.petergrau-leichtathlet.de\/wp-content\/uploads\/2017\/12\/naiv-vierzehn-300x223.jpg\" alt=\"naiv vierzehn\" width=\"300\" height=\"223\" srcset=\"https:\/\/www.petergrau-leichtathlet.de\/wp-content\/uploads\/2017\/12\/naiv-vierzehn-300x223.jpg 300w, https:\/\/www.petergrau-leichtathlet.de\/wp-content\/uploads\/2017\/12\/naiv-vierzehn-1024x762.jpg 1024w, https:\/\/www.petergrau-leichtathlet.de\/wp-content\/uploads\/2017\/12\/naiv-vierzehn.jpg 1440w\" sizes=\"(max-width: 300px) 100vw, 300px\" \/><\/a> <a href=\"http:\/\/www.petergrau-leichtathlet.de\/wp-content\/uploads\/2017\/12\/Naiv-dreizehn.jpg\"><img loading=\"lazy\" class=\"alignnone size-medium wp-image-10982\" src=\"http:\/\/www.petergrau-leichtathlet.de\/wp-content\/uploads\/2017\/12\/Naiv-dreizehn-300x215.jpg\" alt=\"Naiv dreizehn\" width=\"300\" height=\"215\" srcset=\"https:\/\/www.petergrau-leichtathlet.de\/wp-content\/uploads\/2017\/12\/Naiv-dreizehn-300x215.jpg 300w, https:\/\/www.petergrau-leichtathlet.de\/wp-content\/uploads\/2017\/12\/Naiv-dreizehn-1024x732.jpg 1024w, https:\/\/www.petergrau-leichtathlet.de\/wp-content\/uploads\/2017\/12\/Naiv-dreizehn.jpg 1440w\" sizes=\"(max-width: 300px) 100vw, 300px\" \/><\/a><\/p>\n<p><strong>Sommerbilder:<\/strong><\/p>\n<p><a href=\"http:\/\/www.petergrau-leichtathlet.de\/wp-content\/uploads\/2017\/12\/naiv-f\u00fcnfzehn.jpg\"><img loading=\"lazy\" class=\"alignnone size-medium wp-image-10984\" src=\"http:\/\/www.petergrau-leichtathlet.de\/wp-content\/uploads\/2017\/12\/naiv-f\u00fcnfzehn-300x224.jpg\" alt=\"naiv f\u00fcnfzehn\" width=\"300\" height=\"224\" srcset=\"https:\/\/www.petergrau-leichtathlet.de\/wp-content\/uploads\/2017\/12\/naiv-f\u00fcnfzehn-300x224.jpg 300w, https:\/\/www.petergrau-leichtathlet.de\/wp-content\/uploads\/2017\/12\/naiv-f\u00fcnfzehn-1024x763.jpg 1024w, https:\/\/www.petergrau-leichtathlet.de\/wp-content\/uploads\/2017\/12\/naiv-f\u00fcnfzehn.jpg 1440w\" sizes=\"(max-width: 300px) 100vw, 300px\" \/><\/a> <a href=\"http:\/\/www.petergrau-leichtathlet.de\/wp-content\/uploads\/2017\/12\/naiv-sechszehn.jpg\"><img loading=\"lazy\" class=\"alignnone size-medium wp-image-10985\" src=\"http:\/\/www.petergrau-leichtathlet.de\/wp-content\/uploads\/2017\/12\/naiv-sechszehn-300x240.jpg\" alt=\"naiv sechszehn\" width=\"300\" height=\"240\" srcset=\"https:\/\/www.petergrau-leichtathlet.de\/wp-content\/uploads\/2017\/12\/naiv-sechszehn-300x240.jpg 300w, https:\/\/www.petergrau-leichtathlet.de\/wp-content\/uploads\/2017\/12\/naiv-sechszehn-1024x821.jpg 1024w, https:\/\/www.petergrau-leichtathlet.de\/wp-content\/uploads\/2017\/12\/naiv-sechszehn.jpg 1440w\" sizes=\"(max-width: 300px) 100vw, 300px\" \/><\/a> <a href=\"http:\/\/www.petergrau-leichtathlet.de\/wp-content\/uploads\/2017\/12\/naiv-achtzehn.jpg\"><img loading=\"lazy\" class=\"alignnone size-medium wp-image-10988\" src=\"http:\/\/www.petergrau-leichtathlet.de\/wp-content\/uploads\/2017\/12\/naiv-achtzehn-300x239.jpg\" alt=\"naiv achtzehn\" width=\"300\" height=\"239\" srcset=\"https:\/\/www.petergrau-leichtathlet.de\/wp-content\/uploads\/2017\/12\/naiv-achtzehn-300x239.jpg 300w, https:\/\/www.petergrau-leichtathlet.de\/wp-content\/uploads\/2017\/12\/naiv-achtzehn-1024x816.jpg 1024w, https:\/\/www.petergrau-leichtathlet.de\/wp-content\/uploads\/2017\/12\/naiv-achtzehn.jpg 1440w\" sizes=\"(max-width: 300px) 100vw, 300px\" \/><\/a><\/p>\n<p><strong>Fr\u00fchlingsbilder<\/strong>:<\/p>\n<p><a href=\"http:\/\/www.petergrau-leichtathlet.de\/wp-content\/uploads\/2017\/12\/naiv-neunzehn.jpg\"><img loading=\"lazy\" class=\"alignnone size-medium wp-image-10989\" src=\"http:\/\/www.petergrau-leichtathlet.de\/wp-content\/uploads\/2017\/12\/naiv-neunzehn-300x221.jpg\" alt=\"naiv neunzehn\" width=\"300\" height=\"221\" srcset=\"https:\/\/www.petergrau-leichtathlet.de\/wp-content\/uploads\/2017\/12\/naiv-neunzehn-300x221.jpg 300w, https:\/\/www.petergrau-leichtathlet.de\/wp-content\/uploads\/2017\/12\/naiv-neunzehn-1024x756.jpg 1024w, https:\/\/www.petergrau-leichtathlet.de\/wp-content\/uploads\/2017\/12\/naiv-neunzehn.jpg 1440w\" sizes=\"(max-width: 300px) 100vw, 300px\" \/><\/a> <a href=\"http:\/\/www.petergrau-leichtathlet.de\/wp-content\/uploads\/2017\/12\/naiv-zwanzig.jpg\"><img loading=\"lazy\" class=\"alignnone size-medium wp-image-10990\" src=\"http:\/\/www.petergrau-leichtathlet.de\/wp-content\/uploads\/2017\/12\/naiv-zwanzig-300x224.jpg\" alt=\"naiv zwanzig\" width=\"300\" height=\"224\" srcset=\"https:\/\/www.petergrau-leichtathlet.de\/wp-content\/uploads\/2017\/12\/naiv-zwanzig-300x224.jpg 300w, https:\/\/www.petergrau-leichtathlet.de\/wp-content\/uploads\/2017\/12\/naiv-zwanzig-1024x766.jpg 1024w, https:\/\/www.petergrau-leichtathlet.de\/wp-content\/uploads\/2017\/12\/naiv-zwanzig.jpg 1440w\" sizes=\"(max-width: 300px) 100vw, 300px\" \/><\/a> <a href=\"http:\/\/www.petergrau-leichtathlet.de\/wp-content\/uploads\/2017\/12\/naiv-einundzwanzig.jpg\"><img loading=\"lazy\" class=\"alignnone size-medium wp-image-10991\" src=\"http:\/\/www.petergrau-leichtathlet.de\/wp-content\/uploads\/2017\/12\/naiv-einundzwanzig-300x243.jpg\" alt=\"naiv einundzwanzig\" width=\"300\" height=\"243\" srcset=\"https:\/\/www.petergrau-leichtathlet.de\/wp-content\/uploads\/2017\/12\/naiv-einundzwanzig-300x243.jpg 300w, https:\/\/www.petergrau-leichtathlet.de\/wp-content\/uploads\/2017\/12\/naiv-einundzwanzig-1024x829.jpg 1024w, https:\/\/www.petergrau-leichtathlet.de\/wp-content\/uploads\/2017\/12\/naiv-einundzwanzig.jpg 1440w\" sizes=\"(max-width: 300px) 100vw, 300px\" \/><\/a> <a href=\"http:\/\/www.petergrau-leichtathlet.de\/wp-content\/uploads\/2017\/12\/naiv-zweiundzwanzig.jpg\"><img loading=\"lazy\" class=\"alignnone size-medium wp-image-10992\" src=\"http:\/\/www.petergrau-leichtathlet.de\/wp-content\/uploads\/2017\/12\/naiv-zweiundzwanzig-300x241.jpg\" alt=\"naiv zweiundzwanzig\" width=\"300\" height=\"241\" srcset=\"https:\/\/www.petergrau-leichtathlet.de\/wp-content\/uploads\/2017\/12\/naiv-zweiundzwanzig-300x241.jpg 300w, https:\/\/www.petergrau-leichtathlet.de\/wp-content\/uploads\/2017\/12\/naiv-zweiundzwanzig-1024x821.jpg 1024w, https:\/\/www.petergrau-leichtathlet.de\/wp-content\/uploads\/2017\/12\/naiv-zweiundzwanzig.jpg 1440w\" sizes=\"(max-width: 300px) 100vw, 300px\" \/><\/a><\/p>\n<p>&nbsp;<\/p>\n<p>All das, was Olaf Ulbricht schafft, stellt er auch bei Ausstellungen im In-und Ausland vor:<\/p>\n<p><a href=\"http:\/\/www.petergrau-leichtathlet.de\/wp-content\/uploads\/2017\/12\/Naiv-neun.jpg\"><img loading=\"lazy\" class=\"alignnone size-medium wp-image-10978\" src=\"http:\/\/www.petergrau-leichtathlet.de\/wp-content\/uploads\/2017\/12\/Naiv-neun-300x300.jpg\" alt=\"Naiv neun\" width=\"300\" height=\"300\" srcset=\"https:\/\/www.petergrau-leichtathlet.de\/wp-content\/uploads\/2017\/12\/Naiv-neun-300x300.jpg 300w, https:\/\/www.petergrau-leichtathlet.de\/wp-content\/uploads\/2017\/12\/Naiv-neun-150x150.jpg 150w, https:\/\/www.petergrau-leichtathlet.de\/wp-content\/uploads\/2017\/12\/Naiv-neun.jpg 960w\" sizes=\"(max-width: 300px) 100vw, 300px\" \/><\/a> <a href=\"http:\/\/www.petergrau-leichtathlet.de\/wp-content\/uploads\/2017\/12\/naiv-zehn.jpg\"><img loading=\"lazy\" class=\"alignnone size-medium wp-image-10979\" src=\"http:\/\/www.petergrau-leichtathlet.de\/wp-content\/uploads\/2017\/12\/naiv-zehn-300x300.jpg\" alt=\"naiv zehn\" width=\"300\" height=\"300\" srcset=\"https:\/\/www.petergrau-leichtathlet.de\/wp-content\/uploads\/2017\/12\/naiv-zehn-300x300.jpg 300w, https:\/\/www.petergrau-leichtathlet.de\/wp-content\/uploads\/2017\/12\/naiv-zehn-150x150.jpg 150w, https:\/\/www.petergrau-leichtathlet.de\/wp-content\/uploads\/2017\/12\/naiv-zehn.jpg 960w\" sizes=\"(max-width: 300px) 100vw, 300px\" \/><\/a><\/p>\n<p><a href=\"http:\/\/www.petergrau-leichtathlet.de\/wp-content\/uploads\/2017\/12\/Naiv-Portr\u00e4t-drei.jpg\"><img loading=\"lazy\" class=\"alignnone size-medium wp-image-10969\" src=\"http:\/\/www.petergrau-leichtathlet.de\/wp-content\/uploads\/2017\/12\/Naiv-Portr\u00e4t-drei-300x200.jpg\" alt=\"Naiv Portr\u00e4t drei\" width=\"300\" height=\"200\" srcset=\"https:\/\/www.petergrau-leichtathlet.de\/wp-content\/uploads\/2017\/12\/Naiv-Portr\u00e4t-drei-300x200.jpg 300w, https:\/\/www.petergrau-leichtathlet.de\/wp-content\/uploads\/2017\/12\/Naiv-Portr\u00e4t-drei-1024x683.jpg 1024w, https:\/\/www.petergrau-leichtathlet.de\/wp-content\/uploads\/2017\/12\/Naiv-Portr\u00e4t-drei.jpg 1888w\" sizes=\"(max-width: 300px) 100vw, 300px\" \/><\/a> <a href=\"http:\/\/www.petergrau-leichtathlet.de\/wp-content\/uploads\/2017\/12\/naiv-dreiundzwanzig.jpg\"><img loading=\"lazy\" class=\"alignnone size-medium wp-image-10993\" src=\"http:\/\/www.petergrau-leichtathlet.de\/wp-content\/uploads\/2017\/12\/naiv-dreiundzwanzig-283x300.jpg\" alt=\"naiv dreiundzwanzig\" width=\"283\" height=\"300\" srcset=\"https:\/\/www.petergrau-leichtathlet.de\/wp-content\/uploads\/2017\/12\/naiv-dreiundzwanzig-283x300.jpg 283w, https:\/\/www.petergrau-leichtathlet.de\/wp-content\/uploads\/2017\/12\/naiv-dreiundzwanzig.jpg 907w\" sizes=\"(max-width: 283px) 100vw, 283px\" \/><\/a>:<\/p>\n<p>&nbsp;<\/td>\n<td width=\"7\"><\/td>\n<\/tr>\n<\/tbody>\n<\/table>\n<\/td>\n<td width=\"64\"><\/td>\n<\/tr>\n<\/tbody>\n<\/table>\n","protected":false},"excerpt":{"rendered":"<p>Vor einigen Jahren fand ich Gefallen daran, Bilder der naiven Maler zu betrachten. Doch dann, so blieb es mir in Erinnerung, war es pl\u00f6tzlich zuende mit dem \u00dcberangebot von solchen\u00a0 Bildern, die mich vor allem wegen ihrer Farbigkeit und Schlichtheit \u00a0\u00fcberzeugten. Seit einigen Monaten habe ich nun bei Facebook viele neue Freunde aus dem Kunstbereich &hellip; <a href=\"https:\/\/www.petergrau-leichtathlet.de\/?p=10964\" class=\"more-link\"><span class=\"screen-reader-text\">Olaf Ulbricht: Ein naiver Maler erz\u00e4hlt Geschichten<\/span> weiterlesen <span class=\"meta-nav\">&rarr;<\/span><\/a><\/p>\n","protected":false},"author":1,"featured_media":0,"comment_status":"closed","ping_status":"open","sticky":false,"template":"","format":"standard","meta":[],"categories":[17],"tags":[],"_links":{"self":[{"href":"https:\/\/www.petergrau-leichtathlet.de\/index.php?rest_route=\/wp\/v2\/posts\/10964"}],"collection":[{"href":"https:\/\/www.petergrau-leichtathlet.de\/index.php?rest_route=\/wp\/v2\/posts"}],"about":[{"href":"https:\/\/www.petergrau-leichtathlet.de\/index.php?rest_route=\/wp\/v2\/types\/post"}],"author":[{"embeddable":true,"href":"https:\/\/www.petergrau-leichtathlet.de\/index.php?rest_route=\/wp\/v2\/users\/1"}],"replies":[{"embeddable":true,"href":"https:\/\/www.petergrau-leichtathlet.de\/index.php?rest_route=%2Fwp%2Fv2%2Fcomments&post=10964"}],"version-history":[{"count":4,"href":"https:\/\/www.petergrau-leichtathlet.de\/index.php?rest_route=\/wp\/v2\/posts\/10964\/revisions"}],"predecessor-version":[{"id":11002,"href":"https:\/\/www.petergrau-leichtathlet.de\/index.php?rest_route=\/wp\/v2\/posts\/10964\/revisions\/11002"}],"wp:attachment":[{"href":"https:\/\/www.petergrau-leichtathlet.de\/index.php?rest_route=%2Fwp%2Fv2%2Fmedia&parent=10964"}],"wp:term":[{"taxonomy":"category","embeddable":true,"href":"https:\/\/www.petergrau-leichtathlet.de\/index.php?rest_route=%2Fwp%2Fv2%2Fcategories&post=10964"},{"taxonomy":"post_tag","embeddable":true,"href":"https:\/\/www.petergrau-leichtathlet.de\/index.php?rest_route=%2Fwp%2Fv2%2Ftags&post=10964"}],"curies":[{"name":"wp","href":"https:\/\/api.w.org\/{rel}","templated":true}]}}