{"id":11311,"date":"2018-01-25T18:20:24","date_gmt":"2018-01-25T17:20:24","guid":{"rendered":"http:\/\/www.petergrau-leichtathlet.de\/?p=11311"},"modified":"2018-01-30T22:13:26","modified_gmt":"2018-01-30T21:13:26","slug":"ein-wiener-in-berlin-treffen-im-dussmann-kulturkaufhaus-und-im-cafe-einstein-unter-den-linden","status":"publish","type":"post","link":"https:\/\/www.petergrau-leichtathlet.de\/?p=11311","title":{"rendered":"Ein Wiener in Berlin \u2013 Treffen im Dussmann-Kulturkaufhaus und im Cafe Einstein Unter den Linden"},"content":{"rendered":"<p><a href=\"http:\/\/www.petergrau-leichtathlet.de\/wp-content\/uploads\/2018\/01\/Einstein-neunundzwanzig.jpg\"><img loading=\"lazy\" class=\"alignnone size-medium wp-image-11340\" src=\"http:\/\/www.petergrau-leichtathlet.de\/wp-content\/uploads\/2018\/01\/Einstein-neunundzwanzig-300x300.jpg\" alt=\"Einstein neunundzwanzig\" width=\"300\" height=\"300\" srcset=\"https:\/\/www.petergrau-leichtathlet.de\/wp-content\/uploads\/2018\/01\/Einstein-neunundzwanzig-300x300.jpg 300w, https:\/\/www.petergrau-leichtathlet.de\/wp-content\/uploads\/2018\/01\/Einstein-neunundzwanzig-150x150.jpg 150w, https:\/\/www.petergrau-leichtathlet.de\/wp-content\/uploads\/2018\/01\/Einstein-neunundzwanzig.jpg 960w\" sizes=\"(max-width: 300px) 100vw, 300px\" \/><\/a><\/p>\n<p><strong>Foto: Olaf Brockmann<\/strong><\/p>\n<p>Ein wenig Historie schwang schon mit \u2013 bei unserem Treffen in Berlin am 24. Januar 2018. Ich kenne meinen Wiener Journalistenkollegen <strong>Olaf Brockmann<\/strong> schon lange. Sehr lange waren wir allerdings durch die Mauer getrennt. Er lebte zun\u00e4chst in D\u00fcsseldorf, sp\u00e4ter in Wien, ich in Ostberlin.<\/p>\n<p>H\u00f6chstwahrscheinlich haben wir uns nach dem Fall der Mauer 1989 \u00a0erstmals am Rande der Leichtathletik-Weltmeisterschaften 1993 in Stuttgart gesehen. Und dann folgten viele internationale H\u00f6hepunkte der Leichtathletik, bei denen wir f\u00fcr unterschiedliche Zeitungen t\u00e4tig waren. Das brachte es dann auch mit sich, da\u00df wir nie die Zeit hatten, uns l\u00e4nger zu unterhalten, uns auszutauschen.<\/p>\n<p>Aber es ist ja nie zu sp\u00e4t. So ergriffen wir diese Gelegenheit, um uns abseits einer sportlichen Veranstaltung zu treffen.<\/p>\n<p><strong>Treff bei Dussmann<\/strong><\/p>\n<p>Olaf Brockmann flog am Vormittag in Berlin-Tegel \u00a0ein, und f\u00fcr 14 Uhr hatten wir uns im <strong>Dussmann-Kulturkaufhaus an der Friedrichstra\u00dfe v<\/strong>erabredet.<\/p>\n<p><a href=\"http:\/\/www.petergrau-leichtathlet.de\/wp-content\/uploads\/2018\/01\/Einstein-vier.jpg\"><img loading=\"lazy\" class=\"alignnone size-medium wp-image-11350\" src=\"http:\/\/www.petergrau-leichtathlet.de\/wp-content\/uploads\/2018\/01\/Einstein-vier-300x225.jpg\" alt=\"Einstein vier\" width=\"300\" height=\"225\" srcset=\"https:\/\/www.petergrau-leichtathlet.de\/wp-content\/uploads\/2018\/01\/Einstein-vier-300x225.jpg 300w, https:\/\/www.petergrau-leichtathlet.de\/wp-content\/uploads\/2018\/01\/Einstein-vier-1024x768.jpg 1024w\" sizes=\"(max-width: 300px) 100vw, 300px\" \/><\/a><\/p>\n<p>Warum gerade dort? Weil wir beide B\u00fccher m\u00f6gen. So kann man es auf eine kurze Formel bringen. Olaf hat zuhause rund 8000 B\u00fccher in seiner Bibliothek, ich um einiges weniger, aber gelesen habe ich seit meiner Jugend immer gern. Ich war sowohl in Erfurt\u00a0 als auch sp\u00e4ter in Berlin und jetzt in Neuruppin Stammgast in den Bibliotheken.<\/p>\n<p><a href=\"http:\/\/www.petergrau-leichtathlet.de\/wp-content\/uploads\/2017\/07\/Duss-einunddrei\u00dfig.jpg\"><img loading=\"lazy\" class=\"alignnone size-medium wp-image-8557\" src=\"http:\/\/www.petergrau-leichtathlet.de\/wp-content\/uploads\/2017\/07\/Duss-einunddrei\u00dfig-300x225.jpg\" alt=\"Duss einunddrei\u00dfig\" width=\"300\" height=\"225\" srcset=\"https:\/\/www.petergrau-leichtathlet.de\/wp-content\/uploads\/2017\/07\/Duss-einunddrei\u00dfig-300x225.jpg 300w, https:\/\/www.petergrau-leichtathlet.de\/wp-content\/uploads\/2017\/07\/Duss-einunddrei\u00dfig-1024x768.jpg 1024w\" sizes=\"(max-width: 300px) 100vw, 300px\" \/><\/a><\/p>\n<p>&nbsp;<\/p>\n<p>Diesmal fuhr ich nicht mit dem Zug nach Berlin, sondern mit dem Auto. Und weil mein Stamm-Parkhaus nahe <strong>der Charite<\/strong> besetzt war, suchte ich einige Zeit und fand dann einen Parkplatz im Freien in der Dorotheen-Stra\u00dfe.<\/p>\n<p><a href=\"http:\/\/www.petergrau-leichtathlet.de\/wp-content\/uploads\/2018\/01\/Einstein-zwei.jpg\"><img loading=\"lazy\" class=\"alignnone size-medium wp-image-11316\" src=\"http:\/\/www.petergrau-leichtathlet.de\/wp-content\/uploads\/2018\/01\/Einstein-zwei-300x225.jpg\" alt=\"Einstein zwei\" width=\"300\" height=\"225\" srcset=\"https:\/\/www.petergrau-leichtathlet.de\/wp-content\/uploads\/2018\/01\/Einstein-zwei-300x225.jpg 300w, https:\/\/www.petergrau-leichtathlet.de\/wp-content\/uploads\/2018\/01\/Einstein-zwei-1024x768.jpg 1024w\" sizes=\"(max-width: 300px) 100vw, 300px\" \/><\/a><\/p>\n<p>&nbsp;<\/p>\n<p>Da noch genug Zeit war, spazierte ich zun\u00e4chst in der Gegend rund um den <strong>S-Bahnhof Friedrichstra\u00dfe<\/strong> umher. Und ich merkte erneut, wieviel sich seit 1989 dort ver\u00e4ndert hat. Zeitweise f\u00fchlte ich mich recht fremd\u2026\u00a0 Aber es sind ja auch fast drei\u00dfig Jahre seitdem vergangen.<\/p>\n<p><a href=\"http:\/\/www.petergrau-leichtathlet.de\/wp-content\/uploads\/2018\/01\/Einstein-f\u00fcnf.jpg\"><img loading=\"lazy\" class=\"alignnone size-medium wp-image-11318\" src=\"http:\/\/www.petergrau-leichtathlet.de\/wp-content\/uploads\/2018\/01\/Einstein-f\u00fcnf-300x225.jpg\" alt=\"Einstein f\u00fcnf\" width=\"300\" height=\"225\" srcset=\"https:\/\/www.petergrau-leichtathlet.de\/wp-content\/uploads\/2018\/01\/Einstein-f\u00fcnf-300x225.jpg 300w, https:\/\/www.petergrau-leichtathlet.de\/wp-content\/uploads\/2018\/01\/Einstein-f\u00fcnf-1024x768.jpg 1024w\" sizes=\"(max-width: 300px) 100vw, 300px\" \/><\/a> <a href=\"http:\/\/www.petergrau-leichtathlet.de\/wp-content\/uploads\/2018\/01\/Einstein-drei.jpg\"><img loading=\"lazy\" class=\"alignnone size-medium wp-image-11317\" src=\"http:\/\/www.petergrau-leichtathlet.de\/wp-content\/uploads\/2018\/01\/Einstein-drei-300x225.jpg\" alt=\"Einstein drei\" width=\"300\" height=\"225\" srcset=\"https:\/\/www.petergrau-leichtathlet.de\/wp-content\/uploads\/2018\/01\/Einstein-drei-300x225.jpg 300w, https:\/\/www.petergrau-leichtathlet.de\/wp-content\/uploads\/2018\/01\/Einstein-drei-1024x768.jpg 1024w\" sizes=\"(max-width: 300px) 100vw, 300px\" \/><\/a> <a href=\"http:\/\/www.petergrau-leichtathlet.de\/wp-content\/uploads\/2018\/01\/Einstein-sieben.jpg\"><img loading=\"lazy\" class=\"alignnone size-medium wp-image-11320\" src=\"http:\/\/www.petergrau-leichtathlet.de\/wp-content\/uploads\/2018\/01\/Einstein-sieben-300x225.jpg\" alt=\"Einstein sieben\" width=\"300\" height=\"225\" srcset=\"https:\/\/www.petergrau-leichtathlet.de\/wp-content\/uploads\/2018\/01\/Einstein-sieben-300x225.jpg 300w, https:\/\/www.petergrau-leichtathlet.de\/wp-content\/uploads\/2018\/01\/Einstein-sieben-1024x768.jpg 1024w\" sizes=\"(max-width: 300px) 100vw, 300px\" \/><\/a> <a href=\"http:\/\/www.petergrau-leichtathlet.de\/wp-content\/uploads\/2018\/01\/Einstein-sechs.jpg\"><img loading=\"lazy\" class=\"alignnone size-medium wp-image-11319\" src=\"http:\/\/www.petergrau-leichtathlet.de\/wp-content\/uploads\/2018\/01\/Einstein-sechs-300x225.jpg\" alt=\"Einstein sechs\" width=\"300\" height=\"225\" srcset=\"https:\/\/www.petergrau-leichtathlet.de\/wp-content\/uploads\/2018\/01\/Einstein-sechs-300x225.jpg 300w, https:\/\/www.petergrau-leichtathlet.de\/wp-content\/uploads\/2018\/01\/Einstein-sechs-1024x768.jpg 1024w\" sizes=\"(max-width: 300px) 100vw, 300px\" \/><\/a> <a href=\"http:\/\/www.petergrau-leichtathlet.de\/wp-content\/uploads\/2018\/01\/Einstein-neun.jpg\"><img loading=\"lazy\" class=\"alignnone size-medium wp-image-11322\" src=\"http:\/\/www.petergrau-leichtathlet.de\/wp-content\/uploads\/2018\/01\/Einstein-neun-300x176.jpg\" alt=\"Einstein neun\" width=\"300\" height=\"176\" srcset=\"https:\/\/www.petergrau-leichtathlet.de\/wp-content\/uploads\/2018\/01\/Einstein-neun-300x176.jpg 300w, https:\/\/www.petergrau-leichtathlet.de\/wp-content\/uploads\/2018\/01\/Einstein-neun-1024x602.jpg 1024w\" sizes=\"(max-width: 300px) 100vw, 300px\" \/><\/a> <a href=\"http:\/\/www.petergrau-leichtathlet.de\/wp-content\/uploads\/2018\/01\/Einstein-zehn.jpg\"><img loading=\"lazy\" class=\"alignnone size-medium wp-image-11323\" src=\"http:\/\/www.petergrau-leichtathlet.de\/wp-content\/uploads\/2018\/01\/Einstein-zehn-300x225.jpg\" alt=\"Einstein zehn\" width=\"300\" height=\"225\" srcset=\"https:\/\/www.petergrau-leichtathlet.de\/wp-content\/uploads\/2018\/01\/Einstein-zehn-300x225.jpg 300w, https:\/\/www.petergrau-leichtathlet.de\/wp-content\/uploads\/2018\/01\/Einstein-zehn-1024x768.jpg 1024w\" sizes=\"(max-width: 300px) 100vw, 300px\" \/><\/a> <a href=\"http:\/\/www.petergrau-leichtathlet.de\/wp-content\/uploads\/2018\/01\/Einstein-elf.jpg\"><img loading=\"lazy\" class=\"alignnone size-medium wp-image-11324\" src=\"http:\/\/www.petergrau-leichtathlet.de\/wp-content\/uploads\/2018\/01\/Einstein-elf-300x177.jpg\" alt=\"Einstein elf\" width=\"300\" height=\"177\" srcset=\"https:\/\/www.petergrau-leichtathlet.de\/wp-content\/uploads\/2018\/01\/Einstein-elf-300x177.jpg 300w, https:\/\/www.petergrau-leichtathlet.de\/wp-content\/uploads\/2018\/01\/Einstein-elf-1024x604.jpg 1024w\" sizes=\"(max-width: 300px) 100vw, 300px\" \/><\/a> <a href=\"http:\/\/www.petergrau-leichtathlet.de\/wp-content\/uploads\/2018\/01\/Einstein-dreizehn.jpg\"><img loading=\"lazy\" class=\"alignnone size-medium wp-image-11326\" src=\"http:\/\/www.petergrau-leichtathlet.de\/wp-content\/uploads\/2018\/01\/Einstein-dreizehn-300x225.jpg\" alt=\"Einstein dreizehn\" width=\"300\" height=\"225\" srcset=\"https:\/\/www.petergrau-leichtathlet.de\/wp-content\/uploads\/2018\/01\/Einstein-dreizehn-300x225.jpg 300w, https:\/\/www.petergrau-leichtathlet.de\/wp-content\/uploads\/2018\/01\/Einstein-dreizehn-1024x768.jpg 1024w\" sizes=\"(max-width: 300px) 100vw, 300px\" \/><\/a><\/p>\n<p>&nbsp;<\/p>\n<p>14 Uhr ging ich dann zum <strong>Kultur-Kaufhaus Dussmann<\/strong> und dort vor dem Eingang winkte mir Olaf freundlich zu:<\/p>\n<p><a href=\"http:\/\/www.petergrau-leichtathlet.de\/wp-content\/uploads\/2018\/01\/Einstein-Olaf-vor-Dussmann.jpg\"><img loading=\"lazy\" class=\"alignnone size-medium wp-image-11360\" src=\"http:\/\/www.petergrau-leichtathlet.de\/wp-content\/uploads\/2018\/01\/Einstein-Olaf-vor-Dussmann-265x300.jpg\" alt=\"Einstein Olaf vor Dussmann\" width=\"265\" height=\"300\" srcset=\"https:\/\/www.petergrau-leichtathlet.de\/wp-content\/uploads\/2018\/01\/Einstein-Olaf-vor-Dussmann-265x300.jpg 265w, https:\/\/www.petergrau-leichtathlet.de\/wp-content\/uploads\/2018\/01\/Einstein-Olaf-vor-Dussmann-906x1024.jpg 906w\" sizes=\"(max-width: 265px) 100vw, 265px\" \/><\/a><\/p>\n<p>&nbsp;<\/p>\n<p>Er war zuvor schon am Brandenburger Tor gewesen und hatte von dort erste Fotos mitgebracht:<\/p>\n<p><a href=\"http:\/\/www.petergrau-leichtathlet.de\/wp-content\/uploads\/2018\/01\/Einstein-neunundzwanzig.jpg\"><img loading=\"lazy\" class=\"alignnone size-medium wp-image-11340\" src=\"http:\/\/www.petergrau-leichtathlet.de\/wp-content\/uploads\/2018\/01\/Einstein-neunundzwanzig-300x300.jpg\" alt=\"Einstein neunundzwanzig\" width=\"300\" height=\"300\" srcset=\"https:\/\/www.petergrau-leichtathlet.de\/wp-content\/uploads\/2018\/01\/Einstein-neunundzwanzig-300x300.jpg 300w, https:\/\/www.petergrau-leichtathlet.de\/wp-content\/uploads\/2018\/01\/Einstein-neunundzwanzig-150x150.jpg 150w, https:\/\/www.petergrau-leichtathlet.de\/wp-content\/uploads\/2018\/01\/Einstein-neunundzwanzig.jpg 960w\" sizes=\"(max-width: 300px) 100vw, 300px\" \/><\/a> <a href=\"http:\/\/www.petergrau-leichtathlet.de\/wp-content\/uploads\/2018\/01\/Einstein-einunddrei\u00dfig.jpg\"><img loading=\"lazy\" class=\"alignnone size-medium wp-image-11342\" src=\"http:\/\/www.petergrau-leichtathlet.de\/wp-content\/uploads\/2018\/01\/Einstein-einunddrei\u00dfig-300x300.jpg\" alt=\"Einstein einunddrei\u00dfig\" width=\"300\" height=\"300\" srcset=\"https:\/\/www.petergrau-leichtathlet.de\/wp-content\/uploads\/2018\/01\/Einstein-einunddrei\u00dfig-300x300.jpg 300w, https:\/\/www.petergrau-leichtathlet.de\/wp-content\/uploads\/2018\/01\/Einstein-einunddrei\u00dfig-150x150.jpg 150w, https:\/\/www.petergrau-leichtathlet.de\/wp-content\/uploads\/2018\/01\/Einstein-einunddrei\u00dfig.jpg 960w\" sizes=\"(max-width: 300px) 100vw, 300px\" \/><\/a> <a href=\"http:\/\/www.petergrau-leichtathlet.de\/wp-content\/uploads\/2018\/01\/Einstein-drei\u00dfig.jpg\"><img loading=\"lazy\" class=\"alignnone size-medium wp-image-11341\" src=\"http:\/\/www.petergrau-leichtathlet.de\/wp-content\/uploads\/2018\/01\/Einstein-drei\u00dfig-300x190.jpg\" alt=\"Einstein drei\u00dfig\" width=\"300\" height=\"190\" srcset=\"https:\/\/www.petergrau-leichtathlet.de\/wp-content\/uploads\/2018\/01\/Einstein-drei\u00dfig-300x190.jpg 300w, https:\/\/www.petergrau-leichtathlet.de\/wp-content\/uploads\/2018\/01\/Einstein-drei\u00dfig-1024x649.jpg 1024w, https:\/\/www.petergrau-leichtathlet.de\/wp-content\/uploads\/2018\/01\/Einstein-drei\u00dfig.jpg 2048w\" sizes=\"(max-width: 300px) 100vw, 300px\" \/><\/a><\/p>\n<p>&nbsp;<\/p>\n<p>Wir sind ja beide Hobby-Fotografen geworden, wobei Olaf noch einen ziemlichen Vorsprung vor mir hat.<\/p>\n<p>Doch wir wollten ja nicht nur fotografieren, sondern miteinander reden.<\/p>\n<p><a href=\"http:\/\/www.petergrau-leichtathlet.de\/wp-content\/uploads\/2018\/01\/Einstein-siebzehn.jpg\"><img loading=\"lazy\" class=\"alignnone size-medium wp-image-11328\" src=\"http:\/\/www.petergrau-leichtathlet.de\/wp-content\/uploads\/2018\/01\/Einstein-siebzehn-300x225.jpg\" alt=\"Einstein siebzehn\" width=\"300\" height=\"225\" srcset=\"https:\/\/www.petergrau-leichtathlet.de\/wp-content\/uploads\/2018\/01\/Einstein-siebzehn-300x225.jpg 300w, https:\/\/www.petergrau-leichtathlet.de\/wp-content\/uploads\/2018\/01\/Einstein-siebzehn-1024x768.jpg 1024w\" sizes=\"(max-width: 300px) 100vw, 300px\" \/><\/a><\/p>\n<p><strong>Olaf Brockmann, Wien<\/strong><\/p>\n<p>&nbsp;<\/p>\n<p>Und dazu suchten wir bei <strong>Dussmann<\/strong> ein ruhiges Eckchen und fanden es auch vor der <strong>gr\u00fcnen Wand<\/strong>.<\/p>\n<p>Was hat es mit dieser Wand, die sich \u00fcber vier Stockwerke erstreckt, auf sich? Sie bildet gewisserma\u00dfen eine gr\u00fcne Oase im Kaufhaus. Der in Paris lebende Botaniker und Gartenk\u00fcnstler Patrick Blank hat dieses tropische Pflanzenkunstwerk auf einer Wandfl\u00e4che von 270 Quadratmeter vor einigen Jahren erschaffen.<\/p>\n<p>Wir schauten w\u00e4hrend unseres Gespr\u00e4ches auf diese Wand, die eine beruhigende Wirkung aus\u00fcbt.<\/p>\n<p><a href=\"http:\/\/www.petergrau-leichtathlet.de\/wp-content\/uploads\/2017\/07\/Duss-dreiunddrei\u00dfig.jpg\"><img loading=\"lazy\" class=\"alignnone size-medium wp-image-8559\" src=\"http:\/\/www.petergrau-leichtathlet.de\/wp-content\/uploads\/2017\/07\/Duss-dreiunddrei\u00dfig-300x225.jpg\" alt=\"Duss dreiunddrei\u00dfig\" width=\"300\" height=\"225\" srcset=\"https:\/\/www.petergrau-leichtathlet.de\/wp-content\/uploads\/2017\/07\/Duss-dreiunddrei\u00dfig-300x225.jpg 300w, https:\/\/www.petergrau-leichtathlet.de\/wp-content\/uploads\/2017\/07\/Duss-dreiunddrei\u00dfig-1024x768.jpg 1024w\" sizes=\"(max-width: 300px) 100vw, 300px\" \/><\/a> <a href=\"http:\/\/www.petergrau-leichtathlet.de\/wp-content\/uploads\/2017\/07\/Duss-zweiunddrei\u00dfig.jpg\"><img loading=\"lazy\" class=\"alignnone size-medium wp-image-8558\" src=\"http:\/\/www.petergrau-leichtathlet.de\/wp-content\/uploads\/2017\/07\/Duss-zweiunddrei\u00dfig-300x225.jpg\" alt=\"Duss zweiunddrei\u00dfig\" width=\"300\" height=\"225\" srcset=\"https:\/\/www.petergrau-leichtathlet.de\/wp-content\/uploads\/2017\/07\/Duss-zweiunddrei\u00dfig-300x225.jpg 300w, https:\/\/www.petergrau-leichtathlet.de\/wp-content\/uploads\/2017\/07\/Duss-zweiunddrei\u00dfig-1024x768.jpg 1024w\" sizes=\"(max-width: 300px) 100vw, 300px\" \/><\/a><\/p>\n<p><a href=\"http:\/\/www.petergrau-leichtathlet.de\/wp-content\/uploads\/2018\/01\/Einstein-neu-Olaf-zwei.jpg\"><img loading=\"lazy\" class=\"alignnone size-medium wp-image-11466\" src=\"http:\/\/www.petergrau-leichtathlet.de\/wp-content\/uploads\/2018\/01\/Einstein-neu-Olaf-zwei-219x300.jpg\" alt=\"Einstein neu Olaf zwei\" width=\"219\" height=\"300\" srcset=\"https:\/\/www.petergrau-leichtathlet.de\/wp-content\/uploads\/2018\/01\/Einstein-neu-Olaf-zwei-219x300.jpg 219w, https:\/\/www.petergrau-leichtathlet.de\/wp-content\/uploads\/2018\/01\/Einstein-neu-Olaf-zwei.jpg 413w\" sizes=\"(max-width: 219px) 100vw, 219px\" \/><\/a>\u00a0\u00a0\u00a0\u00a0\u00a0\u00a0 <a href=\"http:\/\/www.petergrau-leichtathlet.de\/wp-content\/uploads\/2018\/01\/Peter-Dussmann-zwei.jpg\"><img loading=\"lazy\" class=\"alignnone size-medium wp-image-11461\" src=\"http:\/\/www.petergrau-leichtathlet.de\/wp-content\/uploads\/2018\/01\/Peter-Dussmann-zwei-300x300.jpg\" alt=\"Peter Dussmann zwei\" width=\"300\" height=\"300\" srcset=\"https:\/\/www.petergrau-leichtathlet.de\/wp-content\/uploads\/2018\/01\/Peter-Dussmann-zwei-300x300.jpg 300w, https:\/\/www.petergrau-leichtathlet.de\/wp-content\/uploads\/2018\/01\/Peter-Dussmann-zwei-150x150.jpg 150w, https:\/\/www.petergrau-leichtathlet.de\/wp-content\/uploads\/2018\/01\/Peter-Dussmann-zwei.jpg 960w\" sizes=\"(max-width: 300px) 100vw, 300px\" \/><\/a><\/p>\n<p><strong>Olaf Brockmann\u00a0\u00a0\u00a0\u00a0\u00a0\u00a0\u00a0\u00a0\u00a0\u00a0<\/strong>\u00a0\u00a0\u00a0\u00a0\u00a0\u00a0\u00a0\u00a0\u00a0\u00a0\u00a0\u00a0\u00a0\u00a0\u00a0\u00a0\u00a0\u00a0\u00a0\u00a0\u00a0\u00a0\u00a0\u00a0\u00a0\u00a0\u00a0\u00a0\u00a0\u00a0\u00a0\u00a0\u00a0\u00a0\u00a0\u00a0\u00a0\u00a0\u00a0\u00a0\u00a0\u00a0\u00a0\u00a0\u00a0\u00a0\u00a0\u00a0\u00a0\u00a0\u00a0\u00a0<strong>\u00a0 Peter Grau<\/strong><\/p>\n<p>Wir tauschten uns \u00a0intensiv aus. Klar war, da\u00df wir nicht unser ganzes Leben ausbreiten konnten. Olaf ist Jahrgang 1953, ich Jahrgang 1940. Da ist seitdem viel passiert. Ich habe einen ausf\u00fchrlicheren Lebenslauf auf meiner Homepage festgehalten. Olaf erz\u00e4hlte mir einiges aus seinem Leben, \u00a0und das werde ich demn\u00e4chst in einer Geschichte zum Besten geben.<\/p>\n<p>Beide waren wir mal DDR-B\u00fcrger, Olaf f\u00fcr wenige Monate, ich bis 1990. Olaf ist in Rostock geboren, ich in Erfurt. Nun trafen wir uns gewisserma\u00dfen in der Mitte, in Berlin.<\/p>\n<p>Zwei Stunden lang plauderten wir miteinander. Danach ging es hinaus an die frische Luft, an diesem Tag war es leicht fr\u00fchlingshaft. Und es war ein guter Einfall von mir, ins <strong>Cafe Einstein Unter den<\/strong> <strong>Linden<\/strong> zu gehen, rund 300 m vom Brandenburger Tor entfernt:<\/p>\n<p>Bei R\u00fcblitorte plus Schlagsahne und bei Cappucino und Kaffee lie\u00dfen wir es uns dort gut gehen.<\/p>\n<p>Danach spazierten wir gemeinsam zum Parkplatz meines Autos, und von dort nochmals an der Spree entlang, wieder am S-Bahnhof Friedrichstra\u00dfe vorbei bis zur Stra\u00dfe Unter den Linden.<\/p>\n<p><a href=\"http:\/\/www.petergrau-leichtathlet.de\/wp-content\/uploads\/2018\/01\/Einstein-einundzwanzig.jpg\"><img loading=\"lazy\" class=\"alignnone size-medium wp-image-11333\" src=\"http:\/\/www.petergrau-leichtathlet.de\/wp-content\/uploads\/2018\/01\/Einstein-einundzwanzig-300x166.jpg\" alt=\"Einstein einundzwanzig\" width=\"300\" height=\"166\" srcset=\"https:\/\/www.petergrau-leichtathlet.de\/wp-content\/uploads\/2018\/01\/Einstein-einundzwanzig-300x166.jpg 300w, https:\/\/www.petergrau-leichtathlet.de\/wp-content\/uploads\/2018\/01\/Einstein-einundzwanzig-1024x565.jpg 1024w\" sizes=\"(max-width: 300px) 100vw, 300px\" \/><\/a> <a href=\"http:\/\/www.petergrau-leichtathlet.de\/wp-content\/uploads\/2018\/01\/Einstein-dreiundzwanzig.jpg\"><img loading=\"lazy\" class=\"alignnone size-medium wp-image-11335\" src=\"http:\/\/www.petergrau-leichtathlet.de\/wp-content\/uploads\/2018\/01\/Einstein-dreiundzwanzig-300x173.jpg\" alt=\"Einstein dreiundzwanzig\" width=\"300\" height=\"173\" srcset=\"https:\/\/www.petergrau-leichtathlet.de\/wp-content\/uploads\/2018\/01\/Einstein-dreiundzwanzig-300x173.jpg 300w, https:\/\/www.petergrau-leichtathlet.de\/wp-content\/uploads\/2018\/01\/Einstein-dreiundzwanzig-1024x590.jpg 1024w\" sizes=\"(max-width: 300px) 100vw, 300px\" \/><\/a> <a href=\"http:\/\/www.petergrau-leichtathlet.de\/wp-content\/uploads\/2018\/01\/Einstein-zweiundzwanzig.jpg\"><img loading=\"lazy\" class=\"alignnone size-medium wp-image-11334\" src=\"http:\/\/www.petergrau-leichtathlet.de\/wp-content\/uploads\/2018\/01\/Einstein-zweiundzwanzig-300x151.jpg\" alt=\"Einstein zweiundzwanzig\" width=\"300\" height=\"151\" srcset=\"https:\/\/www.petergrau-leichtathlet.de\/wp-content\/uploads\/2018\/01\/Einstein-zweiundzwanzig-300x151.jpg 300w, https:\/\/www.petergrau-leichtathlet.de\/wp-content\/uploads\/2018\/01\/Einstein-zweiundzwanzig-1024x517.jpg 1024w\" sizes=\"(max-width: 300px) 100vw, 300px\" \/><\/a> <a href=\"http:\/\/www.petergrau-leichtathlet.de\/wp-content\/uploads\/2018\/01\/Einstein-vierundzwanzig.jpg\"><img loading=\"lazy\" class=\"alignnone size-medium wp-image-11336\" src=\"http:\/\/www.petergrau-leichtathlet.de\/wp-content\/uploads\/2018\/01\/Einstein-vierundzwanzig-300x187.jpg\" alt=\"Einstein vierundzwanzig\" width=\"300\" height=\"187\" srcset=\"https:\/\/www.petergrau-leichtathlet.de\/wp-content\/uploads\/2018\/01\/Einstein-vierundzwanzig-300x187.jpg 300w, https:\/\/www.petergrau-leichtathlet.de\/wp-content\/uploads\/2018\/01\/Einstein-vierundzwanzig-1024x638.jpg 1024w\" sizes=\"(max-width: 300px) 100vw, 300px\" \/><\/a> <a href=\"http:\/\/www.petergrau-leichtathlet.de\/wp-content\/uploads\/2018\/01\/Einstein-f\u00fcnfundzwanzig.jpg\"><img loading=\"lazy\" class=\"alignnone size-medium wp-image-11337\" src=\"http:\/\/www.petergrau-leichtathlet.de\/wp-content\/uploads\/2018\/01\/Einstein-f\u00fcnfundzwanzig-300x201.jpg\" alt=\"Einstein f\u00fcnfundzwanzig\" width=\"300\" height=\"201\" srcset=\"https:\/\/www.petergrau-leichtathlet.de\/wp-content\/uploads\/2018\/01\/Einstein-f\u00fcnfundzwanzig-300x201.jpg 300w, https:\/\/www.petergrau-leichtathlet.de\/wp-content\/uploads\/2018\/01\/Einstein-f\u00fcnfundzwanzig-1024x684.jpg 1024w\" sizes=\"(max-width: 300px) 100vw, 300px\" \/><\/a> <a href=\"http:\/\/www.petergrau-leichtathlet.de\/wp-content\/uploads\/2018\/01\/Einstein-sechsundzwanzig.jpg\"><img loading=\"lazy\" class=\"alignnone size-medium wp-image-11338\" src=\"http:\/\/www.petergrau-leichtathlet.de\/wp-content\/uploads\/2018\/01\/Einstein-sechsundzwanzig-300x166.jpg\" alt=\"Einstein sechsundzwanzig\" width=\"300\" height=\"166\" srcset=\"https:\/\/www.petergrau-leichtathlet.de\/wp-content\/uploads\/2018\/01\/Einstein-sechsundzwanzig-300x166.jpg 300w, https:\/\/www.petergrau-leichtathlet.de\/wp-content\/uploads\/2018\/01\/Einstein-sechsundzwanzig-1024x566.jpg 1024w\" sizes=\"(max-width: 300px) 100vw, 300px\" \/><\/a> <a href=\"http:\/\/www.petergrau-leichtathlet.de\/wp-content\/uploads\/2018\/01\/Einstein-siebenundzwanzig.jpg\"><img loading=\"lazy\" class=\"alignnone size-medium wp-image-11339\" src=\"http:\/\/www.petergrau-leichtathlet.de\/wp-content\/uploads\/2018\/01\/Einstein-siebenundzwanzig-300x179.jpg\" alt=\"Einstein siebenundzwanzig\" width=\"300\" height=\"179\" srcset=\"https:\/\/www.petergrau-leichtathlet.de\/wp-content\/uploads\/2018\/01\/Einstein-siebenundzwanzig-300x179.jpg 300w, https:\/\/www.petergrau-leichtathlet.de\/wp-content\/uploads\/2018\/01\/Einstein-siebenundzwanzig-1024x612.jpg 1024w\" sizes=\"(max-width: 300px) 100vw, 300px\" \/><\/a><\/p>\n<p>&nbsp;<\/p>\n<p>Kurz vor der Staatsbibliothek und der Humboldt-Universit\u00e4t verabschiedeten wir uns voneinander.\u00a0 Ich fuhr zur\u00fcck nach Neuruppin, Olaf wandte sich Richtung Alex, machte noch einen Abstecher zu den Hackeschen H\u00f6fen. \u00a0Wie immer lie\u00df er dabei seinem Fotoapparat keine Ruhe (weitere Fotos von Olaf Brockmann werden folgen, denn er ist ja noch zwei Tage in Berlin):<\/p>\n<p><a href=\"http:\/\/www.petergrau-leichtathlet.de\/wp-content\/uploads\/2018\/01\/Einstein-dreiunddrei\u00dfig.jpg\"><img loading=\"lazy\" class=\"alignnone size-medium wp-image-11344\" src=\"http:\/\/www.petergrau-leichtathlet.de\/wp-content\/uploads\/2018\/01\/Einstein-dreiunddrei\u00dfig-300x179.jpg\" alt=\"Einstein dreiunddrei\u00dfig\" width=\"300\" height=\"179\" srcset=\"https:\/\/www.petergrau-leichtathlet.de\/wp-content\/uploads\/2018\/01\/Einstein-dreiunddrei\u00dfig-300x179.jpg 300w, https:\/\/www.petergrau-leichtathlet.de\/wp-content\/uploads\/2018\/01\/Einstein-dreiunddrei\u00dfig-1024x610.jpg 1024w, https:\/\/www.petergrau-leichtathlet.de\/wp-content\/uploads\/2018\/01\/Einstein-dreiunddrei\u00dfig.jpg 2048w\" sizes=\"(max-width: 300px) 100vw, 300px\" \/><\/a> <a href=\"http:\/\/www.petergrau-leichtathlet.de\/wp-content\/uploads\/2018\/01\/Einstein-vierunddrei\u00dfig.jpg\"><img loading=\"lazy\" class=\"alignnone size-medium wp-image-11345\" src=\"http:\/\/www.petergrau-leichtathlet.de\/wp-content\/uploads\/2018\/01\/Einstein-vierunddrei\u00dfig-300x300.jpg\" alt=\"Einstein vierunddrei\u00dfig\" width=\"300\" height=\"300\" srcset=\"https:\/\/www.petergrau-leichtathlet.de\/wp-content\/uploads\/2018\/01\/Einstein-vierunddrei\u00dfig-300x300.jpg 300w, https:\/\/www.petergrau-leichtathlet.de\/wp-content\/uploads\/2018\/01\/Einstein-vierunddrei\u00dfig-150x150.jpg 150w, https:\/\/www.petergrau-leichtathlet.de\/wp-content\/uploads\/2018\/01\/Einstein-vierunddrei\u00dfig.jpg 959w\" sizes=\"(max-width: 300px) 100vw, 300px\" \/><\/a> <a href=\"http:\/\/www.petergrau-leichtathlet.de\/wp-content\/uploads\/2018\/01\/Einstein-f\u00fcnfundrei\u00dfig.jpg\"><img loading=\"lazy\" class=\"alignnone size-medium wp-image-11346\" src=\"http:\/\/www.petergrau-leichtathlet.de\/wp-content\/uploads\/2018\/01\/Einstein-f\u00fcnfundrei\u00dfig-300x268.jpg\" alt=\"Einstein f\u00fcnfundrei\u00dfig\" width=\"300\" height=\"268\" srcset=\"https:\/\/www.petergrau-leichtathlet.de\/wp-content\/uploads\/2018\/01\/Einstein-f\u00fcnfundrei\u00dfig-300x268.jpg 300w, https:\/\/www.petergrau-leichtathlet.de\/wp-content\/uploads\/2018\/01\/Einstein-f\u00fcnfundrei\u00dfig.jpg 960w\" sizes=\"(max-width: 300px) 100vw, 300px\" \/><\/a> <a href=\"http:\/\/www.petergrau-leichtathlet.de\/wp-content\/uploads\/2018\/01\/Einstein-sechsunddrei\u00dfig.jpg\"><img loading=\"lazy\" class=\"alignnone size-medium wp-image-11347\" src=\"http:\/\/www.petergrau-leichtathlet.de\/wp-content\/uploads\/2018\/01\/Einstein-sechsunddrei\u00dfig-300x173.jpg\" alt=\"Einstein sechsunddrei\u00dfig\" width=\"300\" height=\"173\" srcset=\"https:\/\/www.petergrau-leichtathlet.de\/wp-content\/uploads\/2018\/01\/Einstein-sechsunddrei\u00dfig-300x173.jpg 300w, https:\/\/www.petergrau-leichtathlet.de\/wp-content\/uploads\/2018\/01\/Einstein-sechsunddrei\u00dfig-1024x590.jpg 1024w, https:\/\/www.petergrau-leichtathlet.de\/wp-content\/uploads\/2018\/01\/Einstein-sechsunddrei\u00dfig.jpg 2048w\" sizes=\"(max-width: 300px) 100vw, 300px\" \/><\/a> <a href=\"http:\/\/www.petergrau-leichtathlet.de\/wp-content\/uploads\/2018\/01\/Einstein-zweiunddrei\u00dfig.jpg\"><img loading=\"lazy\" class=\"alignnone size-medium wp-image-11343\" src=\"http:\/\/www.petergrau-leichtathlet.de\/wp-content\/uploads\/2018\/01\/Einstein-zweiunddrei\u00dfig-300x194.jpg\" alt=\"Einstein zweiunddrei\u00dfig\" width=\"300\" height=\"194\" srcset=\"https:\/\/www.petergrau-leichtathlet.de\/wp-content\/uploads\/2018\/01\/Einstein-zweiunddrei\u00dfig-300x194.jpg 300w, https:\/\/www.petergrau-leichtathlet.de\/wp-content\/uploads\/2018\/01\/Einstein-zweiunddrei\u00dfig-1024x661.jpg 1024w, https:\/\/www.petergrau-leichtathlet.de\/wp-content\/uploads\/2018\/01\/Einstein-zweiunddrei\u00dfig.jpg 2048w\" sizes=\"(max-width: 300px) 100vw, 300px\" \/><\/a> <a href=\"http:\/\/www.petergrau-leichtathlet.de\/wp-content\/uploads\/2018\/01\/Einstein-achtunddrei\u00dfig.jpg\"><img loading=\"lazy\" class=\"alignnone size-medium wp-image-11349\" src=\"http:\/\/www.petergrau-leichtathlet.de\/wp-content\/uploads\/2018\/01\/Einstein-achtunddrei\u00dfig-300x192.jpg\" alt=\"Einstein achtunddrei\u00dfig\" width=\"300\" height=\"192\" srcset=\"https:\/\/www.petergrau-leichtathlet.de\/wp-content\/uploads\/2018\/01\/Einstein-achtunddrei\u00dfig-300x192.jpg 300w, https:\/\/www.petergrau-leichtathlet.de\/wp-content\/uploads\/2018\/01\/Einstein-achtunddrei\u00dfig-1024x655.jpg 1024w, https:\/\/www.petergrau-leichtathlet.de\/wp-content\/uploads\/2018\/01\/Einstein-achtunddrei\u00dfig.jpg 2048w\" sizes=\"(max-width: 300px) 100vw, 300px\" \/><\/a> <a href=\"http:\/\/www.petergrau-leichtathlet.de\/wp-content\/uploads\/2018\/01\/Einstein-siebenunddrei\u00dfig.jpg\"><img loading=\"lazy\" class=\"alignnone size-medium wp-image-11348\" src=\"http:\/\/www.petergrau-leichtathlet.de\/wp-content\/uploads\/2018\/01\/Einstein-siebenunddrei\u00dfig-300x199.jpg\" alt=\"Einstein siebenunddrei\u00dfig\" width=\"300\" height=\"199\" srcset=\"https:\/\/www.petergrau-leichtathlet.de\/wp-content\/uploads\/2018\/01\/Einstein-siebenunddrei\u00dfig-300x199.jpg 300w, https:\/\/www.petergrau-leichtathlet.de\/wp-content\/uploads\/2018\/01\/Einstein-siebenunddrei\u00dfig-1024x680.jpg 1024w, https:\/\/www.petergrau-leichtathlet.de\/wp-content\/uploads\/2018\/01\/Einstein-siebenunddrei\u00dfig.jpg 2048w\" sizes=\"(max-width: 300px) 100vw, 300px\" \/><\/a><\/p>\n<p>Bleiben aber wird uns beiden die Erinnerung an dieses Treffen, das mehr als ein Wiedersehen war.<\/p>\n<p><strong>Peter Grau<\/strong><\/p>\n<p>(Fotos: Olaf Brockmann und Peter Grau)<\/p>\n","protected":false},"excerpt":{"rendered":"<p>Foto: Olaf Brockmann Ein wenig Historie schwang schon mit \u2013 bei unserem Treffen in Berlin am 24. Januar 2018. Ich kenne meinen Wiener Journalistenkollegen Olaf Brockmann schon lange. Sehr lange waren wir allerdings durch die Mauer getrennt. Er lebte zun\u00e4chst in D\u00fcsseldorf, sp\u00e4ter in Wien, ich in Ostberlin. H\u00f6chstwahrscheinlich haben wir uns nach dem Fall &hellip; <a href=\"https:\/\/www.petergrau-leichtathlet.de\/?p=11311\" class=\"more-link\"><span class=\"screen-reader-text\">Ein Wiener in Berlin \u2013 Treffen im Dussmann-Kulturkaufhaus und im Cafe Einstein Unter den Linden<\/span> weiterlesen <span class=\"meta-nav\">&rarr;<\/span><\/a><\/p>\n","protected":false},"author":1,"featured_media":0,"comment_status":"closed","ping_status":"open","sticky":false,"template":"","format":"standard","meta":[],"categories":[18,5],"tags":[],"_links":{"self":[{"href":"https:\/\/www.petergrau-leichtathlet.de\/index.php?rest_route=\/wp\/v2\/posts\/11311"}],"collection":[{"href":"https:\/\/www.petergrau-leichtathlet.de\/index.php?rest_route=\/wp\/v2\/posts"}],"about":[{"href":"https:\/\/www.petergrau-leichtathlet.de\/index.php?rest_route=\/wp\/v2\/types\/post"}],"author":[{"embeddable":true,"href":"https:\/\/www.petergrau-leichtathlet.de\/index.php?rest_route=\/wp\/v2\/users\/1"}],"replies":[{"embeddable":true,"href":"https:\/\/www.petergrau-leichtathlet.de\/index.php?rest_route=%2Fwp%2Fv2%2Fcomments&post=11311"}],"version-history":[{"count":11,"href":"https:\/\/www.petergrau-leichtathlet.de\/index.php?rest_route=\/wp\/v2\/posts\/11311\/revisions"}],"predecessor-version":[{"id":11468,"href":"https:\/\/www.petergrau-leichtathlet.de\/index.php?rest_route=\/wp\/v2\/posts\/11311\/revisions\/11468"}],"wp:attachment":[{"href":"https:\/\/www.petergrau-leichtathlet.de\/index.php?rest_route=%2Fwp%2Fv2%2Fmedia&parent=11311"}],"wp:term":[{"taxonomy":"category","embeddable":true,"href":"https:\/\/www.petergrau-leichtathlet.de\/index.php?rest_route=%2Fwp%2Fv2%2Fcategories&post=11311"},{"taxonomy":"post_tag","embeddable":true,"href":"https:\/\/www.petergrau-leichtathlet.de\/index.php?rest_route=%2Fwp%2Fv2%2Ftags&post=11311"}],"curies":[{"name":"wp","href":"https:\/\/api.w.org\/{rel}","templated":true}]}}