{"id":12218,"date":"2018-04-03T14:56:23","date_gmt":"2018-04-03T12:56:23","guid":{"rendered":"http:\/\/www.petergrau-leichtathlet.de\/?p=12218"},"modified":"2018-04-03T14:56:23","modified_gmt":"2018-04-03T12:56:23","slug":"ein-besuch-im-schloss-rheinsberg","status":"publish","type":"post","link":"https:\/\/www.petergrau-leichtathlet.de\/?p=12218","title":{"rendered":"Ein Besuch im Schlo\u00df Rheinsberg"},"content":{"rendered":"<p>Kultur und Geburtstag ist f\u00fcr mich eine sehr gute Kombination. Und so hielt ich es auch an diesem \u00a021. M\u00e4rz 2018.<\/p>\n<p>Ziel \u00a0ist f\u00fcr uns die etwa 30 km n\u00f6rdlich von Neuruppin gelegene Gemeinde <strong>Rheinsberg<\/strong>.\u00a0 Der Hauptanziehungspunkt ist dort das Schlo\u00df.<\/p>\n<p><a href=\"http:\/\/www.petergrau-leichtathlet.de\/wp-content\/uploads\/2018\/03\/Rheinsberg-neun.jpg\"><img loading=\"lazy\" class=\"alignnone size-medium wp-image-12181\" src=\"http:\/\/www.petergrau-leichtathlet.de\/wp-content\/uploads\/2018\/03\/Rheinsberg-neun-300x202.jpg\" alt=\"Rheinsberg neun\" width=\"300\" height=\"202\" srcset=\"https:\/\/www.petergrau-leichtathlet.de\/wp-content\/uploads\/2018\/03\/Rheinsberg-neun-300x202.jpg 300w, https:\/\/www.petergrau-leichtathlet.de\/wp-content\/uploads\/2018\/03\/Rheinsberg-neun-1024x691.jpg 1024w\" sizes=\"(max-width: 300px) 100vw, 300px\" \/><\/a><\/p>\n<p>Vorab lesen wir uns ein wenig kundig:<\/p>\n<p>Das malerisch am Ufer des Grienericksees gelegene <strong>Schlo\u00df Rheinsberg<\/strong> war von 1736 bis 1740 die Kronprinzenresidenz des sp\u00e4teren preu\u00dfischen K\u00f6nigs Friedrich des Gro\u00dfen. Friedrich Wilhelm I. erwarb den Landsitz f\u00fcr seinen \u00e4ltesten Sohn im Jahr 1734 nach dessen Heirat mit Elisabeth Christine von Braunschweig-Bevern. Georg Wenzeslaus von Knobelsdorff erweiterte das Geb\u00e4ude zu einer Dreifl\u00fcgelanlage und gestaltete die Innenr\u00e4ume im Stil des fr\u00fchen Rokoko. Der Kronprinz schuf hier einen Musenhof, an dem er sich fernab von Berlin seinen philosophischen, literarischen und musischen Interessen widmen konnte.<br \/>\nNach seinem Regierungsantritt schenkte Friedrich das Schlo\u00df seinem Bruder Heinrich. Der Prinz, ein Diplomat von europ\u00e4ischem Rang, f\u00fchrte die Tradition des Musenhofes ab 1752 glanzvoll fort. Der friderizianische Park wurde erweitert und zu einem der fr\u00fchesten empfindsamen Landschaftsg\u00e4rten Deutschlands umgestaltet.<br \/>\nDie Umbauten, die Heinrich \u00fcber ein halbes Jahrhundert hinweg an seiner Residenz vornahm, fanden mit der Einrichtung der Parader\u00e4ume und der Sommerwohnung als fr\u00fchklassizistische Raumkunstwerke einen kr\u00f6nenden Abschlu\u00df. Aus der Kronprinzenzeit Friedrichs hat sich unter anderem der prachtvolle <strong>Spiegelsaal<\/strong> erhalten:<\/p>\n<p><a href=\"http:\/\/www.petergrau-leichtathlet.de\/wp-content\/uploads\/2018\/03\/Rheinsberg-f\u00fcnfundzwanzig.jpg\"><img loading=\"lazy\" class=\"alignnone size-medium wp-image-12220\" src=\"http:\/\/www.petergrau-leichtathlet.de\/wp-content\/uploads\/2018\/03\/Rheinsberg-f\u00fcnfundzwanzig-300x225.jpg\" alt=\"Rheinsberg f\u00fcnfundzwanzig\" width=\"300\" height=\"225\" srcset=\"https:\/\/www.petergrau-leichtathlet.de\/wp-content\/uploads\/2018\/03\/Rheinsberg-f\u00fcnfundzwanzig-300x225.jpg 300w, https:\/\/www.petergrau-leichtathlet.de\/wp-content\/uploads\/2018\/03\/Rheinsberg-f\u00fcnfundzwanzig-1024x768.jpg 1024w\" sizes=\"(max-width: 300px) 100vw, 300px\" \/><\/a><\/p>\n<p>Soweit einige geschichtliche\u00a0 Bez\u00fcge.<\/p>\n<p><strong>Die Sonne lacht<\/strong><\/p>\n<p>F\u00fcr unseren Besuch haben wir Sonnenschein bestellt und Petrus erf\u00fcllt den Wunsch. \u00a0Schnee und Sonnenschein bilden einen interessanten Kontrast:<\/p>\n<p><a href=\"http:\/\/www.petergrau-leichtathlet.de\/wp-content\/uploads\/2018\/03\/Rheinsberg-eins.jpg\"><img loading=\"lazy\" class=\"alignnone size-medium wp-image-12173\" src=\"http:\/\/www.petergrau-leichtathlet.de\/wp-content\/uploads\/2018\/03\/Rheinsberg-eins-300x225.jpg\" alt=\"Rheinsberg eins\" width=\"300\" height=\"225\" srcset=\"https:\/\/www.petergrau-leichtathlet.de\/wp-content\/uploads\/2018\/03\/Rheinsberg-eins-300x225.jpg 300w, https:\/\/www.petergrau-leichtathlet.de\/wp-content\/uploads\/2018\/03\/Rheinsberg-eins-1024x768.jpg 1024w\" sizes=\"(max-width: 300px) 100vw, 300px\" \/><\/a> <a href=\"http:\/\/www.petergrau-leichtathlet.de\/wp-content\/uploads\/2018\/03\/Rheinsberg-zwei.jpg\"><img loading=\"lazy\" class=\"alignnone size-medium wp-image-12174\" src=\"http:\/\/www.petergrau-leichtathlet.de\/wp-content\/uploads\/2018\/03\/Rheinsberg-zwei-300x225.jpg\" alt=\"Rheinsberg zwei\" width=\"300\" height=\"225\" srcset=\"https:\/\/www.petergrau-leichtathlet.de\/wp-content\/uploads\/2018\/03\/Rheinsberg-zwei-300x225.jpg 300w, https:\/\/www.petergrau-leichtathlet.de\/wp-content\/uploads\/2018\/03\/Rheinsberg-zwei-1024x768.jpg 1024w\" sizes=\"(max-width: 300px) 100vw, 300px\" \/><\/a> <a href=\"http:\/\/www.petergrau-leichtathlet.de\/wp-content\/uploads\/2018\/03\/Rheinsberg-f\u00fcnf.jpg\"><img loading=\"lazy\" class=\"alignnone size-medium wp-image-12177\" src=\"http:\/\/www.petergrau-leichtathlet.de\/wp-content\/uploads\/2018\/03\/Rheinsberg-f\u00fcnf-300x225.jpg\" alt=\"Rheinsberg f\u00fcnf\" width=\"300\" height=\"225\" srcset=\"https:\/\/www.petergrau-leichtathlet.de\/wp-content\/uploads\/2018\/03\/Rheinsberg-f\u00fcnf-300x225.jpg 300w, https:\/\/www.petergrau-leichtathlet.de\/wp-content\/uploads\/2018\/03\/Rheinsberg-f\u00fcnf-1024x768.jpg 1024w\" sizes=\"(max-width: 300px) 100vw, 300px\" \/><\/a><\/p>\n<p>&nbsp;<\/p>\n<p>Und noch bevor wir das Schlo\u00df erreichen,\u00a0 haben wir eine kurze Begegnung mit einem <strong>Eichh\u00f6rnchen.<\/strong><\/p>\n<p><a href=\"http:\/\/www.petergrau-leichtathlet.de\/wp-content\/uploads\/2018\/03\/Rheinsberg-drei.jpg\"><img loading=\"lazy\" class=\"alignnone size-medium wp-image-12175\" src=\"http:\/\/www.petergrau-leichtathlet.de\/wp-content\/uploads\/2018\/03\/Rheinsberg-drei-300x225.jpg\" alt=\"Rheinsberg drei\" width=\"300\" height=\"225\" srcset=\"https:\/\/www.petergrau-leichtathlet.de\/wp-content\/uploads\/2018\/03\/Rheinsberg-drei-300x225.jpg 300w, https:\/\/www.petergrau-leichtathlet.de\/wp-content\/uploads\/2018\/03\/Rheinsberg-drei-1024x768.jpg 1024w\" sizes=\"(max-width: 300px) 100vw, 300px\" \/><\/a> <a href=\"http:\/\/www.petergrau-leichtathlet.de\/wp-content\/uploads\/2018\/03\/Rheinsberg-vier-Eichh\u00f6rnchen.jpg\"><img loading=\"lazy\" class=\"alignnone size-medium wp-image-12176\" src=\"http:\/\/www.petergrau-leichtathlet.de\/wp-content\/uploads\/2018\/03\/Rheinsberg-vier-Eichh\u00f6rnchen-300x225.jpg\" alt=\"Rheinsberg vier Eichh\u00f6rnchen\" width=\"300\" height=\"225\" srcset=\"https:\/\/www.petergrau-leichtathlet.de\/wp-content\/uploads\/2018\/03\/Rheinsberg-vier-Eichh\u00f6rnchen-300x225.jpg 300w, https:\/\/www.petergrau-leichtathlet.de\/wp-content\/uploads\/2018\/03\/Rheinsberg-vier-Eichh\u00f6rnchen-1024x768.jpg 1024w\" sizes=\"(max-width: 300px) 100vw, 300px\" \/><\/a><\/p>\n<p>&nbsp;<\/p>\n<p>Dann aber spazieren wir weiter Richtung Schlo\u00df, schauen auf den Grienericksee:<\/p>\n<p><a href=\"http:\/\/www.petergrau-leichtathlet.de\/wp-content\/uploads\/2018\/03\/Rheinsberg-acht.jpg\"><img loading=\"lazy\" class=\"alignnone size-medium wp-image-12180\" src=\"http:\/\/www.petergrau-leichtathlet.de\/wp-content\/uploads\/2018\/03\/Rheinsberg-acht-300x233.jpg\" alt=\"Rheinsberg acht\" width=\"300\" height=\"233\" srcset=\"https:\/\/www.petergrau-leichtathlet.de\/wp-content\/uploads\/2018\/03\/Rheinsberg-acht-300x233.jpg 300w, https:\/\/www.petergrau-leichtathlet.de\/wp-content\/uploads\/2018\/03\/Rheinsberg-acht-1024x796.jpg 1024w\" sizes=\"(max-width: 300px) 100vw, 300px\" \/><\/a> <a href=\"http:\/\/www.petergrau-leichtathlet.de\/wp-content\/uploads\/2018\/03\/Rheinsberg-sieben.jpg\"><img loading=\"lazy\" class=\"alignnone size-medium wp-image-12179\" src=\"http:\/\/www.petergrau-leichtathlet.de\/wp-content\/uploads\/2018\/03\/Rheinsberg-sieben-300x225.jpg\" alt=\"Rheinsberg sieben\" width=\"300\" height=\"225\" srcset=\"https:\/\/www.petergrau-leichtathlet.de\/wp-content\/uploads\/2018\/03\/Rheinsberg-sieben-300x225.jpg 300w, https:\/\/www.petergrau-leichtathlet.de\/wp-content\/uploads\/2018\/03\/Rheinsberg-sieben-1024x768.jpg 1024w\" sizes=\"(max-width: 300px) 100vw, 300px\" \/><\/a> <a href=\"http:\/\/www.petergrau-leichtathlet.de\/wp-content\/uploads\/2018\/03\/Rheinsberg-sechs.jpg\"><img loading=\"lazy\" class=\"alignnone size-medium wp-image-12178\" src=\"http:\/\/www.petergrau-leichtathlet.de\/wp-content\/uploads\/2018\/03\/Rheinsberg-sechs-300x225.jpg\" alt=\"Rheinsberg sechs\" width=\"300\" height=\"225\" srcset=\"https:\/\/www.petergrau-leichtathlet.de\/wp-content\/uploads\/2018\/03\/Rheinsberg-sechs-300x225.jpg 300w, https:\/\/www.petergrau-leichtathlet.de\/wp-content\/uploads\/2018\/03\/Rheinsberg-sechs-1024x768.jpg 1024w\" sizes=\"(max-width: 300px) 100vw, 300px\" \/><\/a> <a href=\"http:\/\/www.petergrau-leichtathlet.de\/wp-content\/uploads\/2018\/03\/Rheinsberg-zehn.jpg\"><img loading=\"lazy\" class=\"alignnone size-medium wp-image-12182\" src=\"http:\/\/www.petergrau-leichtathlet.de\/wp-content\/uploads\/2018\/03\/Rheinsberg-zehn-300x187.jpg\" alt=\"Rheinsberg zehn\" width=\"300\" height=\"187\" srcset=\"https:\/\/www.petergrau-leichtathlet.de\/wp-content\/uploads\/2018\/03\/Rheinsberg-zehn-300x187.jpg 300w, https:\/\/www.petergrau-leichtathlet.de\/wp-content\/uploads\/2018\/03\/Rheinsberg-zehn-1024x639.jpg 1024w\" sizes=\"(max-width: 300px) 100vw, 300px\" \/><\/a> <a href=\"http:\/\/www.petergrau-leichtathlet.de\/wp-content\/uploads\/2018\/03\/Rheinsberg-elf.jpg\"><img loading=\"lazy\" class=\"alignnone size-medium wp-image-12183\" src=\"http:\/\/www.petergrau-leichtathlet.de\/wp-content\/uploads\/2018\/03\/Rheinsberg-elf-300x225.jpg\" alt=\"Rheinsberg elf\" width=\"300\" height=\"225\" srcset=\"https:\/\/www.petergrau-leichtathlet.de\/wp-content\/uploads\/2018\/03\/Rheinsberg-elf-300x225.jpg 300w, https:\/\/www.petergrau-leichtathlet.de\/wp-content\/uploads\/2018\/03\/Rheinsberg-elf-1024x768.jpg 1024w\" sizes=\"(max-width: 300px) 100vw, 300px\" \/><\/a><\/p>\n<p>&nbsp;<\/p>\n<p>Weil unsere F\u00fchrung durch das Schlo\u00df erst um 12 Uhr beginnt, erkunden wir weiter das Umfeld:<\/p>\n<p><a href=\"http:\/\/www.petergrau-leichtathlet.de\/wp-content\/uploads\/2018\/03\/Rheinsberg-zw\u00f6lf.jpg\"><img loading=\"lazy\" class=\"alignnone size-medium wp-image-12184\" src=\"http:\/\/www.petergrau-leichtathlet.de\/wp-content\/uploads\/2018\/03\/Rheinsberg-zw\u00f6lf-300x189.jpg\" alt=\"Rheinsberg zw\u00f6lf\" width=\"300\" height=\"189\" srcset=\"https:\/\/www.petergrau-leichtathlet.de\/wp-content\/uploads\/2018\/03\/Rheinsberg-zw\u00f6lf-300x189.jpg 300w, https:\/\/www.petergrau-leichtathlet.de\/wp-content\/uploads\/2018\/03\/Rheinsberg-zw\u00f6lf-1024x644.jpg 1024w\" sizes=\"(max-width: 300px) 100vw, 300px\" \/><\/a> <a href=\"http:\/\/www.petergrau-leichtathlet.de\/wp-content\/uploads\/2018\/03\/Rheinsberg-dreizehn.jpg\"><img loading=\"lazy\" class=\"alignnone size-medium wp-image-12185\" src=\"http:\/\/www.petergrau-leichtathlet.de\/wp-content\/uploads\/2018\/03\/Rheinsberg-dreizehn-300x225.jpg\" alt=\"Rheinsberg dreizehn\" width=\"300\" height=\"225\" srcset=\"https:\/\/www.petergrau-leichtathlet.de\/wp-content\/uploads\/2018\/03\/Rheinsberg-dreizehn-300x225.jpg 300w, https:\/\/www.petergrau-leichtathlet.de\/wp-content\/uploads\/2018\/03\/Rheinsberg-dreizehn-1024x768.jpg 1024w\" sizes=\"(max-width: 300px) 100vw, 300px\" \/><\/a> <a href=\"http:\/\/www.petergrau-leichtathlet.de\/wp-content\/uploads\/2018\/03\/Rheinsberg-vierzehn.jpg\"><img loading=\"lazy\" class=\"alignnone size-medium wp-image-12186\" src=\"http:\/\/www.petergrau-leichtathlet.de\/wp-content\/uploads\/2018\/03\/Rheinsberg-vierzehn-300x225.jpg\" alt=\"Rheinsberg vierzehn\" width=\"300\" height=\"225\" srcset=\"https:\/\/www.petergrau-leichtathlet.de\/wp-content\/uploads\/2018\/03\/Rheinsberg-vierzehn-300x225.jpg 300w, https:\/\/www.petergrau-leichtathlet.de\/wp-content\/uploads\/2018\/03\/Rheinsberg-vierzehn-1024x768.jpg 1024w\" sizes=\"(max-width: 300px) 100vw, 300px\" \/><\/a> <a href=\"http:\/\/www.petergrau-leichtathlet.de\/wp-content\/uploads\/2018\/03\/Rheinsberg-sechszehn.jpg\"><img loading=\"lazy\" class=\"alignnone size-medium wp-image-12187\" src=\"http:\/\/www.petergrau-leichtathlet.de\/wp-content\/uploads\/2018\/03\/Rheinsberg-sechszehn-300x225.jpg\" alt=\"Rheinsberg sechszehn\" width=\"300\" height=\"225\" srcset=\"https:\/\/www.petergrau-leichtathlet.de\/wp-content\/uploads\/2018\/03\/Rheinsberg-sechszehn-300x225.jpg 300w, https:\/\/www.petergrau-leichtathlet.de\/wp-content\/uploads\/2018\/03\/Rheinsberg-sechszehn-1024x768.jpg 1024w\" sizes=\"(max-width: 300px) 100vw, 300px\" \/><\/a><\/p>\n<p>Dann aber schlie\u00dfen wir uns 15 Leuten an und lassen uns die Sch\u00f6nheiten des Schlosses von der Fremdenf\u00fchrerin\u00a0 erl\u00e4utern.<\/p>\n<p>Zu schauen gibt es sehr viel. Hier nur ein kurzer Eindruck:<\/p>\n<p><a href=\"http:\/\/www.petergrau-leichtathlet.de\/wp-content\/uploads\/2018\/03\/Rheinsberg-f\u00fcnfunddrei\u00dfig.jpg\"><img loading=\"lazy\" class=\"alignnone size-medium wp-image-12230\" src=\"http:\/\/www.petergrau-leichtathlet.de\/wp-content\/uploads\/2018\/03\/Rheinsberg-f\u00fcnfunddrei\u00dfig-300x225.jpg\" alt=\"Rheinsberg f\u00fcnfunddrei\u00dfig\" width=\"300\" height=\"225\" srcset=\"https:\/\/www.petergrau-leichtathlet.de\/wp-content\/uploads\/2018\/03\/Rheinsberg-f\u00fcnfunddrei\u00dfig-300x225.jpg 300w, https:\/\/www.petergrau-leichtathlet.de\/wp-content\/uploads\/2018\/03\/Rheinsberg-f\u00fcnfunddrei\u00dfig-1024x768.jpg 1024w\" sizes=\"(max-width: 300px) 100vw, 300px\" \/><\/a> <a href=\"http:\/\/www.petergrau-leichtathlet.de\/wp-content\/uploads\/2018\/03\/Rheinsberg-dreiunddrei\u00dfig.jpg\"><img loading=\"lazy\" class=\"alignnone size-medium wp-image-12228\" src=\"http:\/\/www.petergrau-leichtathlet.de\/wp-content\/uploads\/2018\/03\/Rheinsberg-dreiunddrei\u00dfig-300x225.jpg\" alt=\"Rheinsberg dreiunddrei\u00dfig\" width=\"300\" height=\"225\" srcset=\"https:\/\/www.petergrau-leichtathlet.de\/wp-content\/uploads\/2018\/03\/Rheinsberg-dreiunddrei\u00dfig-300x225.jpg 300w, https:\/\/www.petergrau-leichtathlet.de\/wp-content\/uploads\/2018\/03\/Rheinsberg-dreiunddrei\u00dfig-1024x768.jpg 1024w\" sizes=\"(max-width: 300px) 100vw, 300px\" \/><\/a><\/p>\n<p><a href=\"http:\/\/www.petergrau-leichtathlet.de\/wp-content\/uploads\/2018\/03\/Rheinsberg-f\u00fcnfzig.jpg\"><img loading=\"lazy\" class=\"alignnone size-medium wp-image-12244\" src=\"http:\/\/www.petergrau-leichtathlet.de\/wp-content\/uploads\/2018\/03\/Rheinsberg-f\u00fcnfzig-300x225.jpg\" alt=\"Rheinsberg f\u00fcnfzig\" width=\"300\" height=\"225\" srcset=\"https:\/\/www.petergrau-leichtathlet.de\/wp-content\/uploads\/2018\/03\/Rheinsberg-f\u00fcnfzig-300x225.jpg 300w, https:\/\/www.petergrau-leichtathlet.de\/wp-content\/uploads\/2018\/03\/Rheinsberg-f\u00fcnfzig-1024x768.jpg 1024w\" sizes=\"(max-width: 300px) 100vw, 300px\" \/><\/a> <a href=\"http:\/\/www.petergrau-leichtathlet.de\/wp-content\/uploads\/2018\/03\/Rheinsberg-dreiundvierzig.jpg\"><img loading=\"lazy\" class=\"alignnone size-medium wp-image-12238\" src=\"http:\/\/www.petergrau-leichtathlet.de\/wp-content\/uploads\/2018\/03\/Rheinsberg-dreiundvierzig-300x225.jpg\" alt=\"Rheinsberg dreiundvierzig\" width=\"300\" height=\"225\" srcset=\"https:\/\/www.petergrau-leichtathlet.de\/wp-content\/uploads\/2018\/03\/Rheinsberg-dreiundvierzig-300x225.jpg 300w, https:\/\/www.petergrau-leichtathlet.de\/wp-content\/uploads\/2018\/03\/Rheinsberg-dreiundvierzig-1024x768.jpg 1024w\" sizes=\"(max-width: 300px) 100vw, 300px\" \/><\/a> <a href=\"http:\/\/www.petergrau-leichtathlet.de\/wp-content\/uploads\/2018\/03\/Rheinsberg-siebenunddrei\u00dfig.jpg\"><img loading=\"lazy\" class=\"alignnone size-medium wp-image-12232\" src=\"http:\/\/www.petergrau-leichtathlet.de\/wp-content\/uploads\/2018\/03\/Rheinsberg-siebenunddrei\u00dfig-300x225.jpg\" alt=\"Rheinsberg siebenunddrei\u00dfig\" width=\"300\" height=\"225\" srcset=\"https:\/\/www.petergrau-leichtathlet.de\/wp-content\/uploads\/2018\/03\/Rheinsberg-siebenunddrei\u00dfig-300x225.jpg 300w, https:\/\/www.petergrau-leichtathlet.de\/wp-content\/uploads\/2018\/03\/Rheinsberg-siebenunddrei\u00dfig-1024x768.jpg 1024w\" sizes=\"(max-width: 300px) 100vw, 300px\" \/><\/a> <a href=\"http:\/\/www.petergrau-leichtathlet.de\/wp-content\/uploads\/2018\/03\/Rheinsberg-dreiundf\u00fcnfzig.jpg\"><img loading=\"lazy\" class=\"alignnone size-medium wp-image-12247\" src=\"http:\/\/www.petergrau-leichtathlet.de\/wp-content\/uploads\/2018\/03\/Rheinsberg-dreiundf\u00fcnfzig-300x225.jpg\" alt=\"Rheinsberg dreiundf\u00fcnfzig\" width=\"300\" height=\"225\" srcset=\"https:\/\/www.petergrau-leichtathlet.de\/wp-content\/uploads\/2018\/03\/Rheinsberg-dreiundf\u00fcnfzig-300x225.jpg 300w, https:\/\/www.petergrau-leichtathlet.de\/wp-content\/uploads\/2018\/03\/Rheinsberg-dreiundf\u00fcnfzig-1024x768.jpg 1024w\" sizes=\"(max-width: 300px) 100vw, 300px\" \/><\/a><\/p>\n<p>Nach einer Stunde verabschieden wir uns vom Schlo\u00df und fahren ins zwei Kilometer entfernte<strong> Hafendorf \u00a0Rheinsberg<\/strong>.\u00a0 Dort im Hotel erwartet uns ein leckeres Mittagessen. Anschlie\u00dfend werfen wir noch einen Blick ins eigentliche Hafendorf:<\/p>\n<p><a href=\"http:\/\/www.petergrau-leichtathlet.de\/wp-content\/uploads\/2018\/03\/Rheinsberg-zwanzig.jpg\"><img loading=\"lazy\" class=\"alignnone size-medium wp-image-12191\" src=\"http:\/\/www.petergrau-leichtathlet.de\/wp-content\/uploads\/2018\/03\/Rheinsberg-zwanzig-300x163.jpg\" alt=\"Rheinsberg zwanzig\" width=\"300\" height=\"163\" srcset=\"https:\/\/www.petergrau-leichtathlet.de\/wp-content\/uploads\/2018\/03\/Rheinsberg-zwanzig-300x163.jpg 300w, https:\/\/www.petergrau-leichtathlet.de\/wp-content\/uploads\/2018\/03\/Rheinsberg-zwanzig-1024x558.jpg 1024w\" sizes=\"(max-width: 300px) 100vw, 300px\" \/><\/a> <a href=\"http:\/\/www.petergrau-leichtathlet.de\/wp-content\/uploads\/2018\/03\/Rheinsberg-achtzehn.jpg\"><img loading=\"lazy\" class=\"alignnone size-medium wp-image-12189\" src=\"http:\/\/www.petergrau-leichtathlet.de\/wp-content\/uploads\/2018\/03\/Rheinsberg-achtzehn-300x225.jpg\" alt=\"Rheinsberg achtzehn\" width=\"300\" height=\"225\" srcset=\"https:\/\/www.petergrau-leichtathlet.de\/wp-content\/uploads\/2018\/03\/Rheinsberg-achtzehn-300x225.jpg 300w, https:\/\/www.petergrau-leichtathlet.de\/wp-content\/uploads\/2018\/03\/Rheinsberg-achtzehn-1024x768.jpg 1024w\" sizes=\"(max-width: 300px) 100vw, 300px\" \/><\/a> <a href=\"http:\/\/www.petergrau-leichtathlet.de\/wp-content\/uploads\/2018\/03\/Rheinsberg-neunzehn.jpg\"><img loading=\"lazy\" class=\"alignnone size-medium wp-image-12190\" src=\"http:\/\/www.petergrau-leichtathlet.de\/wp-content\/uploads\/2018\/03\/Rheinsberg-neunzehn-300x225.jpg\" alt=\"Rheinsberg neunzehn\" width=\"300\" height=\"225\" srcset=\"https:\/\/www.petergrau-leichtathlet.de\/wp-content\/uploads\/2018\/03\/Rheinsberg-neunzehn-300x225.jpg 300w, https:\/\/www.petergrau-leichtathlet.de\/wp-content\/uploads\/2018\/03\/Rheinsberg-neunzehn-1024x768.jpg 1024w\" sizes=\"(max-width: 300px) 100vw, 300px\" \/><\/a> <a href=\"http:\/\/www.petergrau-leichtathlet.de\/wp-content\/uploads\/2018\/03\/Rheinsberg-zweiundzwanzig.jpg\"><img loading=\"lazy\" class=\"alignnone size-medium wp-image-12193\" src=\"http:\/\/www.petergrau-leichtathlet.de\/wp-content\/uploads\/2018\/03\/Rheinsberg-zweiundzwanzig-300x225.jpg\" alt=\"Rheinsberg zweiundzwanzig\" width=\"300\" height=\"225\" srcset=\"https:\/\/www.petergrau-leichtathlet.de\/wp-content\/uploads\/2018\/03\/Rheinsberg-zweiundzwanzig-300x225.jpg 300w, https:\/\/www.petergrau-leichtathlet.de\/wp-content\/uploads\/2018\/03\/Rheinsberg-zweiundzwanzig-1024x768.jpg 1024w\" sizes=\"(max-width: 300px) 100vw, 300px\" \/><\/a> <a href=\"http:\/\/www.petergrau-leichtathlet.de\/wp-content\/uploads\/2018\/03\/Rheinsberg-vierundzwanzig.jpg\"><img loading=\"lazy\" class=\"alignnone size-medium wp-image-12195\" src=\"http:\/\/www.petergrau-leichtathlet.de\/wp-content\/uploads\/2018\/03\/Rheinsberg-vierundzwanzig-300x225.jpg\" alt=\"Rheinsberg vierundzwanzig\" width=\"300\" height=\"225\" srcset=\"https:\/\/www.petergrau-leichtathlet.de\/wp-content\/uploads\/2018\/03\/Rheinsberg-vierundzwanzig-300x225.jpg 300w, https:\/\/www.petergrau-leichtathlet.de\/wp-content\/uploads\/2018\/03\/Rheinsberg-vierundzwanzig-1024x768.jpg 1024w\" sizes=\"(max-width: 300px) 100vw, 300px\" \/><\/a> <a href=\"http:\/\/www.petergrau-leichtathlet.de\/wp-content\/uploads\/2018\/03\/Rheinsberg-dreiundzwanzig.jpg\"><img loading=\"lazy\" class=\"alignnone size-medium wp-image-12194\" src=\"http:\/\/www.petergrau-leichtathlet.de\/wp-content\/uploads\/2018\/03\/Rheinsberg-dreiundzwanzig-300x225.jpg\" alt=\"Rheinsberg dreiundzwanzig\" width=\"300\" height=\"225\" srcset=\"https:\/\/www.petergrau-leichtathlet.de\/wp-content\/uploads\/2018\/03\/Rheinsberg-dreiundzwanzig-300x225.jpg 300w, https:\/\/www.petergrau-leichtathlet.de\/wp-content\/uploads\/2018\/03\/Rheinsberg-dreiundzwanzig-1024x768.jpg 1024w\" sizes=\"(max-width: 300px) 100vw, 300px\" \/><\/a><\/p>\n<p><strong>Peter Grau<\/strong><\/p>\n<p>&nbsp;<\/p>\n<p>&nbsp;<\/p>\n<p>&nbsp;<\/p>\n<p>&nbsp;<\/p>\n<p>&nbsp;<\/p>\n<p>&nbsp;<\/p>\n","protected":false},"excerpt":{"rendered":"<p>Kultur und Geburtstag ist f\u00fcr mich eine sehr gute Kombination. Und so hielt ich es auch an diesem \u00a021. M\u00e4rz 2018. Ziel \u00a0ist f\u00fcr uns die etwa 30 km n\u00f6rdlich von Neuruppin gelegene Gemeinde Rheinsberg.\u00a0 Der Hauptanziehungspunkt ist dort das Schlo\u00df. Vorab lesen wir uns ein wenig kundig: Das malerisch am Ufer des Grienericksees gelegene &hellip; <a href=\"https:\/\/www.petergrau-leichtathlet.de\/?p=12218\" class=\"more-link\"><span class=\"screen-reader-text\">Ein Besuch im Schlo\u00df Rheinsberg<\/span> weiterlesen <span class=\"meta-nav\">&rarr;<\/span><\/a><\/p>\n","protected":false},"author":1,"featured_media":0,"comment_status":"closed","ping_status":"open","sticky":false,"template":"","format":"standard","meta":[],"categories":[11,5],"tags":[],"_links":{"self":[{"href":"https:\/\/www.petergrau-leichtathlet.de\/index.php?rest_route=\/wp\/v2\/posts\/12218"}],"collection":[{"href":"https:\/\/www.petergrau-leichtathlet.de\/index.php?rest_route=\/wp\/v2\/posts"}],"about":[{"href":"https:\/\/www.petergrau-leichtathlet.de\/index.php?rest_route=\/wp\/v2\/types\/post"}],"author":[{"embeddable":true,"href":"https:\/\/www.petergrau-leichtathlet.de\/index.php?rest_route=\/wp\/v2\/users\/1"}],"replies":[{"embeddable":true,"href":"https:\/\/www.petergrau-leichtathlet.de\/index.php?rest_route=%2Fwp%2Fv2%2Fcomments&post=12218"}],"version-history":[{"count":1,"href":"https:\/\/www.petergrau-leichtathlet.de\/index.php?rest_route=\/wp\/v2\/posts\/12218\/revisions"}],"predecessor-version":[{"id":12282,"href":"https:\/\/www.petergrau-leichtathlet.de\/index.php?rest_route=\/wp\/v2\/posts\/12218\/revisions\/12282"}],"wp:attachment":[{"href":"https:\/\/www.petergrau-leichtathlet.de\/index.php?rest_route=%2Fwp%2Fv2%2Fmedia&parent=12218"}],"wp:term":[{"taxonomy":"category","embeddable":true,"href":"https:\/\/www.petergrau-leichtathlet.de\/index.php?rest_route=%2Fwp%2Fv2%2Fcategories&post=12218"},{"taxonomy":"post_tag","embeddable":true,"href":"https:\/\/www.petergrau-leichtathlet.de\/index.php?rest_route=%2Fwp%2Fv2%2Ftags&post=12218"}],"curies":[{"name":"wp","href":"https:\/\/api.w.org\/{rel}","templated":true}]}}