{"id":12705,"date":"2018-04-28T21:23:05","date_gmt":"2018-04-28T19:23:05","guid":{"rendered":"http:\/\/www.petergrau-leichtathlet.de\/?p=12705"},"modified":"2018-04-29T09:34:42","modified_gmt":"2018-04-29T07:34:42","slug":"gottfried-seigner-in-jedem-meiner-abstrakten-bilder-ist-etwas-von-unserer-welt-zu-finden","status":"publish","type":"post","link":"https:\/\/www.petergrau-leichtathlet.de\/?p=12705","title":{"rendered":"Gottfried Seigner: In jedem meiner abstrakten Bilder ist etwas von unserer Welt zu finden"},"content":{"rendered":"<p><a href=\"http:\/\/www.petergrau-leichtathlet.de\/wp-content\/uploads\/2018\/04\/seigner-vierunddrei\u00dfig.jpg\"><img loading=\"lazy\" class=\"alignnone size-full wp-image-12658\" src=\"http:\/\/www.petergrau-leichtathlet.de\/wp-content\/uploads\/2018\/04\/seigner-vierunddrei\u00dfig.jpg\" alt=\"seigner vierunddrei\u00dfig\" width=\"263\" height=\"263\" srcset=\"https:\/\/www.petergrau-leichtathlet.de\/wp-content\/uploads\/2018\/04\/seigner-vierunddrei\u00dfig.jpg 263w, https:\/\/www.petergrau-leichtathlet.de\/wp-content\/uploads\/2018\/04\/seigner-vierunddrei\u00dfig-150x150.jpg 150w\" sizes=\"(max-width: 263px) 100vw, 263px\" \/><\/a><\/p>\n<p>Es freut mich immer, wenn meine Facebook-Freunde aus dem k\u00fcnstlerischen Bereich ihre neuesten Werke zu Schau stellen. Da ich nat\u00fcrlich nicht zu allen Ausstellungen fahren oder fliegen kann, bin ich dankbar, wenn die K\u00fcnstler auf Facebook aktiv sind. Das ist eben dann f\u00fcr mich ein Schaufenster zur Kunstwelt.<\/p>\n<p><a href=\"http:\/\/www.petergrau-leichtathlet.de\/wp-content\/uploads\/2018\/04\/seigner-f\u00fcnfunddrei\u00dfig.jpg\"><img loading=\"lazy\" class=\"alignnone size-medium wp-image-12659\" src=\"http:\/\/www.petergrau-leichtathlet.de\/wp-content\/uploads\/2018\/04\/seigner-f\u00fcnfunddrei\u00dfig-300x300.jpg\" alt=\"seigner f\u00fcnfunddrei\u00dfig\" width=\"300\" height=\"300\" srcset=\"https:\/\/www.petergrau-leichtathlet.de\/wp-content\/uploads\/2018\/04\/seigner-f\u00fcnfunddrei\u00dfig-300x300.jpg 300w, https:\/\/www.petergrau-leichtathlet.de\/wp-content\/uploads\/2018\/04\/seigner-f\u00fcnfunddrei\u00dfig-150x150.jpg 150w, https:\/\/www.petergrau-leichtathlet.de\/wp-content\/uploads\/2018\/04\/seigner-f\u00fcnfunddrei\u00dfig.jpg 774w\" sizes=\"(max-width: 300px) 100vw, 300px\" \/><\/a><\/p>\n<p>Der \u00d6sterreicher <strong>Gottfried Seigner<\/strong> hat wie viele andere die Chance erkannt und nutzt sie. Und so \u201ezwingt\u201c er mich praktisch auch, ihn hier vorzustellen.<\/p>\n<p><a href=\"http:\/\/www.petergrau-leichtathlet.de\/wp-content\/uploads\/2018\/04\/seigner-siebenunddrei\u00dfig.jpg\"><img loading=\"lazy\" class=\"alignnone size-medium wp-image-12661\" src=\"http:\/\/www.petergrau-leichtathlet.de\/wp-content\/uploads\/2018\/04\/seigner-siebenunddrei\u00dfig-300x300.jpg\" alt=\"seigner siebenunddrei\u00dfig\" width=\"300\" height=\"300\" srcset=\"https:\/\/www.petergrau-leichtathlet.de\/wp-content\/uploads\/2018\/04\/seigner-siebenunddrei\u00dfig-300x300.jpg 300w, https:\/\/www.petergrau-leichtathlet.de\/wp-content\/uploads\/2018\/04\/seigner-siebenunddrei\u00dfig-150x150.jpg 150w, https:\/\/www.petergrau-leichtathlet.de\/wp-content\/uploads\/2018\/04\/seigner-siebenunddrei\u00dfig.jpg 960w\" sizes=\"(max-width: 300px) 100vw, 300px\" \/><\/a><\/p>\n<p>Auf seiner Homepage <a href=\"http:\/\/www.seigner-art.at\">www.seigner-art.at<\/a> gibt er einen Einblick in sein Leben, das er passender Weise so \u00fcberschreibt:<\/p>\n<p><strong>Skizzen aus einem bewegten Leben<\/strong><\/p>\n<p><a href=\"http:\/\/www.petergrau-leichtathlet.de\/wp-content\/uploads\/2018\/04\/seigner-neununddrei\u00dfig.jpg\"><img loading=\"lazy\" class=\"alignnone size-medium wp-image-12663\" src=\"http:\/\/www.petergrau-leichtathlet.de\/wp-content\/uploads\/2018\/04\/seigner-neununddrei\u00dfig-300x240.jpg\" alt=\"seigner neununddrei\u00dfig\" width=\"300\" height=\"240\" srcset=\"https:\/\/www.petergrau-leichtathlet.de\/wp-content\/uploads\/2018\/04\/seigner-neununddrei\u00dfig-300x240.jpg 300w, https:\/\/www.petergrau-leichtathlet.de\/wp-content\/uploads\/2018\/04\/seigner-neununddrei\u00dfig.jpg 800w\" sizes=\"(max-width: 300px) 100vw, 300px\" \/><\/a><\/p>\n<p>Geboren wurde <strong>Gottfried Seigner<\/strong> im Jahr 1945 im ober\u00f6sterreichischen Gmunden. Das ist eine relativ kleine Gemeinde (heute 13000 Einwohner) im Salzkammergut (da f\u00e4llt mir sofort das Lied ein: im Salzkammergut, da kann man gut lustig sein). Gmunden liegt im Alpenvorland am Nordufer des Traunsees. Gewisserma\u00dfen der Hausberg ist der 1691 m hohe Traunstein. Doch genug der Fakten, Wikipedia ist sowieso unersch\u00f6pflich, wenn man sich diesem Medium hingibt.<\/p>\n<p>Zur\u00fcck zu Gottfried Seigner. Er kommt also aus einer beschaulichen Gegend, doch beschaulich oder gar langweilig gestaltet sich sein Leben nicht. Es wirkt eher rast- und ruhelos.<\/p>\n<p>Zun\u00e4chst absolviert er im Handwerk eine Ausbildung als Bauzeichner. Vielleicht ist das schon ein kleiner Fingerzeig f\u00fcr seine sp\u00e4tere Entwicklung zum Kunstmaler.<\/p>\n<p>Doch zun\u00e4chst arbeitet er im Elektro-Gro\u00df-und Einzelhandel, danach als Kundenbetreuer in der Werbeagentur Klambt Verlag Regensburg.<\/p>\n<p>1968 l\u00e4\u00dft er sich als au\u00dferordentlicher Student (was immer au\u00dferordentlich auch ist\u2026) an der Universit\u00e4t Salzburg im Fach Germanistik einschreiben. Das korrespondiert dann mit der T\u00e4tigkeit als freier Journalist und freischaffender Schriftsteller.<br \/>\nUnd er illustriert seine eigene Lyrik.<\/p>\n<p>Die Arbeit mit Worten und \u00a0Texten allein aber scheint ihn nicht auszuf\u00fcllen.<\/p>\n<p>1973 geht er erste Schritte in der Malerei, arbeitet\u00a0 mit Pastellkreide und Tusche, malt Aquarelle und gr\u00fcndet eine Galerie.\u00a0 Das scheint ihm zu gefallen, denn ab 1975 arbeitet er auch anderen Galerien in Salzburg mit.<\/p>\n<p>Aber auch damals war es anscheinend nicht leicht, sich allein mit Kunst zu ern\u00e4hren. Das mu\u00df man schlu\u00dffolgern, wenn man in Gottfried Seigners \u201eSkizzen aus dem Leben\u201c weiter liest: 1976 Prokurist in einer Geb\u00e4udereinigungsfirma, 1979 selbst\u00e4ndiger Geb\u00e4udereiniger.<\/p>\n<p><strong>Aber die Kunst, speziell die Malerei,\u00a0 l\u00e4\u00dft ihn nicht mehr los<\/strong>. Er befa\u00dft sich mit Zeichnungen, Gem\u00e4lden, Grafiken, besucht Kurse, um sich weiterzubilden.\u00a0 Seit 2006 ist er Stammgast bei der Sommerakademie in Eggenfelden.<\/p>\n<p>Und er stellt seine Werke auf nationalen und internationalen Ausstellungen aus.<\/p>\n<p>Doch wie malt <strong>Gottfried Seigner<\/strong>?<\/p>\n<p>Schauen wir uns gemeinsam eine von mir wie immer sehr willk\u00fcrlich getroffene Auswahl seiner Werke an. Zun\u00e4chst werfen wir den Blick auf seine Lieblingswerke (wobei sich diese Betrachtung sicher oft auch \u00e4ndert):<br \/>\n<a href=\"http:\/\/www.petergrau-leichtathlet.de\/wp-content\/uploads\/2018\/04\/seigner-vierundvierzig.jpg\"><img loading=\"lazy\" class=\"alignnone size-medium wp-image-12657\" src=\"http:\/\/www.petergrau-leichtathlet.de\/wp-content\/uploads\/2018\/04\/seigner-vierundvierzig-300x215.jpg\" alt=\"seigner vierundvierzig\" width=\"300\" height=\"215\" srcset=\"https:\/\/www.petergrau-leichtathlet.de\/wp-content\/uploads\/2018\/04\/seigner-vierundvierzig-300x215.jpg 300w, https:\/\/www.petergrau-leichtathlet.de\/wp-content\/uploads\/2018\/04\/seigner-vierundvierzig-1024x735.jpg 1024w, https:\/\/www.petergrau-leichtathlet.de\/wp-content\/uploads\/2018\/04\/seigner-vierundvierzig.jpg 1600w\" sizes=\"(max-width: 300px) 100vw, 300px\" \/><\/a> <a href=\"http:\/\/www.petergrau-leichtathlet.de\/wp-content\/uploads\/2018\/04\/Seigner-f\u00fcnfundvierzig.jpg\"><img loading=\"lazy\" class=\"alignnone size-medium wp-image-12704\" src=\"http:\/\/www.petergrau-leichtathlet.de\/wp-content\/uploads\/2018\/04\/Seigner-f\u00fcnfundvierzig-300x197.jpg\" alt=\"Seigner f\u00fcnfundvierzig\" width=\"300\" height=\"197\" srcset=\"https:\/\/www.petergrau-leichtathlet.de\/wp-content\/uploads\/2018\/04\/Seigner-f\u00fcnfundvierzig-300x197.jpg 300w, https:\/\/www.petergrau-leichtathlet.de\/wp-content\/uploads\/2018\/04\/Seigner-f\u00fcnfundvierzig-1024x672.jpg 1024w, https:\/\/www.petergrau-leichtathlet.de\/wp-content\/uploads\/2018\/04\/Seigner-f\u00fcnfundvierzig.jpg 1600w\" sizes=\"(max-width: 300px) 100vw, 300px\" \/><\/a> <a href=\"http:\/\/www.petergrau-leichtathlet.de\/wp-content\/uploads\/2018\/04\/seigner-vierzig.jpg\"><img loading=\"lazy\" class=\"alignnone size-medium wp-image-12664\" src=\"http:\/\/www.petergrau-leichtathlet.de\/wp-content\/uploads\/2018\/04\/seigner-vierzig-300x219.jpg\" alt=\"seigner vierzig\" width=\"300\" height=\"219\" srcset=\"https:\/\/www.petergrau-leichtathlet.de\/wp-content\/uploads\/2018\/04\/seigner-vierzig-300x219.jpg 300w, https:\/\/www.petergrau-leichtathlet.de\/wp-content\/uploads\/2018\/04\/seigner-vierzig-1024x748.jpg 1024w, https:\/\/www.petergrau-leichtathlet.de\/wp-content\/uploads\/2018\/04\/seigner-vierzig.jpg 1600w\" sizes=\"(max-width: 300px) 100vw, 300px\" \/><\/a> <a href=\"http:\/\/www.petergrau-leichtathlet.de\/wp-content\/uploads\/2018\/04\/seigner-einundvierzig.jpg\"><img loading=\"lazy\" class=\"alignnone size-medium wp-image-12665\" src=\"http:\/\/www.petergrau-leichtathlet.de\/wp-content\/uploads\/2018\/04\/seigner-einundvierzig-300x171.jpg\" alt=\"seigner einundvierzig\" width=\"300\" height=\"171\" srcset=\"https:\/\/www.petergrau-leichtathlet.de\/wp-content\/uploads\/2018\/04\/seigner-einundvierzig-300x171.jpg 300w, https:\/\/www.petergrau-leichtathlet.de\/wp-content\/uploads\/2018\/04\/seigner-einundvierzig-1024x583.jpg 1024w, https:\/\/www.petergrau-leichtathlet.de\/wp-content\/uploads\/2018\/04\/seigner-einundvierzig.jpg 1600w\" sizes=\"(max-width: 300px) 100vw, 300px\" \/><\/a> <a href=\"http:\/\/www.petergrau-leichtathlet.de\/wp-content\/uploads\/2018\/04\/seigner-zweiundvierzig.jpg\"><img loading=\"lazy\" class=\"alignnone size-medium wp-image-12666\" src=\"http:\/\/www.petergrau-leichtathlet.de\/wp-content\/uploads\/2018\/04\/seigner-zweiundvierzig-206x300.jpg\" alt=\"seigner zweiundvierzig\" width=\"206\" height=\"300\" srcset=\"https:\/\/www.petergrau-leichtathlet.de\/wp-content\/uploads\/2018\/04\/seigner-zweiundvierzig-206x300.jpg 206w, https:\/\/www.petergrau-leichtathlet.de\/wp-content\/uploads\/2018\/04\/seigner-zweiundvierzig.jpg 660w\" sizes=\"(max-width: 206px) 100vw, 206px\" \/><\/a> <a href=\"http:\/\/www.petergrau-leichtathlet.de\/wp-content\/uploads\/2018\/04\/seigner-dreiundvierzig.jpg\"><img loading=\"lazy\" class=\"alignnone size-medium wp-image-12667\" src=\"http:\/\/www.petergrau-leichtathlet.de\/wp-content\/uploads\/2018\/04\/seigner-dreiundvierzig-300x292.jpg\" alt=\"seigner dreiundvierzig\" width=\"300\" height=\"292\" srcset=\"https:\/\/www.petergrau-leichtathlet.de\/wp-content\/uploads\/2018\/04\/seigner-dreiundvierzig-300x292.jpg 300w, https:\/\/www.petergrau-leichtathlet.de\/wp-content\/uploads\/2018\/04\/seigner-dreiundvierzig.jpg 960w\" sizes=\"(max-width: 300px) 100vw, 300px\" \/><\/a><\/p>\n<p>Dann aber nehme ich mir seine Homepage vor und w\u00e4hle dort einiges aus:<\/p>\n<p>Radierung:<br \/>\n<a href=\"http:\/\/www.petergrau-leichtathlet.de\/wp-content\/uploads\/2018\/04\/seigner-siebenundzwanzig.jpg\"><img loading=\"lazy\" class=\"alignnone size-medium wp-image-12699\" src=\"http:\/\/www.petergrau-leichtathlet.de\/wp-content\/uploads\/2018\/04\/seigner-siebenundzwanzig-300x300.jpg\" alt=\"seigner siebenundzwanzig\" width=\"300\" height=\"300\" srcset=\"https:\/\/www.petergrau-leichtathlet.de\/wp-content\/uploads\/2018\/04\/seigner-siebenundzwanzig-300x300.jpg 300w, https:\/\/www.petergrau-leichtathlet.de\/wp-content\/uploads\/2018\/04\/seigner-siebenundzwanzig-150x150.jpg 150w, https:\/\/www.petergrau-leichtathlet.de\/wp-content\/uploads\/2018\/04\/seigner-siebenundzwanzig.jpg 450w\" sizes=\"(max-width: 300px) 100vw, 300px\" \/><\/a> <a href=\"http:\/\/www.petergrau-leichtathlet.de\/wp-content\/uploads\/2018\/04\/seigner-achtundzwaanzig.jpg\"><img loading=\"lazy\" class=\"alignnone size-medium wp-image-12700\" src=\"http:\/\/www.petergrau-leichtathlet.de\/wp-content\/uploads\/2018\/04\/seigner-achtundzwaanzig-300x216.jpg\" alt=\"seigner achtundzwaanzig\" width=\"300\" height=\"216\" srcset=\"https:\/\/www.petergrau-leichtathlet.de\/wp-content\/uploads\/2018\/04\/seigner-achtundzwaanzig-300x216.jpg 300w, https:\/\/www.petergrau-leichtathlet.de\/wp-content\/uploads\/2018\/04\/seigner-achtundzwaanzig.jpg 500w\" sizes=\"(max-width: 300px) 100vw, 300px\" \/><\/a><\/p>\n<p>&nbsp;<\/p>\n<p>Acryl auf Holz:<\/p>\n<p><a href=\"http:\/\/www.petergrau-leichtathlet.de\/wp-content\/uploads\/2018\/04\/seigner-neunundzwanzig.jpg\"><img loading=\"lazy\" class=\"alignnone size-medium wp-image-12701\" src=\"http:\/\/www.petergrau-leichtathlet.de\/wp-content\/uploads\/2018\/04\/seigner-neunundzwanzig-300x214.jpg\" alt=\"seigner neunundzwanzig\" width=\"300\" height=\"214\" srcset=\"https:\/\/www.petergrau-leichtathlet.de\/wp-content\/uploads\/2018\/04\/seigner-neunundzwanzig-300x214.jpg 300w, https:\/\/www.petergrau-leichtathlet.de\/wp-content\/uploads\/2018\/04\/seigner-neunundzwanzig.jpg 500w\" sizes=\"(max-width: 300px) 100vw, 300px\" \/><\/a><\/p>\n<p>&nbsp;<\/p>\n<p>Abstrakte Kunst:<\/p>\n<p><a href=\"http:\/\/www.petergrau-leichtathlet.de\/wp-content\/uploads\/2018\/04\/seigner-dreiundzwanzig.jpg\"><img loading=\"lazy\" class=\"alignnone size-medium wp-image-12695\" src=\"http:\/\/www.petergrau-leichtathlet.de\/wp-content\/uploads\/2018\/04\/seigner-dreiundzwanzig-300x298.jpg\" alt=\"seigner dreiundzwanzig\" width=\"300\" height=\"298\" srcset=\"https:\/\/www.petergrau-leichtathlet.de\/wp-content\/uploads\/2018\/04\/seigner-dreiundzwanzig-300x298.jpg 300w, https:\/\/www.petergrau-leichtathlet.de\/wp-content\/uploads\/2018\/04\/seigner-dreiundzwanzig-150x150.jpg 150w, https:\/\/www.petergrau-leichtathlet.de\/wp-content\/uploads\/2018\/04\/seigner-dreiundzwanzig.jpg 500w\" sizes=\"(max-width: 300px) 100vw, 300px\" \/><\/a> <a href=\"http:\/\/www.petergrau-leichtathlet.de\/wp-content\/uploads\/2018\/04\/seigner-vierundzwanzig.jpg\"><img loading=\"lazy\" class=\"alignnone size-medium wp-image-12696\" src=\"http:\/\/www.petergrau-leichtathlet.de\/wp-content\/uploads\/2018\/04\/seigner-vierundzwanzig-291x300.jpg\" alt=\"seigner vierundzwanzig\" width=\"291\" height=\"300\" srcset=\"https:\/\/www.petergrau-leichtathlet.de\/wp-content\/uploads\/2018\/04\/seigner-vierundzwanzig-291x300.jpg 291w, https:\/\/www.petergrau-leichtathlet.de\/wp-content\/uploads\/2018\/04\/seigner-vierundzwanzig.jpg 485w\" sizes=\"(max-width: 291px) 100vw, 291px\" \/><\/a> <a href=\"http:\/\/www.petergrau-leichtathlet.de\/wp-content\/uploads\/2018\/04\/seigner-f\u00fcnfundzwanzig.jpg\"><img loading=\"lazy\" class=\"alignnone size-medium wp-image-12697\" src=\"http:\/\/www.petergrau-leichtathlet.de\/wp-content\/uploads\/2018\/04\/seigner-f\u00fcnfundzwanzig-300x231.jpg\" alt=\"seigner f\u00fcnfundzwanzig\" width=\"300\" height=\"231\" srcset=\"https:\/\/www.petergrau-leichtathlet.de\/wp-content\/uploads\/2018\/04\/seigner-f\u00fcnfundzwanzig-300x231.jpg 300w, https:\/\/www.petergrau-leichtathlet.de\/wp-content\/uploads\/2018\/04\/seigner-f\u00fcnfundzwanzig.jpg 500w\" sizes=\"(max-width: 300px) 100vw, 300px\" \/><\/a> <a href=\"http:\/\/www.petergrau-leichtathlet.de\/wp-content\/uploads\/2018\/04\/seigner-sechsundzwanzig.jpg\"><img loading=\"lazy\" class=\"alignnone size-medium wp-image-12698\" src=\"http:\/\/www.petergrau-leichtathlet.de\/wp-content\/uploads\/2018\/04\/seigner-sechsundzwanzig-300x253.jpg\" alt=\"seigner sechsundzwanzig\" width=\"300\" height=\"253\" srcset=\"https:\/\/www.petergrau-leichtathlet.de\/wp-content\/uploads\/2018\/04\/seigner-sechsundzwanzig-300x253.jpg 300w, https:\/\/www.petergrau-leichtathlet.de\/wp-content\/uploads\/2018\/04\/seigner-sechsundzwanzig.jpg 500w\" sizes=\"(max-width: 300px) 100vw, 300px\" \/><\/a><\/p>\n<p>&nbsp;<\/p>\n<p>Werke aus dem Jahr 2011:<\/p>\n<p><a href=\"http:\/\/www.petergrau-leichtathlet.de\/wp-content\/uploads\/2018\/04\/seigner-neunzehn.jpg\"><img loading=\"lazy\" class=\"alignnone size-medium wp-image-12690\" src=\"http:\/\/www.petergrau-leichtathlet.de\/wp-content\/uploads\/2018\/04\/seigner-neunzehn-223x300.jpg\" alt=\"seigner neunzehn\" width=\"223\" height=\"300\" srcset=\"https:\/\/www.petergrau-leichtathlet.de\/wp-content\/uploads\/2018\/04\/seigner-neunzehn-223x300.jpg 223w, https:\/\/www.petergrau-leichtathlet.de\/wp-content\/uploads\/2018\/04\/seigner-neunzehn.jpg 357w\" sizes=\"(max-width: 223px) 100vw, 223px\" \/><\/a> <a href=\"http:\/\/www.petergrau-leichtathlet.de\/wp-content\/uploads\/2018\/04\/seigner-zwanzig.jpg\"><img loading=\"lazy\" class=\"alignnone size-medium wp-image-12691\" src=\"http:\/\/www.petergrau-leichtathlet.de\/wp-content\/uploads\/2018\/04\/seigner-zwanzig-300x185.jpg\" alt=\"seigner zwanzig\" width=\"300\" height=\"185\" srcset=\"https:\/\/www.petergrau-leichtathlet.de\/wp-content\/uploads\/2018\/04\/seigner-zwanzig-300x185.jpg 300w, https:\/\/www.petergrau-leichtathlet.de\/wp-content\/uploads\/2018\/04\/seigner-zwanzig.jpg 480w\" sizes=\"(max-width: 300px) 100vw, 300px\" \/><\/a> <a href=\"http:\/\/www.petergrau-leichtathlet.de\/wp-content\/uploads\/2018\/04\/seigner-einundzwanzig.jpg\"><img loading=\"lazy\" class=\"alignnone size-medium wp-image-12693\" src=\"http:\/\/www.petergrau-leichtathlet.de\/wp-content\/uploads\/2018\/04\/seigner-einundzwanzig-300x249.jpg\" alt=\"seigner einundzwanzig\" width=\"300\" height=\"249\" srcset=\"https:\/\/www.petergrau-leichtathlet.de\/wp-content\/uploads\/2018\/04\/seigner-einundzwanzig-300x249.jpg 300w, https:\/\/www.petergrau-leichtathlet.de\/wp-content\/uploads\/2018\/04\/seigner-einundzwanzig.jpg 480w\" sizes=\"(max-width: 300px) 100vw, 300px\" \/><\/a> <a href=\"http:\/\/www.petergrau-leichtathlet.de\/wp-content\/uploads\/2018\/04\/seigner-zweiundzwanzig.jpg\"><img loading=\"lazy\" class=\"alignnone size-medium wp-image-12694\" src=\"http:\/\/www.petergrau-leichtathlet.de\/wp-content\/uploads\/2018\/04\/seigner-zweiundzwanzig-300x226.jpg\" alt=\"seigner zweiundzwanzig\" width=\"300\" height=\"226\" srcset=\"https:\/\/www.petergrau-leichtathlet.de\/wp-content\/uploads\/2018\/04\/seigner-zweiundzwanzig-300x226.jpg 300w, https:\/\/www.petergrau-leichtathlet.de\/wp-content\/uploads\/2018\/04\/seigner-zweiundzwanzig.jpg 480w\" sizes=\"(max-width: 300px) 100vw, 300px\" \/><\/a><\/p>\n<p>2012:<\/p>\n<p><a href=\"http:\/\/www.petergrau-leichtathlet.de\/wp-content\/uploads\/2018\/04\/seigner-siebzehn.jpg\"><img loading=\"lazy\" class=\"alignnone size-medium wp-image-12688\" src=\"http:\/\/www.petergrau-leichtathlet.de\/wp-content\/uploads\/2018\/04\/seigner-siebzehn-300x228.jpg\" alt=\"seigner siebzehn\" width=\"300\" height=\"228\" srcset=\"https:\/\/www.petergrau-leichtathlet.de\/wp-content\/uploads\/2018\/04\/seigner-siebzehn-300x228.jpg 300w, https:\/\/www.petergrau-leichtathlet.de\/wp-content\/uploads\/2018\/04\/seigner-siebzehn.jpg 480w\" sizes=\"(max-width: 300px) 100vw, 300px\" \/><\/a> <a href=\"http:\/\/www.petergrau-leichtathlet.de\/wp-content\/uploads\/2018\/04\/seigner-achtzehn.jpg\"><img loading=\"lazy\" class=\"alignnone size-medium wp-image-12689\" src=\"http:\/\/www.petergrau-leichtathlet.de\/wp-content\/uploads\/2018\/04\/seigner-achtzehn-300x235.jpg\" alt=\"seigner achtzehn\" width=\"300\" height=\"235\" srcset=\"https:\/\/www.petergrau-leichtathlet.de\/wp-content\/uploads\/2018\/04\/seigner-achtzehn-300x235.jpg 300w, https:\/\/www.petergrau-leichtathlet.de\/wp-content\/uploads\/2018\/04\/seigner-achtzehn.jpg 480w\" sizes=\"(max-width: 300px) 100vw, 300px\" \/><\/a><\/p>\n<p>&nbsp;<\/p>\n<p>2013:<\/p>\n<p><a href=\"http:\/\/www.petergrau-leichtathlet.de\/wp-content\/uploads\/2018\/04\/seigner-f\u00fcnfzehn.jpg\"><img loading=\"lazy\" class=\"alignnone size-medium wp-image-12686\" src=\"http:\/\/www.petergrau-leichtathlet.de\/wp-content\/uploads\/2018\/04\/seigner-f\u00fcnfzehn-246x300.jpg\" alt=\"seigner f\u00fcnfzehn\" width=\"246\" height=\"300\" srcset=\"https:\/\/www.petergrau-leichtathlet.de\/wp-content\/uploads\/2018\/04\/seigner-f\u00fcnfzehn-246x300.jpg 246w, https:\/\/www.petergrau-leichtathlet.de\/wp-content\/uploads\/2018\/04\/seigner-f\u00fcnfzehn.jpg 393w\" sizes=\"(max-width: 246px) 100vw, 246px\" \/><\/a> <a href=\"http:\/\/www.petergrau-leichtathlet.de\/wp-content\/uploads\/2018\/04\/seigner-sechszehn.jpg\"><img loading=\"lazy\" class=\"alignnone size-medium wp-image-12687\" src=\"http:\/\/www.petergrau-leichtathlet.de\/wp-content\/uploads\/2018\/04\/seigner-sechszehn-300x169.jpg\" alt=\"seigner sechszehn\" width=\"300\" height=\"169\" srcset=\"https:\/\/www.petergrau-leichtathlet.de\/wp-content\/uploads\/2018\/04\/seigner-sechszehn-300x169.jpg 300w, https:\/\/www.petergrau-leichtathlet.de\/wp-content\/uploads\/2018\/04\/seigner-sechszehn.jpg 480w\" sizes=\"(max-width: 300px) 100vw, 300px\" \/><\/a><\/p>\n<p>2014:<\/p>\n<p><a href=\"http:\/\/www.petergrau-leichtathlet.de\/wp-content\/uploads\/2018\/04\/seigner-dreizehn.jpg\"><img loading=\"lazy\" class=\"alignnone size-medium wp-image-12684\" src=\"http:\/\/www.petergrau-leichtathlet.de\/wp-content\/uploads\/2018\/04\/seigner-dreizehn-214x300.jpg\" alt=\"seigner dreizehn\" width=\"214\" height=\"300\" srcset=\"https:\/\/www.petergrau-leichtathlet.de\/wp-content\/uploads\/2018\/04\/seigner-dreizehn-214x300.jpg 214w, https:\/\/www.petergrau-leichtathlet.de\/wp-content\/uploads\/2018\/04\/seigner-dreizehn.jpg 342w\" sizes=\"(max-width: 214px) 100vw, 214px\" \/><\/a> <a href=\"http:\/\/www.petergrau-leichtathlet.de\/wp-content\/uploads\/2018\/04\/seigner-vierzehn.jpg\"><img loading=\"lazy\" class=\"alignnone size-medium wp-image-12685\" src=\"http:\/\/www.petergrau-leichtathlet.de\/wp-content\/uploads\/2018\/04\/seigner-vierzehn-210x300.jpg\" alt=\"seigner vierzehn\" width=\"210\" height=\"300\" srcset=\"https:\/\/www.petergrau-leichtathlet.de\/wp-content\/uploads\/2018\/04\/seigner-vierzehn-210x300.jpg 210w, https:\/\/www.petergrau-leichtathlet.de\/wp-content\/uploads\/2018\/04\/seigner-vierzehn.jpg 336w\" sizes=\"(max-width: 210px) 100vw, 210px\" \/><\/a><\/p>\n<p>2015:<\/p>\n<p><a href=\"http:\/\/www.petergrau-leichtathlet.de\/wp-content\/uploads\/2018\/04\/seigner-neun.jpg\"><img loading=\"lazy\" class=\"alignnone size-medium wp-image-12680\" src=\"http:\/\/www.petergrau-leichtathlet.de\/wp-content\/uploads\/2018\/04\/seigner-neun-300x226.jpg\" alt=\"seigner neun\" width=\"300\" height=\"226\" srcset=\"https:\/\/www.petergrau-leichtathlet.de\/wp-content\/uploads\/2018\/04\/seigner-neun-300x226.jpg 300w, https:\/\/www.petergrau-leichtathlet.de\/wp-content\/uploads\/2018\/04\/seigner-neun.jpg 480w\" sizes=\"(max-width: 300px) 100vw, 300px\" \/><\/a> <a href=\"http:\/\/www.petergrau-leichtathlet.de\/wp-content\/uploads\/2018\/04\/seigner-zehn.jpg\"><img loading=\"lazy\" class=\"alignnone size-medium wp-image-12681\" src=\"http:\/\/www.petergrau-leichtathlet.de\/wp-content\/uploads\/2018\/04\/seigner-zehn-300x216.jpg\" alt=\"seigner zehn\" width=\"300\" height=\"216\" srcset=\"https:\/\/www.petergrau-leichtathlet.de\/wp-content\/uploads\/2018\/04\/seigner-zehn-300x216.jpg 300w, https:\/\/www.petergrau-leichtathlet.de\/wp-content\/uploads\/2018\/04\/seigner-zehn.jpg 480w\" sizes=\"(max-width: 300px) 100vw, 300px\" \/><\/a> <a href=\"http:\/\/www.petergrau-leichtathlet.de\/wp-content\/uploads\/2018\/04\/seigner-elf.jpg\"><img loading=\"lazy\" class=\"alignnone size-medium wp-image-12682\" src=\"http:\/\/www.petergrau-leichtathlet.de\/wp-content\/uploads\/2018\/04\/seigner-elf-242x300.jpg\" alt=\"seigner elf\" width=\"242\" height=\"300\" srcset=\"https:\/\/www.petergrau-leichtathlet.de\/wp-content\/uploads\/2018\/04\/seigner-elf-242x300.jpg 242w, https:\/\/www.petergrau-leichtathlet.de\/wp-content\/uploads\/2018\/04\/seigner-elf.jpg 387w\" sizes=\"(max-width: 242px) 100vw, 242px\" \/><\/a> <a href=\"http:\/\/www.petergrau-leichtathlet.de\/wp-content\/uploads\/2018\/04\/seigner-zw\u00f6lf.jpg\"><img loading=\"lazy\" class=\"alignnone size-medium wp-image-12683\" src=\"http:\/\/www.petergrau-leichtathlet.de\/wp-content\/uploads\/2018\/04\/seigner-zw\u00f6lf-283x300.jpg\" alt=\"seigner zw\u00f6lf\" width=\"283\" height=\"300\" srcset=\"https:\/\/www.petergrau-leichtathlet.de\/wp-content\/uploads\/2018\/04\/seigner-zw\u00f6lf-283x300.jpg 283w, https:\/\/www.petergrau-leichtathlet.de\/wp-content\/uploads\/2018\/04\/seigner-zw\u00f6lf.jpg 452w\" sizes=\"(max-width: 283px) 100vw, 283px\" \/><\/a><\/p>\n<p>2017:<\/p>\n<p><a href=\"http:\/\/www.petergrau-leichtathlet.de\/wp-content\/uploads\/2018\/04\/seigner-f\u00fcnf.jpg\"><img loading=\"lazy\" class=\"alignnone size-medium wp-image-12676\" src=\"http:\/\/www.petergrau-leichtathlet.de\/wp-content\/uploads\/2018\/04\/seigner-f\u00fcnf-211x300.jpg\" alt=\"seigner f\u00fcnf\" width=\"211\" height=\"300\" srcset=\"https:\/\/www.petergrau-leichtathlet.de\/wp-content\/uploads\/2018\/04\/seigner-f\u00fcnf-211x300.jpg 211w, https:\/\/www.petergrau-leichtathlet.de\/wp-content\/uploads\/2018\/04\/seigner-f\u00fcnf.jpg 338w\" sizes=\"(max-width: 211px) 100vw, 211px\" \/><\/a>\u00a0 <a href=\"http:\/\/www.petergrau-leichtathlet.de\/wp-content\/uploads\/2018\/04\/seigner-sieben.jpg\"><img loading=\"lazy\" class=\"alignnone size-medium wp-image-12678\" src=\"http:\/\/www.petergrau-leichtathlet.de\/wp-content\/uploads\/2018\/04\/seigner-sieben-201x300.jpg\" alt=\"seigner sieben\" width=\"201\" height=\"300\" srcset=\"https:\/\/www.petergrau-leichtathlet.de\/wp-content\/uploads\/2018\/04\/seigner-sieben-201x300.jpg 201w, https:\/\/www.petergrau-leichtathlet.de\/wp-content\/uploads\/2018\/04\/seigner-sieben.jpg 322w\" sizes=\"(max-width: 201px) 100vw, 201px\" \/><\/a> <a href=\"http:\/\/www.petergrau-leichtathlet.de\/wp-content\/uploads\/2018\/04\/seigner-acht.jpg\"><img loading=\"lazy\" class=\"alignnone size-medium wp-image-12679\" src=\"http:\/\/www.petergrau-leichtathlet.de\/wp-content\/uploads\/2018\/04\/seigner-acht-217x300.jpg\" alt=\"seigner acht\" width=\"217\" height=\"300\" srcset=\"https:\/\/www.petergrau-leichtathlet.de\/wp-content\/uploads\/2018\/04\/seigner-acht-217x300.jpg 217w, https:\/\/www.petergrau-leichtathlet.de\/wp-content\/uploads\/2018\/04\/seigner-acht.jpg 347w\" sizes=\"(max-width: 217px) 100vw, 217px\" \/><\/a><\/p>\n<p>2018:<\/p>\n<p><a href=\"http:\/\/www.petergrau-leichtathlet.de\/wp-content\/uploads\/2018\/04\/seigner-drei\u00dfig.jpg\"><img loading=\"lazy\" class=\"alignnone size-medium wp-image-12668\" src=\"http:\/\/www.petergrau-leichtathlet.de\/wp-content\/uploads\/2018\/04\/seigner-drei\u00dfig-300x220.jpg\" alt=\"seigner drei\u00dfig\" width=\"300\" height=\"220\" srcset=\"https:\/\/www.petergrau-leichtathlet.de\/wp-content\/uploads\/2018\/04\/seigner-drei\u00dfig-300x220.jpg 300w, https:\/\/www.petergrau-leichtathlet.de\/wp-content\/uploads\/2018\/04\/seigner-drei\u00dfig-1024x749.jpg 1024w, https:\/\/www.petergrau-leichtathlet.de\/wp-content\/uploads\/2018\/04\/seigner-drei\u00dfig.jpg 1600w\" sizes=\"(max-width: 300px) 100vw, 300px\" \/><\/a> <a href=\"http:\/\/www.petergrau-leichtathlet.de\/wp-content\/uploads\/2018\/04\/seigner-einunddrei\u00dfig.jpg\"><img loading=\"lazy\" class=\"alignnone size-medium wp-image-12669\" src=\"http:\/\/www.petergrau-leichtathlet.de\/wp-content\/uploads\/2018\/04\/seigner-einunddrei\u00dfig-213x300.jpg\" alt=\"seigner einunddrei\u00dfig\" width=\"213\" height=\"300\" srcset=\"https:\/\/www.petergrau-leichtathlet.de\/wp-content\/uploads\/2018\/04\/seigner-einunddrei\u00dfig-213x300.jpg 213w, https:\/\/www.petergrau-leichtathlet.de\/wp-content\/uploads\/2018\/04\/seigner-einunddrei\u00dfig.jpg 681w\" sizes=\"(max-width: 213px) 100vw, 213px\" \/><\/a> <a href=\"http:\/\/www.petergrau-leichtathlet.de\/wp-content\/uploads\/2018\/04\/seigner-eins.jpg\"><img loading=\"lazy\" class=\"alignnone size-medium wp-image-12672\" src=\"http:\/\/www.petergrau-leichtathlet.de\/wp-content\/uploads\/2018\/04\/seigner-eins-300x214.jpg\" alt=\"seigner eins\" width=\"300\" height=\"214\" srcset=\"https:\/\/www.petergrau-leichtathlet.de\/wp-content\/uploads\/2018\/04\/seigner-eins-300x214.jpg 300w, https:\/\/www.petergrau-leichtathlet.de\/wp-content\/uploads\/2018\/04\/seigner-eins.jpg 480w\" sizes=\"(max-width: 300px) 100vw, 300px\" \/><\/a> <a href=\"http:\/\/www.petergrau-leichtathlet.de\/wp-content\/uploads\/2018\/04\/seigner-zwei.jpg\"><img loading=\"lazy\" class=\"alignnone size-medium wp-image-12673\" src=\"http:\/\/www.petergrau-leichtathlet.de\/wp-content\/uploads\/2018\/04\/seigner-zwei-300x208.jpg\" alt=\"seigner zwei\" width=\"300\" height=\"208\" srcset=\"https:\/\/www.petergrau-leichtathlet.de\/wp-content\/uploads\/2018\/04\/seigner-zwei-300x208.jpg 300w, https:\/\/www.petergrau-leichtathlet.de\/wp-content\/uploads\/2018\/04\/seigner-zwei.jpg 480w\" sizes=\"(max-width: 300px) 100vw, 300px\" \/><\/a> <a href=\"http:\/\/www.petergrau-leichtathlet.de\/wp-content\/uploads\/2018\/04\/seigner-drei.jpg\"><img loading=\"lazy\" class=\"alignnone size-medium wp-image-12674\" src=\"http:\/\/www.petergrau-leichtathlet.de\/wp-content\/uploads\/2018\/04\/seigner-drei-296x300.jpg\" alt=\"seigner drei\" width=\"296\" height=\"300\" srcset=\"https:\/\/www.petergrau-leichtathlet.de\/wp-content\/uploads\/2018\/04\/seigner-drei-296x300.jpg 296w, https:\/\/www.petergrau-leichtathlet.de\/wp-content\/uploads\/2018\/04\/seigner-drei.jpg 474w\" sizes=\"(max-width: 296px) 100vw, 296px\" \/><\/a> <a href=\"http:\/\/www.petergrau-leichtathlet.de\/wp-content\/uploads\/2018\/04\/seigner-vier.jpg\"><img loading=\"lazy\" class=\"alignnone size-medium wp-image-12675\" src=\"http:\/\/www.petergrau-leichtathlet.de\/wp-content\/uploads\/2018\/04\/seigner-vier-300x289.jpg\" alt=\"seigner vier\" width=\"300\" height=\"289\" srcset=\"https:\/\/www.petergrau-leichtathlet.de\/wp-content\/uploads\/2018\/04\/seigner-vier-300x289.jpg 300w, https:\/\/www.petergrau-leichtathlet.de\/wp-content\/uploads\/2018\/04\/seigner-vier.jpg 480w\" sizes=\"(max-width: 300px) 100vw, 300px\" \/><\/a><\/p>\n<p>Mehr zum Wirken des K\u00fcnstlers ist auf seiner sehr \u00fcbersichtlichen, klar strukturierten Homepage <a href=\"http:\/\/www.seigner-art.at\">www.seigner-art.at<\/a>\u00a0\u00a0 zu lesen und zu schauen. Und weil auch seine Fotographien sehenswert sind, werde ich sp\u00e4ter mal dar\u00fcber schreiben. Diesmal h\u00e4tte das den Rahmen wohl gesprengt.<\/p>\n<p>Bei einer ersten Reaktion auf diese Geschichte schreibt mir Gottfried Seigner: In meinem Fundus befinden sich etwa 3000 Arbeiten\u2026 Und es kommt \u00a0t\u00e4glich Neues hinzu.<\/p>\n<p><strong>Peter Grau <\/strong><\/p>\n","protected":false},"excerpt":{"rendered":"<p>Es freut mich immer, wenn meine Facebook-Freunde aus dem k\u00fcnstlerischen Bereich ihre neuesten Werke zu Schau stellen. Da ich nat\u00fcrlich nicht zu allen Ausstellungen fahren oder fliegen kann, bin ich dankbar, wenn die K\u00fcnstler auf Facebook aktiv sind. Das ist eben dann f\u00fcr mich ein Schaufenster zur Kunstwelt. Der \u00d6sterreicher Gottfried Seigner hat wie viele &hellip; <a href=\"https:\/\/www.petergrau-leichtathlet.de\/?p=12705\" class=\"more-link\"><span class=\"screen-reader-text\">Gottfried Seigner: In jedem meiner abstrakten Bilder ist etwas von unserer Welt zu finden<\/span> weiterlesen <span class=\"meta-nav\">&rarr;<\/span><\/a><\/p>\n","protected":false},"author":1,"featured_media":0,"comment_status":"closed","ping_status":"open","sticky":false,"template":"","format":"standard","meta":[],"categories":[17],"tags":[],"_links":{"self":[{"href":"https:\/\/www.petergrau-leichtathlet.de\/index.php?rest_route=\/wp\/v2\/posts\/12705"}],"collection":[{"href":"https:\/\/www.petergrau-leichtathlet.de\/index.php?rest_route=\/wp\/v2\/posts"}],"about":[{"href":"https:\/\/www.petergrau-leichtathlet.de\/index.php?rest_route=\/wp\/v2\/types\/post"}],"author":[{"embeddable":true,"href":"https:\/\/www.petergrau-leichtathlet.de\/index.php?rest_route=\/wp\/v2\/users\/1"}],"replies":[{"embeddable":true,"href":"https:\/\/www.petergrau-leichtathlet.de\/index.php?rest_route=%2Fwp%2Fv2%2Fcomments&post=12705"}],"version-history":[{"count":1,"href":"https:\/\/www.petergrau-leichtathlet.de\/index.php?rest_route=\/wp\/v2\/posts\/12705\/revisions"}],"predecessor-version":[{"id":12706,"href":"https:\/\/www.petergrau-leichtathlet.de\/index.php?rest_route=\/wp\/v2\/posts\/12705\/revisions\/12706"}],"wp:attachment":[{"href":"https:\/\/www.petergrau-leichtathlet.de\/index.php?rest_route=%2Fwp%2Fv2%2Fmedia&parent=12705"}],"wp:term":[{"taxonomy":"category","embeddable":true,"href":"https:\/\/www.petergrau-leichtathlet.de\/index.php?rest_route=%2Fwp%2Fv2%2Fcategories&post=12705"},{"taxonomy":"post_tag","embeddable":true,"href":"https:\/\/www.petergrau-leichtathlet.de\/index.php?rest_route=%2Fwp%2Fv2%2Ftags&post=12705"}],"curies":[{"name":"wp","href":"https:\/\/api.w.org\/{rel}","templated":true}]}}