{"id":12959,"date":"2018-05-16T22:42:11","date_gmt":"2018-05-16T20:42:11","guid":{"rendered":"http:\/\/www.petergrau-leichtathlet.de\/?p=12959"},"modified":"2018-05-18T18:22:50","modified_gmt":"2018-05-18T16:22:50","slug":"petra-martini-eine-deutsche-kuenstlerin-die-in-norwegen-lebt","status":"publish","type":"post","link":"https:\/\/www.petergrau-leichtathlet.de\/?p=12959","title":{"rendered":"Petra Martini: Eine deutsche K\u00fcnstlerin, die in Norwegen lebt"},"content":{"rendered":"<p><a href=\"http:\/\/www.petergrau-leichtathlet.de\/wp-content\/uploads\/2018\/05\/Martini-eins1.jpg\"><img loading=\"lazy\" class=\"alignnone size-medium wp-image-12952\" src=\"http:\/\/www.petergrau-leichtathlet.de\/wp-content\/uploads\/2018\/05\/Martini-eins1-300x300.jpg\" alt=\"Martini eins\" width=\"300\" height=\"300\" srcset=\"https:\/\/www.petergrau-leichtathlet.de\/wp-content\/uploads\/2018\/05\/Martini-eins1-300x300.jpg 300w, https:\/\/www.petergrau-leichtathlet.de\/wp-content\/uploads\/2018\/05\/Martini-eins1-150x150.jpg 150w, https:\/\/www.petergrau-leichtathlet.de\/wp-content\/uploads\/2018\/05\/Martini-eins1.jpg 960w\" sizes=\"(max-width: 300px) 100vw, 300px\" \/><\/a><\/p>\n<p>Unsere erste virtuelle Begegnung \u00fcbers Internet war etwas au\u00dfergew\u00f6hnlich.\u00a0 Ich schrieb aus dem brandenburgischen Neuruppin auf meinem Computer, Petra Martini antwortete mit ihrem Smartphone von einem Berg. Aber nicht in den Alpen weilte sie, sondern in Norwegen.\u00a0 Dort gibt es eben nicht nur\u00a0 Wasser und Fjorde, sondern auch H\u00fcgel und Berge. \u201eIch bin gern auf dem Berg, denn dort bekommt man den Kopf frei\u201c. Und sie schiebt gleich nach:\u00a0 \u201eIch lebe seit 15 Jahren in Norwegen.\u201c<\/p>\n<p><a href=\"http:\/\/www.petergrau-leichtathlet.de\/wp-content\/uploads\/2018\/05\/Martini-f\u00fcnf.jpg\"><img loading=\"lazy\" class=\"alignnone size-medium wp-image-12922\" src=\"http:\/\/www.petergrau-leichtathlet.de\/wp-content\/uploads\/2018\/05\/Martini-f\u00fcnf-300x300.jpg\" alt=\"Martini f\u00fcnf\" width=\"300\" height=\"300\" srcset=\"https:\/\/www.petergrau-leichtathlet.de\/wp-content\/uploads\/2018\/05\/Martini-f\u00fcnf-300x300.jpg 300w, https:\/\/www.petergrau-leichtathlet.de\/wp-content\/uploads\/2018\/05\/Martini-f\u00fcnf-150x150.jpg 150w, https:\/\/www.petergrau-leichtathlet.de\/wp-content\/uploads\/2018\/05\/Martini-f\u00fcnf.jpg 960w\" sizes=\"(max-width: 300px) 100vw, 300px\" \/><\/a><\/p>\n<p>Petra Martini geh\u00f6rt also <strong>nicht<\/strong> zu den vielen deutschen Urlaubern, die oft und gern nach Norwegen reisen. Sie ist vielmehr nach 15 Jahren fast eine Einheimische, beherrscht die norwegische Sprache.<\/p>\n<p>Das ist f\u00fcr mich nicht \u00fcberraschend, denn eine Sprache lernt man am besten dort, wo sie gesprochen wird.\u00a0 \u00dcberraschend f\u00fcr Petra Martini ist dann, als ich ihr schreibe, da\u00df ich in Norwegen mit <strong>Stephan Pl\u00e4tzer<\/strong> einen deutschen Mittelstreckler kenne, der dort schon seit langem in Syfteland, Hordaland lebt (siehe auch auf meiner Homepage unter <a href=\"http:\/\/www.petergrau-leichtathlet.de\/?p=805\">http:\/\/www.petergrau-leichtathlet.de\/?p=805<\/a>).<\/p>\n<p>Petra schreibt zur\u00fcck:\u00a0\u00a0 \u201eGlaub ich nicht. Den kenne ich\u201c.<\/p>\n<p><a href=\"http:\/\/www.petergrau-leichtathlet.de\/wp-content\/uploads\/2018\/05\/Martini-drei.jpg\"><img loading=\"lazy\" class=\"alignnone size-medium wp-image-12920\" src=\"http:\/\/www.petergrau-leichtathlet.de\/wp-content\/uploads\/2018\/05\/Martini-drei-300x300.jpg\" alt=\"Martini drei\" width=\"300\" height=\"300\" srcset=\"https:\/\/www.petergrau-leichtathlet.de\/wp-content\/uploads\/2018\/05\/Martini-drei-300x300.jpg 300w, https:\/\/www.petergrau-leichtathlet.de\/wp-content\/uploads\/2018\/05\/Martini-drei-150x150.jpg 150w, https:\/\/www.petergrau-leichtathlet.de\/wp-content\/uploads\/2018\/05\/Martini-drei.jpg 960w\" sizes=\"(max-width: 300px) 100vw, 300px\" \/><\/a><\/p>\n<p>Sie selbst wohnt in der Provinz Sogn og fjordane.\u00a0 Und wie sch\u00f6n es dort und in der Umgebung ist, l\u00e4\u00dft sie ihre Facebook-Freunde mit herrlichen Fotos miterleben:<\/p>\n<p><a href=\"http:\/\/www.petergrau-leichtathlet.de\/wp-content\/uploads\/2018\/05\/Martini-neu-acht.jpg\"><img loading=\"lazy\" class=\"alignnone size-medium wp-image-12986\" src=\"http:\/\/www.petergrau-leichtathlet.de\/wp-content\/uploads\/2018\/05\/Martini-neu-acht-300x225.jpg\" alt=\"Martini neu acht\" width=\"300\" height=\"225\" srcset=\"https:\/\/www.petergrau-leichtathlet.de\/wp-content\/uploads\/2018\/05\/Martini-neu-acht-300x225.jpg 300w, https:\/\/www.petergrau-leichtathlet.de\/wp-content\/uploads\/2018\/05\/Martini-neu-acht.jpg 960w\" sizes=\"(max-width: 300px) 100vw, 300px\" \/><\/a> <a href=\"http:\/\/www.petergrau-leichtathlet.de\/wp-content\/uploads\/2018\/05\/Martini-neu-sieben.jpg\"><img loading=\"lazy\" class=\"alignnone size-medium wp-image-12985\" src=\"http:\/\/www.petergrau-leichtathlet.de\/wp-content\/uploads\/2018\/05\/Martini-neu-sieben-300x225.jpg\" alt=\"Martini neu sieben\" width=\"300\" height=\"225\" srcset=\"https:\/\/www.petergrau-leichtathlet.de\/wp-content\/uploads\/2018\/05\/Martini-neu-sieben-300x225.jpg 300w, https:\/\/www.petergrau-leichtathlet.de\/wp-content\/uploads\/2018\/05\/Martini-neu-sieben.jpg 960w\" sizes=\"(max-width: 300px) 100vw, 300px\" \/><\/a> <a href=\"http:\/\/www.petergrau-leichtathlet.de\/wp-content\/uploads\/2018\/05\/Martini-neu-f\u00fcnf.jpg\"><img loading=\"lazy\" class=\"alignnone size-medium wp-image-12983\" src=\"http:\/\/www.petergrau-leichtathlet.de\/wp-content\/uploads\/2018\/05\/Martini-neu-f\u00fcnf-300x225.jpg\" alt=\"Martini neu f\u00fcnf\" width=\"300\" height=\"225\" srcset=\"https:\/\/www.petergrau-leichtathlet.de\/wp-content\/uploads\/2018\/05\/Martini-neu-f\u00fcnf-300x225.jpg 300w, https:\/\/www.petergrau-leichtathlet.de\/wp-content\/uploads\/2018\/05\/Martini-neu-f\u00fcnf.jpg 960w\" sizes=\"(max-width: 300px) 100vw, 300px\" \/><\/a> <a href=\"http:\/\/www.petergrau-leichtathlet.de\/wp-content\/uploads\/2018\/05\/Martini-neu-sechs.jpg\"><img loading=\"lazy\" class=\"alignnone size-medium wp-image-12984\" src=\"http:\/\/www.petergrau-leichtathlet.de\/wp-content\/uploads\/2018\/05\/Martini-neu-sechs-300x225.jpg\" alt=\"Martini neu sechs\" width=\"300\" height=\"225\" srcset=\"https:\/\/www.petergrau-leichtathlet.de\/wp-content\/uploads\/2018\/05\/Martini-neu-sechs-300x225.jpg 300w, https:\/\/www.petergrau-leichtathlet.de\/wp-content\/uploads\/2018\/05\/Martini-neu-sechs.jpg 960w\" sizes=\"(max-width: 300px) 100vw, 300px\" \/><\/a> <a href=\"http:\/\/www.petergrau-leichtathlet.de\/wp-content\/uploads\/2018\/05\/Martini-neu-vier.jpg\"><img loading=\"lazy\" class=\"alignnone size-medium wp-image-12982\" src=\"http:\/\/www.petergrau-leichtathlet.de\/wp-content\/uploads\/2018\/05\/Martini-neu-vier-300x225.jpg\" alt=\"Martini neu vier\" width=\"300\" height=\"225\" srcset=\"https:\/\/www.petergrau-leichtathlet.de\/wp-content\/uploads\/2018\/05\/Martini-neu-vier-300x225.jpg 300w, https:\/\/www.petergrau-leichtathlet.de\/wp-content\/uploads\/2018\/05\/Martini-neu-vier.jpg 960w\" sizes=\"(max-width: 300px) 100vw, 300px\" \/><\/a> <a href=\"http:\/\/www.petergrau-leichtathlet.de\/wp-content\/uploads\/2018\/05\/Martini-neu-drei.jpg\"><img loading=\"lazy\" class=\"alignnone size-medium wp-image-12981\" src=\"http:\/\/www.petergrau-leichtathlet.de\/wp-content\/uploads\/2018\/05\/Martini-neu-drei-216x300.jpg\" alt=\"Martini neu drei\" width=\"216\" height=\"300\" srcset=\"https:\/\/www.petergrau-leichtathlet.de\/wp-content\/uploads\/2018\/05\/Martini-neu-drei-216x300.jpg 216w, https:\/\/www.petergrau-leichtathlet.de\/wp-content\/uploads\/2018\/05\/Martini-neu-drei.jpg 692w\" sizes=\"(max-width: 216px) 100vw, 216px\" \/><\/a> <a href=\"http:\/\/www.petergrau-leichtathlet.de\/wp-content\/uploads\/2018\/05\/Martini-neu-eins.jpg\"><img loading=\"lazy\" class=\"alignnone size-medium wp-image-12979\" src=\"http:\/\/www.petergrau-leichtathlet.de\/wp-content\/uploads\/2018\/05\/Martini-neu-eins-300x225.jpg\" alt=\"Martini neu eins\" width=\"300\" height=\"225\" srcset=\"https:\/\/www.petergrau-leichtathlet.de\/wp-content\/uploads\/2018\/05\/Martini-neu-eins-300x225.jpg 300w, https:\/\/www.petergrau-leichtathlet.de\/wp-content\/uploads\/2018\/05\/Martini-neu-eins.jpg 960w\" sizes=\"(max-width: 300px) 100vw, 300px\" \/><\/a> <a href=\"http:\/\/www.petergrau-leichtathlet.de\/wp-content\/uploads\/2018\/05\/Martini-neu-zwei.jpg\"><img loading=\"lazy\" class=\"alignnone size-medium wp-image-12980\" src=\"http:\/\/www.petergrau-leichtathlet.de\/wp-content\/uploads\/2018\/05\/Martini-neu-zwei-225x300.jpg\" alt=\"Martini neu zwei\" width=\"225\" height=\"300\" srcset=\"https:\/\/www.petergrau-leichtathlet.de\/wp-content\/uploads\/2018\/05\/Martini-neu-zwei-225x300.jpg 225w, https:\/\/www.petergrau-leichtathlet.de\/wp-content\/uploads\/2018\/05\/Martini-neu-zwei.jpg 720w\" sizes=\"(max-width: 225px) 100vw, 225px\" \/><\/a><\/p>\n<p>Anfangs wollte ich noch mehr dieser Fotos hier vorstellen, doch das verschiebe ich auf sp\u00e4ter.<\/p>\n<p>Zun\u00e4chst aber m\u00f6chte ich Petra Martini als <strong>K\u00fcnstlerin<\/strong> vorstellen.<\/p>\n<p>Mit dem Zeichnen hat sie schon in fr\u00fcher Jugend begonnen. Sp\u00e4ter bleibt sie dabei und wenn man allein das folgende Bild anschaut, merkt man, wie produktiv sie ist.<\/p>\n<p><a href=\"http:\/\/www.petergrau-leichtathlet.de\/wp-content\/uploads\/2018\/05\/Martini-vierunddrei\u00dfig.jpg\"><img loading=\"lazy\" class=\"alignnone size-medium wp-image-12945\" src=\"http:\/\/www.petergrau-leichtathlet.de\/wp-content\/uploads\/2018\/05\/Martini-vierunddrei\u00dfig-300x225.jpg\" alt=\"Martini vierunddrei\u00dfig\" width=\"300\" height=\"225\" srcset=\"https:\/\/www.petergrau-leichtathlet.de\/wp-content\/uploads\/2018\/05\/Martini-vierunddrei\u00dfig-300x225.jpg 300w, https:\/\/www.petergrau-leichtathlet.de\/wp-content\/uploads\/2018\/05\/Martini-vierunddrei\u00dfig.jpg 960w\" sizes=\"(max-width: 300px) 100vw, 300px\" \/><\/a><\/p>\n<p>So ist es f\u00fcr mich kein Probleme, in einer wie immer willk\u00fcrlichen Auswahl einige Werke von ihr vorzustellen. \u00dcberwiegend sind es Aquarelle. Aber auch mit \u00d6l- und Acrylfarben kann sie gut umgehen.<\/p>\n<p><strong>Aquarelle:<\/strong><\/p>\n<p><a href=\"http:\/\/www.petergrau-leichtathlet.de\/wp-content\/uploads\/2018\/05\/Martini-sieben.jpg\"><img loading=\"lazy\" class=\"alignnone size-medium wp-image-12924\" src=\"http:\/\/www.petergrau-leichtathlet.de\/wp-content\/uploads\/2018\/05\/Martini-sieben-300x227.jpg\" alt=\"Martini sieben\" width=\"300\" height=\"227\" srcset=\"https:\/\/www.petergrau-leichtathlet.de\/wp-content\/uploads\/2018\/05\/Martini-sieben-300x227.jpg 300w, https:\/\/www.petergrau-leichtathlet.de\/wp-content\/uploads\/2018\/05\/Martini-sieben.jpg 960w\" sizes=\"(max-width: 300px) 100vw, 300px\" \/><\/a> <a href=\"http:\/\/www.petergrau-leichtathlet.de\/wp-content\/uploads\/2018\/05\/Martini-sechs.jpg\"><img loading=\"lazy\" class=\"alignnone size-medium wp-image-12923\" src=\"http:\/\/www.petergrau-leichtathlet.de\/wp-content\/uploads\/2018\/05\/Martini-sechs-300x248.jpg\" alt=\"Martini sechs\" width=\"300\" height=\"248\" srcset=\"https:\/\/www.petergrau-leichtathlet.de\/wp-content\/uploads\/2018\/05\/Martini-sechs-300x248.jpg 300w, https:\/\/www.petergrau-leichtathlet.de\/wp-content\/uploads\/2018\/05\/Martini-sechs.jpg 960w\" sizes=\"(max-width: 300px) 100vw, 300px\" \/><\/a> <a href=\"http:\/\/www.petergrau-leichtathlet.de\/wp-content\/uploads\/2018\/05\/Martini-neunzehn.jpg\"><img loading=\"lazy\" class=\"alignnone size-medium wp-image-12928\" src=\"http:\/\/www.petergrau-leichtathlet.de\/wp-content\/uploads\/2018\/05\/Martini-neunzehn-300x194.jpg\" alt=\"Martini neunzehn\" width=\"300\" height=\"194\" srcset=\"https:\/\/www.petergrau-leichtathlet.de\/wp-content\/uploads\/2018\/05\/Martini-neunzehn-300x194.jpg 300w, https:\/\/www.petergrau-leichtathlet.de\/wp-content\/uploads\/2018\/05\/Martini-neunzehn.jpg 960w\" sizes=\"(max-width: 300px) 100vw, 300px\" \/><\/a> <a href=\"http:\/\/www.petergrau-leichtathlet.de\/wp-content\/uploads\/2018\/05\/Martini-neun.jpg\"><img loading=\"lazy\" class=\"alignnone size-medium wp-image-12926\" src=\"http:\/\/www.petergrau-leichtathlet.de\/wp-content\/uploads\/2018\/05\/Martini-neun-300x225.jpg\" alt=\"Martini neun\" width=\"300\" height=\"225\" srcset=\"https:\/\/www.petergrau-leichtathlet.de\/wp-content\/uploads\/2018\/05\/Martini-neun-300x225.jpg 300w, https:\/\/www.petergrau-leichtathlet.de\/wp-content\/uploads\/2018\/05\/Martini-neun.jpg 960w\" sizes=\"(max-width: 300px) 100vw, 300px\" \/><\/a> <a href=\"http:\/\/www.petergrau-leichtathlet.de\/wp-content\/uploads\/2018\/05\/Martini-acht.jpg\"><img loading=\"lazy\" class=\"alignnone size-medium wp-image-12925\" src=\"http:\/\/www.petergrau-leichtathlet.de\/wp-content\/uploads\/2018\/05\/Martini-acht-300x225.jpg\" alt=\"Martini acht\" width=\"300\" height=\"225\" srcset=\"https:\/\/www.petergrau-leichtathlet.de\/wp-content\/uploads\/2018\/05\/Martini-acht-300x225.jpg 300w, https:\/\/www.petergrau-leichtathlet.de\/wp-content\/uploads\/2018\/05\/Martini-acht.jpg 960w\" sizes=\"(max-width: 300px) 100vw, 300px\" \/><\/a> <a href=\"http:\/\/www.petergrau-leichtathlet.de\/wp-content\/uploads\/2018\/05\/Martini-zehn.jpg\"><img loading=\"lazy\" class=\"alignnone size-medium wp-image-12927\" src=\"http:\/\/www.petergrau-leichtathlet.de\/wp-content\/uploads\/2018\/05\/Martini-zehn-300x228.jpg\" alt=\"Martini zehn\" width=\"300\" height=\"228\" srcset=\"https:\/\/www.petergrau-leichtathlet.de\/wp-content\/uploads\/2018\/05\/Martini-zehn-300x228.jpg 300w, https:\/\/www.petergrau-leichtathlet.de\/wp-content\/uploads\/2018\/05\/Martini-zehn.jpg 960w\" sizes=\"(max-width: 300px) 100vw, 300px\" \/><\/a> <a href=\"http:\/\/www.petergrau-leichtathlet.de\/wp-content\/uploads\/2018\/05\/Martini-elf.jpg\"><img loading=\"lazy\" class=\"alignnone size-medium wp-image-12929\" src=\"http:\/\/www.petergrau-leichtathlet.de\/wp-content\/uploads\/2018\/05\/Martini-elf-300x243.jpg\" alt=\"Martini elf\" width=\"300\" height=\"243\" srcset=\"https:\/\/www.petergrau-leichtathlet.de\/wp-content\/uploads\/2018\/05\/Martini-elf-300x243.jpg 300w, https:\/\/www.petergrau-leichtathlet.de\/wp-content\/uploads\/2018\/05\/Martini-elf.jpg 960w\" sizes=\"(max-width: 300px) 100vw, 300px\" \/><\/a> <a href=\"http:\/\/www.petergrau-leichtathlet.de\/wp-content\/uploads\/2018\/05\/Martini-zw\u00f6lf.jpg\"><img loading=\"lazy\" class=\"alignnone size-medium wp-image-12930\" src=\"http:\/\/www.petergrau-leichtathlet.de\/wp-content\/uploads\/2018\/05\/Martini-zw\u00f6lf-234x300.jpg\" alt=\"Martini zw\u00f6lf\" width=\"234\" height=\"300\" srcset=\"https:\/\/www.petergrau-leichtathlet.de\/wp-content\/uploads\/2018\/05\/Martini-zw\u00f6lf-234x300.jpg 234w, https:\/\/www.petergrau-leichtathlet.de\/wp-content\/uploads\/2018\/05\/Martini-zw\u00f6lf.jpg 750w\" sizes=\"(max-width: 234px) 100vw, 234px\" \/><\/a> <a href=\"http:\/\/www.petergrau-leichtathlet.de\/wp-content\/uploads\/2018\/05\/Martini-dreizehn.jpg\"><img loading=\"lazy\" class=\"alignnone size-medium wp-image-12931\" src=\"http:\/\/www.petergrau-leichtathlet.de\/wp-content\/uploads\/2018\/05\/Martini-dreizehn-300x225.jpg\" alt=\"Martini dreizehn\" width=\"300\" height=\"225\" srcset=\"https:\/\/www.petergrau-leichtathlet.de\/wp-content\/uploads\/2018\/05\/Martini-dreizehn-300x225.jpg 300w, https:\/\/www.petergrau-leichtathlet.de\/wp-content\/uploads\/2018\/05\/Martini-dreizehn.jpg 960w\" sizes=\"(max-width: 300px) 100vw, 300px\" \/><\/a> <a href=\"http:\/\/www.petergrau-leichtathlet.de\/wp-content\/uploads\/2018\/05\/Martini-vierzehn.jpg\"><img loading=\"lazy\" class=\"alignnone size-medium wp-image-12932\" src=\"http:\/\/www.petergrau-leichtathlet.de\/wp-content\/uploads\/2018\/05\/Martini-vierzehn-300x225.jpg\" alt=\"Martini vierzehn\" width=\"300\" height=\"225\" srcset=\"https:\/\/www.petergrau-leichtathlet.de\/wp-content\/uploads\/2018\/05\/Martini-vierzehn-300x225.jpg 300w, https:\/\/www.petergrau-leichtathlet.de\/wp-content\/uploads\/2018\/05\/Martini-vierzehn.jpg 960w\" sizes=\"(max-width: 300px) 100vw, 300px\" \/><\/a> <a href=\"http:\/\/www.petergrau-leichtathlet.de\/wp-content\/uploads\/2018\/05\/Martini-f\u00fcnfzehn.jpg\"><img loading=\"lazy\" class=\"alignnone size-medium wp-image-12933\" src=\"http:\/\/www.petergrau-leichtathlet.de\/wp-content\/uploads\/2018\/05\/Martini-f\u00fcnfzehn-300x228.jpg\" alt=\"Martini f\u00fcnfzehn\" width=\"300\" height=\"228\" srcset=\"https:\/\/www.petergrau-leichtathlet.de\/wp-content\/uploads\/2018\/05\/Martini-f\u00fcnfzehn-300x228.jpg 300w, https:\/\/www.petergrau-leichtathlet.de\/wp-content\/uploads\/2018\/05\/Martini-f\u00fcnfzehn.jpg 960w\" sizes=\"(max-width: 300px) 100vw, 300px\" \/><\/a> <a href=\"http:\/\/www.petergrau-leichtathlet.de\/wp-content\/uploads\/2018\/05\/Martini-sechszehn.jpg\"><img loading=\"lazy\" class=\"alignnone size-medium wp-image-12934\" src=\"http:\/\/www.petergrau-leichtathlet.de\/wp-content\/uploads\/2018\/05\/Martini-sechszehn-300x170.jpg\" alt=\"Martini sechszehn\" width=\"300\" height=\"170\" srcset=\"https:\/\/www.petergrau-leichtathlet.de\/wp-content\/uploads\/2018\/05\/Martini-sechszehn-300x170.jpg 300w, https:\/\/www.petergrau-leichtathlet.de\/wp-content\/uploads\/2018\/05\/Martini-sechszehn.jpg 960w\" sizes=\"(max-width: 300px) 100vw, 300px\" \/><\/a> <a href=\"http:\/\/www.petergrau-leichtathlet.de\/wp-content\/uploads\/2018\/05\/Martini-siebzehn.jpg\"><img loading=\"lazy\" class=\"alignnone size-medium wp-image-12935\" src=\"http:\/\/www.petergrau-leichtathlet.de\/wp-content\/uploads\/2018\/05\/Martini-siebzehn-300x238.jpg\" alt=\"Martini siebzehn\" width=\"300\" height=\"238\" srcset=\"https:\/\/www.petergrau-leichtathlet.de\/wp-content\/uploads\/2018\/05\/Martini-siebzehn-300x238.jpg 300w, https:\/\/www.petergrau-leichtathlet.de\/wp-content\/uploads\/2018\/05\/Martini-siebzehn.jpg 960w\" sizes=\"(max-width: 300px) 100vw, 300px\" \/><\/a> <a href=\"http:\/\/www.petergrau-leichtathlet.de\/wp-content\/uploads\/2018\/05\/Martini-achtzehn.jpg\"><img loading=\"lazy\" class=\"alignnone size-medium wp-image-12936\" src=\"http:\/\/www.petergrau-leichtathlet.de\/wp-content\/uploads\/2018\/05\/Martini-achtzehn-300x226.jpg\" alt=\"Martini achtzehn\" width=\"300\" height=\"226\" srcset=\"https:\/\/www.petergrau-leichtathlet.de\/wp-content\/uploads\/2018\/05\/Martini-achtzehn-300x226.jpg 300w, https:\/\/www.petergrau-leichtathlet.de\/wp-content\/uploads\/2018\/05\/Martini-achtzehn.jpg 960w\" sizes=\"(max-width: 300px) 100vw, 300px\" \/><\/a> <a href=\"http:\/\/www.petergrau-leichtathlet.de\/wp-content\/uploads\/2018\/05\/Martini-zwanzig.jpg\"><img loading=\"lazy\" class=\"alignnone size-medium wp-image-12937\" src=\"http:\/\/www.petergrau-leichtathlet.de\/wp-content\/uploads\/2018\/05\/Martini-zwanzig-300x254.jpg\" alt=\"Martini zwanzig\" width=\"300\" height=\"254\" srcset=\"https:\/\/www.petergrau-leichtathlet.de\/wp-content\/uploads\/2018\/05\/Martini-zwanzig-300x254.jpg 300w, https:\/\/www.petergrau-leichtathlet.de\/wp-content\/uploads\/2018\/05\/Martini-zwanzig.jpg 960w\" sizes=\"(max-width: 300px) 100vw, 300px\" \/><\/a> <a href=\"http:\/\/www.petergrau-leichtathlet.de\/wp-content\/uploads\/2018\/05\/Martini-f\u00fcnfundzwanzig.jpg\"><img loading=\"lazy\" class=\"alignnone size-medium wp-image-12938\" src=\"http:\/\/www.petergrau-leichtathlet.de\/wp-content\/uploads\/2018\/05\/Martini-f\u00fcnfundzwanzig-300x229.jpg\" alt=\"Martini f\u00fcnfundzwanzig\" width=\"300\" height=\"229\" srcset=\"https:\/\/www.petergrau-leichtathlet.de\/wp-content\/uploads\/2018\/05\/Martini-f\u00fcnfundzwanzig-300x229.jpg 300w, https:\/\/www.petergrau-leichtathlet.de\/wp-content\/uploads\/2018\/05\/Martini-f\u00fcnfundzwanzig.jpg 960w\" sizes=\"(max-width: 300px) 100vw, 300px\" \/><\/a> <a href=\"http:\/\/www.petergrau-leichtathlet.de\/wp-content\/uploads\/2018\/05\/Martini-sechsundzwanzig.jpg\"><img loading=\"lazy\" class=\"alignnone size-medium wp-image-12939\" src=\"http:\/\/www.petergrau-leichtathlet.de\/wp-content\/uploads\/2018\/05\/Martini-sechsundzwanzig-300x224.jpg\" alt=\"Martini sechsundzwanzig\" width=\"300\" height=\"224\" srcset=\"https:\/\/www.petergrau-leichtathlet.de\/wp-content\/uploads\/2018\/05\/Martini-sechsundzwanzig-300x224.jpg 300w, https:\/\/www.petergrau-leichtathlet.de\/wp-content\/uploads\/2018\/05\/Martini-sechsundzwanzig.jpg 960w\" sizes=\"(max-width: 300px) 100vw, 300px\" \/><\/a> <a href=\"http:\/\/www.petergrau-leichtathlet.de\/wp-content\/uploads\/2018\/05\/Martini-siebenundzwanzig.jpg\"><img loading=\"lazy\" class=\"alignnone size-medium wp-image-12940\" src=\"http:\/\/www.petergrau-leichtathlet.de\/wp-content\/uploads\/2018\/05\/Martini-siebenundzwanzig-300x237.jpg\" alt=\"Martini siebenundzwanzig\" width=\"300\" height=\"237\" srcset=\"https:\/\/www.petergrau-leichtathlet.de\/wp-content\/uploads\/2018\/05\/Martini-siebenundzwanzig-300x237.jpg 300w, https:\/\/www.petergrau-leichtathlet.de\/wp-content\/uploads\/2018\/05\/Martini-siebenundzwanzig.jpg 960w\" sizes=\"(max-width: 300px) 100vw, 300px\" \/><\/a> <a href=\"http:\/\/www.petergrau-leichtathlet.de\/wp-content\/uploads\/2018\/05\/Martini-achtundzwanzig.jpg\"><img loading=\"lazy\" class=\"alignnone size-medium wp-image-12941\" src=\"http:\/\/www.petergrau-leichtathlet.de\/wp-content\/uploads\/2018\/05\/Martini-achtundzwanzig-300x229.jpg\" alt=\"Martini achtundzwanzig\" width=\"300\" height=\"229\" srcset=\"https:\/\/www.petergrau-leichtathlet.de\/wp-content\/uploads\/2018\/05\/Martini-achtundzwanzig-300x229.jpg 300w, https:\/\/www.petergrau-leichtathlet.de\/wp-content\/uploads\/2018\/05\/Martini-achtundzwanzig.jpg 960w\" sizes=\"(max-width: 300px) 100vw, 300px\" \/><\/a> <a href=\"http:\/\/www.petergrau-leichtathlet.de\/wp-content\/uploads\/2018\/05\/Martini-neunundzwanzig.jpg\"><img loading=\"lazy\" class=\"alignnone size-medium wp-image-12942\" src=\"http:\/\/www.petergrau-leichtathlet.de\/wp-content\/uploads\/2018\/05\/Martini-neunundzwanzig-300x223.jpg\" alt=\"Martini neunundzwanzig\" width=\"300\" height=\"223\" srcset=\"https:\/\/www.petergrau-leichtathlet.de\/wp-content\/uploads\/2018\/05\/Martini-neunundzwanzig-300x223.jpg 300w, https:\/\/www.petergrau-leichtathlet.de\/wp-content\/uploads\/2018\/05\/Martini-neunundzwanzig.jpg 960w\" sizes=\"(max-width: 300px) 100vw, 300px\" \/><\/a> <a href=\"http:\/\/www.petergrau-leichtathlet.de\/wp-content\/uploads\/2018\/05\/Martini-einunddrei\u00dfig.jpg\"><img loading=\"lazy\" class=\"alignnone size-medium wp-image-12943\" src=\"http:\/\/www.petergrau-leichtathlet.de\/wp-content\/uploads\/2018\/05\/Martini-einunddrei\u00dfig-300x231.jpg\" alt=\"Martini einunddrei\u00dfig\" width=\"300\" height=\"231\" srcset=\"https:\/\/www.petergrau-leichtathlet.de\/wp-content\/uploads\/2018\/05\/Martini-einunddrei\u00dfig-300x231.jpg 300w, https:\/\/www.petergrau-leichtathlet.de\/wp-content\/uploads\/2018\/05\/Martini-einunddrei\u00dfig.jpg 960w\" sizes=\"(max-width: 300px) 100vw, 300px\" \/><\/a> <a href=\"http:\/\/www.petergrau-leichtathlet.de\/wp-content\/uploads\/2018\/05\/Martini-zweiunddrei\u00dfig.jpg\"><img loading=\"lazy\" class=\"alignnone size-medium wp-image-12944\" src=\"http:\/\/www.petergrau-leichtathlet.de\/wp-content\/uploads\/2018\/05\/Martini-zweiunddrei\u00dfig-231x300.jpg\" alt=\"Martini zweiunddrei\u00dfig\" width=\"231\" height=\"300\" srcset=\"https:\/\/www.petergrau-leichtathlet.de\/wp-content\/uploads\/2018\/05\/Martini-zweiunddrei\u00dfig-231x300.jpg 231w, https:\/\/www.petergrau-leichtathlet.de\/wp-content\/uploads\/2018\/05\/Martini-zweiunddrei\u00dfig.jpg 740w\" sizes=\"(max-width: 231px) 100vw, 231px\" \/><\/a><\/p>\n<p>&nbsp;<\/p>\n<p><strong>\u00d6lbilder:<\/strong><\/p>\n<p><a href=\"http:\/\/www.petergrau-leichtathlet.de\/wp-content\/uploads\/2018\/05\/Martini-einundzwanzig.jpg\"><img loading=\"lazy\" class=\"alignnone size-medium wp-image-12946\" src=\"http:\/\/www.petergrau-leichtathlet.de\/wp-content\/uploads\/2018\/05\/Martini-einundzwanzig-300x236.jpg\" alt=\"Martini einundzwanzig\" width=\"300\" height=\"236\" srcset=\"https:\/\/www.petergrau-leichtathlet.de\/wp-content\/uploads\/2018\/05\/Martini-einundzwanzig-300x236.jpg 300w, https:\/\/www.petergrau-leichtathlet.de\/wp-content\/uploads\/2018\/05\/Martini-einundzwanzig.jpg 960w\" sizes=\"(max-width: 300px) 100vw, 300px\" \/><\/a> <a href=\"http:\/\/www.petergrau-leichtathlet.de\/wp-content\/uploads\/2018\/05\/Martini-vierundzwanzig.jpg\"><img loading=\"lazy\" class=\"alignnone size-medium wp-image-12947\" src=\"http:\/\/www.petergrau-leichtathlet.de\/wp-content\/uploads\/2018\/05\/Martini-vierundzwanzig-300x222.jpg\" alt=\"Martini vierundzwanzig\" width=\"300\" height=\"222\" srcset=\"https:\/\/www.petergrau-leichtathlet.de\/wp-content\/uploads\/2018\/05\/Martini-vierundzwanzig-300x222.jpg 300w, https:\/\/www.petergrau-leichtathlet.de\/wp-content\/uploads\/2018\/05\/Martini-vierundzwanzig.jpg 960w\" sizes=\"(max-width: 300px) 100vw, 300px\" \/><\/a> <a href=\"http:\/\/www.petergrau-leichtathlet.de\/wp-content\/uploads\/2018\/05\/Martini-dreiunddrei\u00dfig.jpg\"><img loading=\"lazy\" class=\"alignnone size-medium wp-image-12948\" src=\"http:\/\/www.petergrau-leichtathlet.de\/wp-content\/uploads\/2018\/05\/Martini-dreiunddrei\u00dfig-300x235.jpg\" alt=\"Martini dreiunddrei\u00dfig\" width=\"300\" height=\"235\" srcset=\"https:\/\/www.petergrau-leichtathlet.de\/wp-content\/uploads\/2018\/05\/Martini-dreiunddrei\u00dfig-300x235.jpg 300w, https:\/\/www.petergrau-leichtathlet.de\/wp-content\/uploads\/2018\/05\/Martini-dreiunddrei\u00dfig.jpg 960w\" sizes=\"(max-width: 300px) 100vw, 300px\" \/><\/a> <a href=\"http:\/\/www.petergrau-leichtathlet.de\/wp-content\/uploads\/2018\/05\/Martini-sechsunddrei\u00dfig.jpg\"><img loading=\"lazy\" class=\"alignnone size-medium wp-image-12949\" src=\"http:\/\/www.petergrau-leichtathlet.de\/wp-content\/uploads\/2018\/05\/Martini-sechsunddrei\u00dfig-300x235.jpg\" alt=\"Martini sechsunddrei\u00dfig\" width=\"300\" height=\"235\" srcset=\"https:\/\/www.petergrau-leichtathlet.de\/wp-content\/uploads\/2018\/05\/Martini-sechsunddrei\u00dfig-300x235.jpg 300w, https:\/\/www.petergrau-leichtathlet.de\/wp-content\/uploads\/2018\/05\/Martini-sechsunddrei\u00dfig.jpg 960w\" sizes=\"(max-width: 300px) 100vw, 300px\" \/><\/a> <a href=\"http:\/\/www.petergrau-leichtathlet.de\/wp-content\/uploads\/2018\/05\/Martini-achtunddrei\u00dfig.jpg\"><img loading=\"lazy\" class=\"alignnone size-medium wp-image-12950\" src=\"http:\/\/www.petergrau-leichtathlet.de\/wp-content\/uploads\/2018\/05\/Martini-achtunddrei\u00dfig-300x254.jpg\" alt=\"Martini achtunddrei\u00dfig\" width=\"300\" height=\"254\" srcset=\"https:\/\/www.petergrau-leichtathlet.de\/wp-content\/uploads\/2018\/05\/Martini-achtunddrei\u00dfig-300x254.jpg 300w, https:\/\/www.petergrau-leichtathlet.de\/wp-content\/uploads\/2018\/05\/Martini-achtunddrei\u00dfig.jpg 960w\" sizes=\"(max-width: 300px) 100vw, 300px\" \/><\/a> <a href=\"http:\/\/www.petergrau-leichtathlet.de\/wp-content\/uploads\/2018\/05\/Martini-vierzig.jpg\"><img loading=\"lazy\" class=\"alignnone size-medium wp-image-12951\" src=\"http:\/\/www.petergrau-leichtathlet.de\/wp-content\/uploads\/2018\/05\/Martini-vierzig-300x215.jpg\" alt=\"Martini vierzig\" width=\"300\" height=\"215\" srcset=\"https:\/\/www.petergrau-leichtathlet.de\/wp-content\/uploads\/2018\/05\/Martini-vierzig-300x215.jpg 300w, https:\/\/www.petergrau-leichtathlet.de\/wp-content\/uploads\/2018\/05\/Martini-vierzig.jpg 960w\" sizes=\"(max-width: 300px) 100vw, 300px\" \/><\/a><\/p>\n<p>&nbsp;<\/p>\n<p><strong>Acrylbilder:<\/strong><\/p>\n<p><a href=\"http:\/\/www.petergrau-leichtathlet.de\/wp-content\/uploads\/2018\/05\/Martini-siebenunddrei\u00dfig.jpg\"><img loading=\"lazy\" class=\"alignnone size-medium wp-image-12957\" src=\"http:\/\/www.petergrau-leichtathlet.de\/wp-content\/uploads\/2018\/05\/Martini-siebenunddrei\u00dfig-300x227.jpg\" alt=\"Martini siebenunddrei\u00dfig\" width=\"300\" height=\"227\" srcset=\"https:\/\/www.petergrau-leichtathlet.de\/wp-content\/uploads\/2018\/05\/Martini-siebenunddrei\u00dfig-300x227.jpg 300w, https:\/\/www.petergrau-leichtathlet.de\/wp-content\/uploads\/2018\/05\/Martini-siebenunddrei\u00dfig.jpg 960w\" sizes=\"(max-width: 300px) 100vw, 300px\" \/><\/a> <a href=\"http:\/\/www.petergrau-leichtathlet.de\/wp-content\/uploads\/2018\/05\/Martini-zweiundzwanzig.jpg\"><img loading=\"lazy\" class=\"alignnone size-medium wp-image-12953\" src=\"http:\/\/www.petergrau-leichtathlet.de\/wp-content\/uploads\/2018\/05\/Martini-zweiundzwanzig-225x300.jpg\" alt=\"Martini zweiundzwanzig\" width=\"225\" height=\"300\" srcset=\"https:\/\/www.petergrau-leichtathlet.de\/wp-content\/uploads\/2018\/05\/Martini-zweiundzwanzig-225x300.jpg 225w, https:\/\/www.petergrau-leichtathlet.de\/wp-content\/uploads\/2018\/05\/Martini-zweiundzwanzig.jpg 720w\" sizes=\"(max-width: 225px) 100vw, 225px\" \/><\/a> <a href=\"http:\/\/www.petergrau-leichtathlet.de\/wp-content\/uploads\/2018\/05\/Martini-dreiundzwanzig.jpg\"><img loading=\"lazy\" class=\"alignnone size-medium wp-image-12954\" src=\"http:\/\/www.petergrau-leichtathlet.de\/wp-content\/uploads\/2018\/05\/Martini-dreiundzwanzig-300x217.jpg\" alt=\"Martini dreiundzwanzig\" width=\"300\" height=\"217\" srcset=\"https:\/\/www.petergrau-leichtathlet.de\/wp-content\/uploads\/2018\/05\/Martini-dreiundzwanzig-300x217.jpg 300w, https:\/\/www.petergrau-leichtathlet.de\/wp-content\/uploads\/2018\/05\/Martini-dreiundzwanzig.jpg 960w\" sizes=\"(max-width: 300px) 100vw, 300px\" \/><\/a> <a href=\"http:\/\/www.petergrau-leichtathlet.de\/wp-content\/uploads\/2018\/05\/Martini-f\u00fcnfunddrei\u00dfig.jpg\"><img loading=\"lazy\" class=\"alignnone size-medium wp-image-12956\" src=\"http:\/\/www.petergrau-leichtathlet.de\/wp-content\/uploads\/2018\/05\/Martini-f\u00fcnfunddrei\u00dfig-300x226.jpg\" alt=\"Martini f\u00fcnfunddrei\u00dfig\" width=\"300\" height=\"226\" srcset=\"https:\/\/www.petergrau-leichtathlet.de\/wp-content\/uploads\/2018\/05\/Martini-f\u00fcnfunddrei\u00dfig-300x226.jpg 300w, https:\/\/www.petergrau-leichtathlet.de\/wp-content\/uploads\/2018\/05\/Martini-f\u00fcnfunddrei\u00dfig.jpg 960w\" sizes=\"(max-width: 300px) 100vw, 300px\" \/><\/a> <a href=\"http:\/\/www.petergrau-leichtathlet.de\/wp-content\/uploads\/2018\/05\/Martini-neununddrei\u00dfig.jpg\"><img loading=\"lazy\" class=\"alignnone size-medium wp-image-12958\" src=\"http:\/\/www.petergrau-leichtathlet.de\/wp-content\/uploads\/2018\/05\/Martini-neununddrei\u00dfig-300x230.jpg\" alt=\"Martini neununddrei\u00dfig\" width=\"300\" height=\"230\" srcset=\"https:\/\/www.petergrau-leichtathlet.de\/wp-content\/uploads\/2018\/05\/Martini-neununddrei\u00dfig-300x230.jpg 300w, https:\/\/www.petergrau-leichtathlet.de\/wp-content\/uploads\/2018\/05\/Martini-neununddrei\u00dfig.jpg 960w\" sizes=\"(max-width: 300px) 100vw, 300px\" \/><\/a><\/p>\n<p><strong>Peter Grau<\/strong><\/p>\n","protected":false},"excerpt":{"rendered":"<p>Unsere erste virtuelle Begegnung \u00fcbers Internet war etwas au\u00dfergew\u00f6hnlich.\u00a0 Ich schrieb aus dem brandenburgischen Neuruppin auf meinem Computer, Petra Martini antwortete mit ihrem Smartphone von einem Berg. Aber nicht in den Alpen weilte sie, sondern in Norwegen.\u00a0 Dort gibt es eben nicht nur\u00a0 Wasser und Fjorde, sondern auch H\u00fcgel und Berge. \u201eIch bin gern auf &hellip; <a href=\"https:\/\/www.petergrau-leichtathlet.de\/?p=12959\" class=\"more-link\"><span class=\"screen-reader-text\">Petra Martini: Eine deutsche K\u00fcnstlerin, die in Norwegen lebt<\/span> weiterlesen <span class=\"meta-nav\">&rarr;<\/span><\/a><\/p>\n","protected":false},"author":1,"featured_media":0,"comment_status":"closed","ping_status":"open","sticky":false,"template":"","format":"standard","meta":[],"categories":[17],"tags":[],"_links":{"self":[{"href":"https:\/\/www.petergrau-leichtathlet.de\/index.php?rest_route=\/wp\/v2\/posts\/12959"}],"collection":[{"href":"https:\/\/www.petergrau-leichtathlet.de\/index.php?rest_route=\/wp\/v2\/posts"}],"about":[{"href":"https:\/\/www.petergrau-leichtathlet.de\/index.php?rest_route=\/wp\/v2\/types\/post"}],"author":[{"embeddable":true,"href":"https:\/\/www.petergrau-leichtathlet.de\/index.php?rest_route=\/wp\/v2\/users\/1"}],"replies":[{"embeddable":true,"href":"https:\/\/www.petergrau-leichtathlet.de\/index.php?rest_route=%2Fwp%2Fv2%2Fcomments&post=12959"}],"version-history":[{"count":5,"href":"https:\/\/www.petergrau-leichtathlet.de\/index.php?rest_route=\/wp\/v2\/posts\/12959\/revisions"}],"predecessor-version":[{"id":12987,"href":"https:\/\/www.petergrau-leichtathlet.de\/index.php?rest_route=\/wp\/v2\/posts\/12959\/revisions\/12987"}],"wp:attachment":[{"href":"https:\/\/www.petergrau-leichtathlet.de\/index.php?rest_route=%2Fwp%2Fv2%2Fmedia&parent=12959"}],"wp:term":[{"taxonomy":"category","embeddable":true,"href":"https:\/\/www.petergrau-leichtathlet.de\/index.php?rest_route=%2Fwp%2Fv2%2Fcategories&post=12959"},{"taxonomy":"post_tag","embeddable":true,"href":"https:\/\/www.petergrau-leichtathlet.de\/index.php?rest_route=%2Fwp%2Fv2%2Ftags&post=12959"}],"curies":[{"name":"wp","href":"https:\/\/api.w.org\/{rel}","templated":true}]}}