{"id":13631,"date":"2018-08-14T22:03:14","date_gmt":"2018-08-14T20:03:14","guid":{"rendered":"http:\/\/www.petergrau-leichtathlet.de\/?p=13631"},"modified":"2018-08-16T18:21:21","modified_gmt":"2018-08-16T16:21:21","slug":"13631","status":"publish","type":"post","link":"https:\/\/www.petergrau-leichtathlet.de\/?p=13631","title":{"rendered":"Leichtathletik-EM in Berlin: Malaika Gold im Weitsprung, Mateusz Gold im Hochsprung"},"content":{"rendered":"<p><a href=\"http:\/\/www.petergrau-leichtathlet.de\/wp-content\/uploads\/2018\/08\/EM-2018-zwei-Thomas-R\u00f6hler.jpg\"><img loading=\"lazy\" class=\"alignnone size-medium wp-image-13756\" src=\"http:\/\/www.petergrau-leichtathlet.de\/wp-content\/uploads\/2018\/08\/EM-2018-zwei-Thomas-R\u00f6hler-300x111.jpg\" alt=\"EM 2018 zwei Thomas R\u00f6hler\" width=\"300\" height=\"111\" srcset=\"https:\/\/www.petergrau-leichtathlet.de\/wp-content\/uploads\/2018\/08\/EM-2018-zwei-Thomas-R\u00f6hler-300x111.jpg 300w, https:\/\/www.petergrau-leichtathlet.de\/wp-content\/uploads\/2018\/08\/EM-2018-zwei-Thomas-R\u00f6hler-1024x379.jpg 1024w, https:\/\/www.petergrau-leichtathlet.de\/wp-content\/uploads\/2018\/08\/EM-2018-zwei-Thomas-R\u00f6hler.jpg 2048w\" sizes=\"(max-width: 300px) 100vw, 300px\" \/><\/a><\/p>\n<p>Nachdem ich am Freitag (11.8.) die Wettbewerbe\u00a0 am Fernseher verfolgte und dabei\u00a0 den Goldwurf von Speerwerferin Christin Hussong den silbernen Dreisprung von Kristin Gierisch und die Bronzemedaillen von Siebenk\u00e4mpferin Carolin Sch\u00e4fer\u00a0 und Hochspringerin \u00a0Marie-Laurence Jungfleisch erlebte, fuhr ich am Samstag (12.8.) wieder gen Berlin.<\/p>\n<p>Eigentlich wollte ich schon morgens in der Fr\u00fche die Geherinnen und Geher \u00fcber 20 km auf dem Kurs am Breitscheidplatz beobachten, aber gerade als ich 9 Uhr ins Auto stieg, bekam ich mit, da\u00df die Wettbewerbe wegen eines Gasalarms verschoben werden mu\u00dften. So blieb ich zun\u00e4chst in Neuruppin. Und verfolgte fortan alles am Fernseher, auch den gemeinsamen Start der Geherinnen und Geher um 10.55 Uhr.\u00a0 Leider wurde es dann nichts mit der von Christopher Linke anvisierten Medaille.<\/p>\n<p>Gegen 17 Uhr aber setzte ich mich dann ins Auto und fuhr die nun schon gewohnte Strecke nach Berlin und zum Parkplatz in der Heerstra\u00dfe \/Ecke Flatowstra\u00dfe. Drei Stunden blieb mir Zeit, mich im Stadion umzusehen:<\/p>\n<p><a href=\"http:\/\/www.petergrau-leichtathlet.de\/wp-content\/uploads\/2018\/08\/Hoch-eins.jpg\"><img loading=\"lazy\" class=\"alignnone size-medium wp-image-13563\" src=\"http:\/\/www.petergrau-leichtathlet.de\/wp-content\/uploads\/2018\/08\/Hoch-eins-300x225.jpg\" alt=\"Hoch eins\" width=\"300\" height=\"225\" srcset=\"https:\/\/www.petergrau-leichtathlet.de\/wp-content\/uploads\/2018\/08\/Hoch-eins-300x225.jpg 300w, https:\/\/www.petergrau-leichtathlet.de\/wp-content\/uploads\/2018\/08\/Hoch-eins-1024x768.jpg 1024w\" sizes=\"(max-width: 300px) 100vw, 300px\" \/><\/a> <a href=\"http:\/\/www.petergrau-leichtathlet.de\/wp-content\/uploads\/2018\/08\/Hoch-zwei.jpg\"><img loading=\"lazy\" class=\"alignnone size-medium wp-image-13564\" src=\"http:\/\/www.petergrau-leichtathlet.de\/wp-content\/uploads\/2018\/08\/Hoch-zwei-300x225.jpg\" alt=\"Hoch zwei\" width=\"300\" height=\"225\" srcset=\"https:\/\/www.petergrau-leichtathlet.de\/wp-content\/uploads\/2018\/08\/Hoch-zwei-300x225.jpg 300w, https:\/\/www.petergrau-leichtathlet.de\/wp-content\/uploads\/2018\/08\/Hoch-zwei-1024x768.jpg 1024w\" sizes=\"(max-width: 300px) 100vw, 300px\" \/><\/a> <a href=\"http:\/\/www.petergrau-leichtathlet.de\/wp-content\/uploads\/2018\/08\/Hoch-drei.jpg\"><img loading=\"lazy\" class=\"alignnone size-medium wp-image-13565\" src=\"http:\/\/www.petergrau-leichtathlet.de\/wp-content\/uploads\/2018\/08\/Hoch-drei-300x225.jpg\" alt=\"Hoch drei\" width=\"300\" height=\"225\" srcset=\"https:\/\/www.petergrau-leichtathlet.de\/wp-content\/uploads\/2018\/08\/Hoch-drei-300x225.jpg 300w, https:\/\/www.petergrau-leichtathlet.de\/wp-content\/uploads\/2018\/08\/Hoch-drei-1024x768.jpg 1024w\" sizes=\"(max-width: 300px) 100vw, 300px\" \/><\/a><\/p>\n<p>Im Medienzelt ist bereits Betrieb:<\/p>\n<p><a href=\"http:\/\/www.petergrau-leichtathlet.de\/wp-content\/uploads\/2018\/08\/Hoch-vier.jpg\"><img loading=\"lazy\" class=\"alignnone size-medium wp-image-13566\" src=\"http:\/\/www.petergrau-leichtathlet.de\/wp-content\/uploads\/2018\/08\/Hoch-vier-300x225.jpg\" alt=\"Hoch vier\" width=\"300\" height=\"225\" srcset=\"https:\/\/www.petergrau-leichtathlet.de\/wp-content\/uploads\/2018\/08\/Hoch-vier-300x225.jpg 300w, https:\/\/www.petergrau-leichtathlet.de\/wp-content\/uploads\/2018\/08\/Hoch-vier-1024x768.jpg 1024w\" sizes=\"(max-width: 300px) 100vw, 300px\" \/><\/a><\/p>\n<p>Auch der Cheforganisator der EM, Frank Kowalski, ist dort:<\/p>\n<p><a href=\"http:\/\/www.petergrau-leichtathlet.de\/wp-content\/uploads\/2018\/08\/Hoch-f\u00fcnf.jpg\"><img loading=\"lazy\" class=\"alignnone size-medium wp-image-13567\" src=\"http:\/\/www.petergrau-leichtathlet.de\/wp-content\/uploads\/2018\/08\/Hoch-f\u00fcnf-300x272.jpg\" alt=\"Hoch f\u00fcnf\" width=\"300\" height=\"272\" srcset=\"https:\/\/www.petergrau-leichtathlet.de\/wp-content\/uploads\/2018\/08\/Hoch-f\u00fcnf-300x272.jpg 300w, https:\/\/www.petergrau-leichtathlet.de\/wp-content\/uploads\/2018\/08\/Hoch-f\u00fcnf-1024x927.jpg 1024w\" sizes=\"(max-width: 300px) 100vw, 300px\" \/><\/a><a href=\"http:\/\/www.petergrau-leichtathlet.de\/wp-content\/uploads\/2018\/08\/Hoch-sechs.jpg\"><img loading=\"lazy\" class=\"alignnone size-medium wp-image-13568\" src=\"http:\/\/www.petergrau-leichtathlet.de\/wp-content\/uploads\/2018\/08\/Hoch-sechs-300x225.jpg\" alt=\"Hoch sechs\" width=\"300\" height=\"225\" srcset=\"https:\/\/www.petergrau-leichtathlet.de\/wp-content\/uploads\/2018\/08\/Hoch-sechs-300x225.jpg 300w, https:\/\/www.petergrau-leichtathlet.de\/wp-content\/uploads\/2018\/08\/Hoch-sechs-1024x768.jpg 1024w\" sizes=\"(max-width: 300px) 100vw, 300px\" \/><\/a><\/p>\n<p>Und auch Siggi Heinrich, Urgestein der Leichtathletik-Berichterstattung von Eurosport, bereitet sich auf seinen n\u00e4chsten Auftritt vor:<\/p>\n<p><a href=\"http:\/\/www.petergrau-leichtathlet.de\/wp-content\/uploads\/2018\/08\/Hoch-sieben.jpg\"><img loading=\"lazy\" class=\"alignnone size-medium wp-image-13569\" src=\"http:\/\/www.petergrau-leichtathlet.de\/wp-content\/uploads\/2018\/08\/Hoch-sieben-273x300.jpg\" alt=\"Hoch sieben\" width=\"273\" height=\"300\" srcset=\"https:\/\/www.petergrau-leichtathlet.de\/wp-content\/uploads\/2018\/08\/Hoch-sieben-273x300.jpg 273w, https:\/\/www.petergrau-leichtathlet.de\/wp-content\/uploads\/2018\/08\/Hoch-sieben-931x1024.jpg 931w\" sizes=\"(max-width: 273px) 100vw, 273px\" \/><\/a><\/p>\n<p>Ein Blick vom Marathontor ins Stadion:<\/p>\n<p><a href=\"http:\/\/www.petergrau-leichtathlet.de\/wp-content\/uploads\/2018\/08\/Hoch-acht.jpg\"><img loading=\"lazy\" class=\"alignnone size-medium wp-image-13570\" src=\"http:\/\/www.petergrau-leichtathlet.de\/wp-content\/uploads\/2018\/08\/Hoch-acht-300x225.jpg\" alt=\"Hoch acht\" width=\"300\" height=\"225\" srcset=\"https:\/\/www.petergrau-leichtathlet.de\/wp-content\/uploads\/2018\/08\/Hoch-acht-300x225.jpg 300w, https:\/\/www.petergrau-leichtathlet.de\/wp-content\/uploads\/2018\/08\/Hoch-acht-1024x768.jpg 1024w\" sizes=\"(max-width: 300px) 100vw, 300px\" \/><\/a><\/p>\n<p>Das Verpflegungszelt f\u00fcr Volunteers, Mitarbeiter der Organisation und Journalisten:<\/p>\n<p><a href=\"http:\/\/www.petergrau-leichtathlet.de\/wp-content\/uploads\/2018\/08\/Hoch-neun.jpg\"><img loading=\"lazy\" class=\"alignnone size-medium wp-image-13571\" src=\"http:\/\/www.petergrau-leichtathlet.de\/wp-content\/uploads\/2018\/08\/Hoch-neun-300x189.jpg\" alt=\"Hoch neun\" width=\"300\" height=\"189\" srcset=\"https:\/\/www.petergrau-leichtathlet.de\/wp-content\/uploads\/2018\/08\/Hoch-neun-300x189.jpg 300w, https:\/\/www.petergrau-leichtathlet.de\/wp-content\/uploads\/2018\/08\/Hoch-neun-1024x646.jpg 1024w\" sizes=\"(max-width: 300px) 100vw, 300px\" \/><\/a><\/p>\n<p><a href=\"http:\/\/www.petergrau-leichtathlet.de\/wp-content\/uploads\/2018\/08\/Hoch-zehn.jpg\"><img loading=\"lazy\" class=\"alignnone size-medium wp-image-13572\" src=\"http:\/\/www.petergrau-leichtathlet.de\/wp-content\/uploads\/2018\/08\/Hoch-zehn-300x187.jpg\" alt=\"Hoch zehn\" width=\"300\" height=\"187\" srcset=\"https:\/\/www.petergrau-leichtathlet.de\/wp-content\/uploads\/2018\/08\/Hoch-zehn-300x187.jpg 300w, https:\/\/www.petergrau-leichtathlet.de\/wp-content\/uploads\/2018\/08\/Hoch-zehn-1024x640.jpg 1024w\" sizes=\"(max-width: 300px) 100vw, 300px\" \/><\/a><\/p>\n<p>Ein Blick ins Schwimmbad. Dort fanden 1936 die olympischen Wettbewerbe statt:<\/p>\n<p><a href=\"http:\/\/www.petergrau-leichtathlet.de\/wp-content\/uploads\/2018\/08\/Hoch-elf.jpg\"><img loading=\"lazy\" class=\"alignnone size-medium wp-image-13573\" src=\"http:\/\/www.petergrau-leichtathlet.de\/wp-content\/uploads\/2018\/08\/Hoch-elf-300x225.jpg\" alt=\"Hoch elf\" width=\"300\" height=\"225\" srcset=\"https:\/\/www.petergrau-leichtathlet.de\/wp-content\/uploads\/2018\/08\/Hoch-elf-300x225.jpg 300w, https:\/\/www.petergrau-leichtathlet.de\/wp-content\/uploads\/2018\/08\/Hoch-elf-1024x768.jpg 1024w\" sizes=\"(max-width: 300px) 100vw, 300px\" \/><\/a><\/p>\n<p>An diese Olympischen Spiele erinnert vieles hier. Und auf diesen S\u00e4ulen sind die Sieger anderer Olympischen Spiele verewigt. Leider teilweise nicht mehr zu lesen&#8230;\u00a0 Der Zahn der Zeit hat daran genagt.<\/p>\n<p><a href=\"http:\/\/www.petergrau-leichtathlet.de\/wp-content\/uploads\/2018\/08\/Hoch-zw\u00f6lf.jpg\"><img loading=\"lazy\" class=\"alignnone size-medium wp-image-13574\" src=\"http:\/\/www.petergrau-leichtathlet.de\/wp-content\/uploads\/2018\/08\/Hoch-zw\u00f6lf-300x220.jpg\" alt=\"Hoch zw\u00f6lf\" width=\"300\" height=\"220\" srcset=\"https:\/\/www.petergrau-leichtathlet.de\/wp-content\/uploads\/2018\/08\/Hoch-zw\u00f6lf-300x220.jpg 300w, https:\/\/www.petergrau-leichtathlet.de\/wp-content\/uploads\/2018\/08\/Hoch-zw\u00f6lf-1024x751.jpg 1024w\" sizes=\"(max-width: 300px) 100vw, 300px\" \/><\/a> <a href=\"http:\/\/www.petergrau-leichtathlet.de\/wp-content\/uploads\/2018\/08\/Hoch-dreizehn.jpg\"><img loading=\"lazy\" class=\"alignnone size-medium wp-image-13575\" src=\"http:\/\/www.petergrau-leichtathlet.de\/wp-content\/uploads\/2018\/08\/Hoch-dreizehn-300x225.jpg\" alt=\"Hoch dreizehn\" width=\"300\" height=\"225\" srcset=\"https:\/\/www.petergrau-leichtathlet.de\/wp-content\/uploads\/2018\/08\/Hoch-dreizehn-300x225.jpg 300w, https:\/\/www.petergrau-leichtathlet.de\/wp-content\/uploads\/2018\/08\/Hoch-dreizehn-1024x768.jpg 1024w\" sizes=\"(max-width: 300px) 100vw, 300px\" \/><\/a> <a href=\"http:\/\/www.petergrau-leichtathlet.de\/wp-content\/uploads\/2018\/08\/Hoch-vierzehn.jpg\"><img loading=\"lazy\" class=\"alignnone size-medium wp-image-13576\" src=\"http:\/\/www.petergrau-leichtathlet.de\/wp-content\/uploads\/2018\/08\/Hoch-vierzehn-300x225.jpg\" alt=\"Hoch vierzehn\" width=\"300\" height=\"225\" srcset=\"https:\/\/www.petergrau-leichtathlet.de\/wp-content\/uploads\/2018\/08\/Hoch-vierzehn-300x225.jpg 300w, https:\/\/www.petergrau-leichtathlet.de\/wp-content\/uploads\/2018\/08\/Hoch-vierzehn-1024x768.jpg 1024w\" sizes=\"(max-width: 300px) 100vw, 300px\" \/><\/a> <a href=\"http:\/\/www.petergrau-leichtathlet.de\/wp-content\/uploads\/2018\/08\/Hoch-f\u00fcnfzehn.jpg\"><img loading=\"lazy\" class=\"alignnone size-medium wp-image-13577\" src=\"http:\/\/www.petergrau-leichtathlet.de\/wp-content\/uploads\/2018\/08\/Hoch-f\u00fcnfzehn-300x225.jpg\" alt=\"Hoch f\u00fcnfzehn\" width=\"300\" height=\"225\" srcset=\"https:\/\/www.petergrau-leichtathlet.de\/wp-content\/uploads\/2018\/08\/Hoch-f\u00fcnfzehn-300x225.jpg 300w, https:\/\/www.petergrau-leichtathlet.de\/wp-content\/uploads\/2018\/08\/Hoch-f\u00fcnfzehn-1024x768.jpg 1024w\" sizes=\"(max-width: 300px) 100vw, 300px\" \/><\/a> <a href=\"http:\/\/www.petergrau-leichtathlet.de\/wp-content\/uploads\/2018\/08\/Hoch-sechszehn.jpg\"><img loading=\"lazy\" class=\"alignnone size-medium wp-image-13578\" src=\"http:\/\/www.petergrau-leichtathlet.de\/wp-content\/uploads\/2018\/08\/Hoch-sechszehn-300x225.jpg\" alt=\"Hoch sechszehn\" width=\"300\" height=\"225\" srcset=\"https:\/\/www.petergrau-leichtathlet.de\/wp-content\/uploads\/2018\/08\/Hoch-sechszehn-300x225.jpg 300w, https:\/\/www.petergrau-leichtathlet.de\/wp-content\/uploads\/2018\/08\/Hoch-sechszehn-1024x768.jpg 1024w\" sizes=\"(max-width: 300px) 100vw, 300px\" \/><\/a><\/p>\n<p>Nun aber hinein ins Stadion, was sich langsam f\u00fcllt:<\/p>\n<p><a href=\"http:\/\/www.petergrau-leichtathlet.de\/wp-content\/uploads\/2018\/08\/Hoch-siebzehn.jpg\"><img loading=\"lazy\" class=\"alignnone size-medium wp-image-13579\" src=\"http:\/\/www.petergrau-leichtathlet.de\/wp-content\/uploads\/2018\/08\/Hoch-siebzehn-300x225.jpg\" alt=\"Hoch siebzehn\" width=\"300\" height=\"225\" srcset=\"https:\/\/www.petergrau-leichtathlet.de\/wp-content\/uploads\/2018\/08\/Hoch-siebzehn-300x225.jpg 300w, https:\/\/www.petergrau-leichtathlet.de\/wp-content\/uploads\/2018\/08\/Hoch-siebzehn-1024x768.jpg 1024w\" sizes=\"(max-width: 300px) 100vw, 300px\" \/><\/a> <a href=\"http:\/\/www.petergrau-leichtathlet.de\/wp-content\/uploads\/2018\/08\/Hoch-achtzehn.jpg\"><img loading=\"lazy\" class=\"alignnone size-medium wp-image-13580\" src=\"http:\/\/www.petergrau-leichtathlet.de\/wp-content\/uploads\/2018\/08\/Hoch-achtzehn-300x225.jpg\" alt=\"Hoch achtzehn\" width=\"300\" height=\"225\" srcset=\"https:\/\/www.petergrau-leichtathlet.de\/wp-content\/uploads\/2018\/08\/Hoch-achtzehn-300x225.jpg 300w, https:\/\/www.petergrau-leichtathlet.de\/wp-content\/uploads\/2018\/08\/Hoch-achtzehn-1024x768.jpg 1024w\" sizes=\"(max-width: 300px) 100vw, 300px\" \/><\/a><\/p>\n<p>Nochmals ein Abstecher ins Medienzentrum. Mark Milde, Chef des Berliner Marathons, f\u00fchrt dort Gespr\u00e4che mit Journalisten:<\/p>\n<p><a href=\"http:\/\/www.petergrau-leichtathlet.de\/wp-content\/uploads\/2018\/08\/Hoch-zwanzig.jpg\"><img loading=\"lazy\" class=\"alignnone size-medium wp-image-13582\" src=\"http:\/\/www.petergrau-leichtathlet.de\/wp-content\/uploads\/2018\/08\/Hoch-zwanzig-300x225.jpg\" alt=\"Hoch zwanzig\" width=\"300\" height=\"225\" srcset=\"https:\/\/www.petergrau-leichtathlet.de\/wp-content\/uploads\/2018\/08\/Hoch-zwanzig-300x225.jpg 300w, https:\/\/www.petergrau-leichtathlet.de\/wp-content\/uploads\/2018\/08\/Hoch-zwanzig-1024x768.jpg 1024w\" sizes=\"(max-width: 300px) 100vw, 300px\" \/><\/a> <a href=\"http:\/\/www.petergrau-leichtathlet.de\/wp-content\/uploads\/2018\/08\/Hoch-neunzehn.jpg\"><img loading=\"lazy\" class=\"alignnone size-medium wp-image-13581\" src=\"http:\/\/www.petergrau-leichtathlet.de\/wp-content\/uploads\/2018\/08\/Hoch-neunzehn-300x286.jpg\" alt=\"Hoch neunzehn\" width=\"300\" height=\"286\" srcset=\"https:\/\/www.petergrau-leichtathlet.de\/wp-content\/uploads\/2018\/08\/Hoch-neunzehn-300x286.jpg 300w, https:\/\/www.petergrau-leichtathlet.de\/wp-content\/uploads\/2018\/08\/Hoch-neunzehn-1024x977.jpg 1024w\" sizes=\"(max-width: 300px) 100vw, 300px\" \/><\/a><\/p>\n<p>Und mein Wiener Freund und Kollege Olaf Brockmann ist wie immer aktiv und l\u00e4chelt auf meine Bitte hin:<\/p>\n<p><a href=\"http:\/\/www.petergrau-leichtathlet.de\/wp-content\/uploads\/2018\/08\/Hoch-einundzwanzig.jpg\"><img loading=\"lazy\" class=\"alignnone size-medium wp-image-13583\" src=\"http:\/\/www.petergrau-leichtathlet.de\/wp-content\/uploads\/2018\/08\/Hoch-einundzwanzig-300x225.jpg\" alt=\"Hoch einundzwanzig\" width=\"300\" height=\"225\" srcset=\"https:\/\/www.petergrau-leichtathlet.de\/wp-content\/uploads\/2018\/08\/Hoch-einundzwanzig-300x225.jpg 300w, https:\/\/www.petergrau-leichtathlet.de\/wp-content\/uploads\/2018\/08\/Hoch-einundzwanzig-1024x768.jpg 1024w\" sizes=\"(max-width: 300px) 100vw, 300px\" \/><\/a><\/p>\n<p>Das Stadion hat sich inzwischen gef\u00fcllt:<\/p>\n<p><a href=\"http:\/\/www.petergrau-leichtathlet.de\/wp-content\/uploads\/2018\/08\/Hoch-f\u00fcnfundzwanzig.jpg\"><img loading=\"lazy\" class=\"alignnone size-medium wp-image-13587\" src=\"http:\/\/www.petergrau-leichtathlet.de\/wp-content\/uploads\/2018\/08\/Hoch-f\u00fcnfundzwanzig-300x225.jpg\" alt=\"Hoch f\u00fcnfundzwanzig\" width=\"300\" height=\"225\" srcset=\"https:\/\/www.petergrau-leichtathlet.de\/wp-content\/uploads\/2018\/08\/Hoch-f\u00fcnfundzwanzig-300x225.jpg 300w, https:\/\/www.petergrau-leichtathlet.de\/wp-content\/uploads\/2018\/08\/Hoch-f\u00fcnfundzwanzig-1024x768.jpg 1024w\" sizes=\"(max-width: 300px) 100vw, 300px\" \/><\/a> <a href=\"http:\/\/www.petergrau-leichtathlet.de\/wp-content\/uploads\/2018\/08\/Hoch-sechsundzwanzig.jpg\"><img loading=\"lazy\" class=\"alignnone size-medium wp-image-13588\" src=\"http:\/\/www.petergrau-leichtathlet.de\/wp-content\/uploads\/2018\/08\/Hoch-sechsundzwanzig-300x225.jpg\" alt=\"Hoch sechsundzwanzig\" width=\"300\" height=\"225\" srcset=\"https:\/\/www.petergrau-leichtathlet.de\/wp-content\/uploads\/2018\/08\/Hoch-sechsundzwanzig-300x225.jpg 300w, https:\/\/www.petergrau-leichtathlet.de\/wp-content\/uploads\/2018\/08\/Hoch-sechsundzwanzig-1024x768.jpg 1024w\" sizes=\"(max-width: 300px) 100vw, 300px\" \/><\/a> <a href=\"http:\/\/www.petergrau-leichtathlet.de\/wp-content\/uploads\/2018\/08\/Hoch-siebenundzwanzig.jpg\"><img loading=\"lazy\" class=\"alignnone size-medium wp-image-13589\" src=\"http:\/\/www.petergrau-leichtathlet.de\/wp-content\/uploads\/2018\/08\/Hoch-siebenundzwanzig-300x225.jpg\" alt=\"Hoch siebenundzwanzig\" width=\"300\" height=\"225\" srcset=\"https:\/\/www.petergrau-leichtathlet.de\/wp-content\/uploads\/2018\/08\/Hoch-siebenundzwanzig-300x225.jpg 300w, https:\/\/www.petergrau-leichtathlet.de\/wp-content\/uploads\/2018\/08\/Hoch-siebenundzwanzig-1024x768.jpg 1024w\" sizes=\"(max-width: 300px) 100vw, 300px\" \/><\/a><\/p>\n<p>F\u00fcr jeden Wettbewerb werden die Athleten und Athleten einzeln vorgestellt.\u00a0 Auch Hochspringer Mateusz Przybylko und Weitspringerin Malaika Mihambo d\u00fcrfen erstmals jubeln. Ob sie ahnen k\u00f6nnen, was sp\u00e4ter mit ihnen geschieht?<\/p>\n<p><a href=\"http:\/\/www.petergrau-leichtathlet.de\/wp-content\/uploads\/2018\/08\/Hoch-dreiundzwanzig.jpg\"><img loading=\"lazy\" class=\"alignnone size-medium wp-image-13585\" src=\"http:\/\/www.petergrau-leichtathlet.de\/wp-content\/uploads\/2018\/08\/Hoch-dreiundzwanzig-300x225.jpg\" alt=\"Hoch dreiundzwanzig\" width=\"300\" height=\"225\" srcset=\"https:\/\/www.petergrau-leichtathlet.de\/wp-content\/uploads\/2018\/08\/Hoch-dreiundzwanzig-300x225.jpg 300w, https:\/\/www.petergrau-leichtathlet.de\/wp-content\/uploads\/2018\/08\/Hoch-dreiundzwanzig-1024x768.jpg 1024w\" sizes=\"(max-width: 300px) 100vw, 300px\" \/><\/a> <a href=\"http:\/\/www.petergrau-leichtathlet.de\/wp-content\/uploads\/2018\/08\/Hoch-vierundzwanzig.jpg\"><img loading=\"lazy\" class=\"alignnone size-medium wp-image-13586\" src=\"http:\/\/www.petergrau-leichtathlet.de\/wp-content\/uploads\/2018\/08\/Hoch-vierundzwanzig-300x225.jpg\" alt=\"Hoch vierundzwanzig\" width=\"300\" height=\"225\" srcset=\"https:\/\/www.petergrau-leichtathlet.de\/wp-content\/uploads\/2018\/08\/Hoch-vierundzwanzig-300x225.jpg 300w, https:\/\/www.petergrau-leichtathlet.de\/wp-content\/uploads\/2018\/08\/Hoch-vierundzwanzig-1024x768.jpg 1024w\" sizes=\"(max-width: 300px) 100vw, 300px\" \/><\/a><\/p>\n<p>Die Frauen haben ihr Finale \u00fcber <strong>400 m:<\/strong><\/p>\n<p><a href=\"http:\/\/www.petergrau-leichtathlet.de\/wp-content\/uploads\/2018\/08\/Hoch-achtundzwanzig.jpg\"><img loading=\"lazy\" class=\"alignnone size-medium wp-image-13590\" src=\"http:\/\/www.petergrau-leichtathlet.de\/wp-content\/uploads\/2018\/08\/Hoch-achtundzwanzig-300x225.jpg\" alt=\"Hoch achtundzwanzig\" width=\"300\" height=\"225\" srcset=\"https:\/\/www.petergrau-leichtathlet.de\/wp-content\/uploads\/2018\/08\/Hoch-achtundzwanzig-300x225.jpg 300w, https:\/\/www.petergrau-leichtathlet.de\/wp-content\/uploads\/2018\/08\/Hoch-achtundzwanzig-1024x768.jpg 1024w\" sizes=\"(max-width: 300px) 100vw, 300px\" \/><\/a> <a href=\"http:\/\/www.petergrau-leichtathlet.de\/wp-content\/uploads\/2018\/08\/Hoch-neunundzwanzig.jpg\"><img loading=\"lazy\" class=\"alignnone size-medium wp-image-13591\" src=\"http:\/\/www.petergrau-leichtathlet.de\/wp-content\/uploads\/2018\/08\/Hoch-neunundzwanzig-300x225.jpg\" alt=\"Hoch neunundzwanzig\" width=\"300\" height=\"225\" srcset=\"https:\/\/www.petergrau-leichtathlet.de\/wp-content\/uploads\/2018\/08\/Hoch-neunundzwanzig-300x225.jpg 300w, https:\/\/www.petergrau-leichtathlet.de\/wp-content\/uploads\/2018\/08\/Hoch-neunundzwanzig-1024x768.jpg 1024w\" sizes=\"(max-width: 300px) 100vw, 300px\" \/><\/a> <a href=\"http:\/\/www.petergrau-leichtathlet.de\/wp-content\/uploads\/2018\/08\/Hoch-drei\u00dfig.jpg\"><img loading=\"lazy\" class=\"alignnone size-medium wp-image-13592\" src=\"http:\/\/www.petergrau-leichtathlet.de\/wp-content\/uploads\/2018\/08\/Hoch-drei\u00dfig-300x225.jpg\" alt=\"Hoch drei\u00dfig\" width=\"300\" height=\"225\" srcset=\"https:\/\/www.petergrau-leichtathlet.de\/wp-content\/uploads\/2018\/08\/Hoch-drei\u00dfig-300x225.jpg 300w, https:\/\/www.petergrau-leichtathlet.de\/wp-content\/uploads\/2018\/08\/Hoch-drei\u00dfig-1024x768.jpg 1024w\" sizes=\"(max-width: 300px) 100vw, 300px\" \/><\/a> <a href=\"http:\/\/www.petergrau-leichtathlet.de\/wp-content\/uploads\/2018\/08\/Hoch-einunddrei\u00dfig.jpg\"><img loading=\"lazy\" class=\"alignnone size-medium wp-image-13593\" src=\"http:\/\/www.petergrau-leichtathlet.de\/wp-content\/uploads\/2018\/08\/Hoch-einunddrei\u00dfig-300x225.jpg\" alt=\"Hoch einunddrei\u00dfig\" width=\"300\" height=\"225\" srcset=\"https:\/\/www.petergrau-leichtathlet.de\/wp-content\/uploads\/2018\/08\/Hoch-einunddrei\u00dfig-300x225.jpg 300w, https:\/\/www.petergrau-leichtathlet.de\/wp-content\/uploads\/2018\/08\/Hoch-einunddrei\u00dfig-1024x768.jpg 1024w\" sizes=\"(max-width: 300px) 100vw, 300px\" \/><\/a> <a href=\"http:\/\/www.petergrau-leichtathlet.de\/wp-content\/uploads\/2018\/08\/Hoch-zweiunddrei\u00dfig.jpg\"><img loading=\"lazy\" class=\"alignnone size-medium wp-image-13594\" src=\"http:\/\/www.petergrau-leichtathlet.de\/wp-content\/uploads\/2018\/08\/Hoch-zweiunddrei\u00dfig-300x225.jpg\" alt=\"Hoch zweiunddrei\u00dfig\" width=\"300\" height=\"225\" srcset=\"https:\/\/www.petergrau-leichtathlet.de\/wp-content\/uploads\/2018\/08\/Hoch-zweiunddrei\u00dfig-300x225.jpg 300w, https:\/\/www.petergrau-leichtathlet.de\/wp-content\/uploads\/2018\/08\/Hoch-zweiunddrei\u00dfig-1024x768.jpg 1024w\" sizes=\"(max-width: 300px) 100vw, 300px\" \/><\/a><\/p>\n<p>Ihnen folgen die M\u00e4nner, die ihr Finale \u00fcber 800 m bestreiten:<\/p>\n<p><a href=\"http:\/\/www.petergrau-leichtathlet.de\/wp-content\/uploads\/2018\/08\/Hoch-siebenunddrei\u00dfig.jpg\"><img loading=\"lazy\" class=\"alignnone size-medium wp-image-13599\" src=\"http:\/\/www.petergrau-leichtathlet.de\/wp-content\/uploads\/2018\/08\/Hoch-siebenunddrei\u00dfig-300x225.jpg\" alt=\"Hoch siebenunddrei\u00dfig\" width=\"300\" height=\"225\" srcset=\"https:\/\/www.petergrau-leichtathlet.de\/wp-content\/uploads\/2018\/08\/Hoch-siebenunddrei\u00dfig-300x225.jpg 300w, https:\/\/www.petergrau-leichtathlet.de\/wp-content\/uploads\/2018\/08\/Hoch-siebenunddrei\u00dfig-1024x768.jpg 1024w\" sizes=\"(max-width: 300px) 100vw, 300px\" \/><\/a> <a href=\"http:\/\/www.petergrau-leichtathlet.de\/wp-content\/uploads\/2018\/08\/Hoch-achtunddrei\u00dfig.jpg\"><img loading=\"lazy\" class=\"alignnone size-medium wp-image-13600\" src=\"http:\/\/www.petergrau-leichtathlet.de\/wp-content\/uploads\/2018\/08\/Hoch-achtunddrei\u00dfig-300x225.jpg\" alt=\"Hoch achtunddrei\u00dfig\" width=\"300\" height=\"225\" srcset=\"https:\/\/www.petergrau-leichtathlet.de\/wp-content\/uploads\/2018\/08\/Hoch-achtunddrei\u00dfig-300x225.jpg 300w, https:\/\/www.petergrau-leichtathlet.de\/wp-content\/uploads\/2018\/08\/Hoch-achtunddrei\u00dfig-1024x768.jpg 1024w\" sizes=\"(max-width: 300px) 100vw, 300px\" \/><\/a> <a href=\"http:\/\/www.petergrau-leichtathlet.de\/wp-content\/uploads\/2018\/08\/Hoch-neununddrei\u00dfig.jpg\"><img loading=\"lazy\" class=\"alignnone size-medium wp-image-13601\" src=\"http:\/\/www.petergrau-leichtathlet.de\/wp-content\/uploads\/2018\/08\/Hoch-neununddrei\u00dfig-300x225.jpg\" alt=\"Hoch neununddrei\u00dfig\" width=\"300\" height=\"225\" srcset=\"https:\/\/www.petergrau-leichtathlet.de\/wp-content\/uploads\/2018\/08\/Hoch-neununddrei\u00dfig-300x225.jpg 300w, https:\/\/www.petergrau-leichtathlet.de\/wp-content\/uploads\/2018\/08\/Hoch-neununddrei\u00dfig-1024x768.jpg 1024w\" sizes=\"(max-width: 300px) 100vw, 300px\" \/><\/a> <a href=\"http:\/\/www.petergrau-leichtathlet.de\/wp-content\/uploads\/2018\/08\/Hoch-vierzig.jpg\"><img loading=\"lazy\" class=\"alignnone size-medium wp-image-13602\" src=\"http:\/\/www.petergrau-leichtathlet.de\/wp-content\/uploads\/2018\/08\/Hoch-vierzig-300x225.jpg\" alt=\"Hoch vierzig\" width=\"300\" height=\"225\" srcset=\"https:\/\/www.petergrau-leichtathlet.de\/wp-content\/uploads\/2018\/08\/Hoch-vierzig-300x225.jpg 300w, https:\/\/www.petergrau-leichtathlet.de\/wp-content\/uploads\/2018\/08\/Hoch-vierzig-1024x768.jpg 1024w\" sizes=\"(max-width: 300px) 100vw, 300px\" \/><\/a><\/p>\n<p>Die Diskuswerferinnen bekommen vor ihrem Finale den ersten Beifall:<\/p>\n<p><a href=\"http:\/\/www.petergrau-leichtathlet.de\/wp-content\/uploads\/2018\/08\/Hoch-vierunddrei\u00dfig.jpg\"><img loading=\"lazy\" class=\"alignnone size-medium wp-image-13596\" src=\"http:\/\/www.petergrau-leichtathlet.de\/wp-content\/uploads\/2018\/08\/Hoch-vierunddrei\u00dfig-300x225.jpg\" alt=\"Hoch vierunddrei\u00dfig\" width=\"300\" height=\"225\" srcset=\"https:\/\/www.petergrau-leichtathlet.de\/wp-content\/uploads\/2018\/08\/Hoch-vierunddrei\u00dfig-300x225.jpg 300w, https:\/\/www.petergrau-leichtathlet.de\/wp-content\/uploads\/2018\/08\/Hoch-vierunddrei\u00dfig-1024x768.jpg 1024w\" sizes=\"(max-width: 300px) 100vw, 300px\" \/><\/a> <a href=\"http:\/\/www.petergrau-leichtathlet.de\/wp-content\/uploads\/2018\/08\/Hoch-f\u00fcnfunddrei\u00dfig.jpg\"><img loading=\"lazy\" class=\"alignnone size-medium wp-image-13597\" src=\"http:\/\/www.petergrau-leichtathlet.de\/wp-content\/uploads\/2018\/08\/Hoch-f\u00fcnfunddrei\u00dfig-300x225.jpg\" alt=\"Hoch f\u00fcnfunddrei\u00dfig\" width=\"300\" height=\"225\" srcset=\"https:\/\/www.petergrau-leichtathlet.de\/wp-content\/uploads\/2018\/08\/Hoch-f\u00fcnfunddrei\u00dfig-300x225.jpg 300w, https:\/\/www.petergrau-leichtathlet.de\/wp-content\/uploads\/2018\/08\/Hoch-f\u00fcnfunddrei\u00dfig-1024x768.jpg 1024w\" sizes=\"(max-width: 300px) 100vw, 300px\" \/><\/a> <a href=\"http:\/\/www.petergrau-leichtathlet.de\/wp-content\/uploads\/2018\/08\/Hoch-sechsunddrei\u00dfig.jpg\"><img loading=\"lazy\" class=\"alignnone size-medium wp-image-13598\" src=\"http:\/\/www.petergrau-leichtathlet.de\/wp-content\/uploads\/2018\/08\/Hoch-sechsunddrei\u00dfig-300x225.jpg\" alt=\"Hoch sechsunddrei\u00dfig\" width=\"300\" height=\"225\" srcset=\"https:\/\/www.petergrau-leichtathlet.de\/wp-content\/uploads\/2018\/08\/Hoch-sechsunddrei\u00dfig-300x225.jpg 300w, https:\/\/www.petergrau-leichtathlet.de\/wp-content\/uploads\/2018\/08\/Hoch-sechsunddrei\u00dfig-1024x768.jpg 1024w\" sizes=\"(max-width: 300px) 100vw, 300px\" \/><\/a><\/p>\n<p>Zwischendurch ein Blick auf die untergehende Sonne:<\/p>\n<p><a href=\"http:\/\/www.petergrau-leichtathlet.de\/wp-content\/uploads\/2018\/08\/Hoch-dreiunddrei\u00dfig.jpg\"><img loading=\"lazy\" class=\"alignnone size-medium wp-image-13595\" src=\"http:\/\/www.petergrau-leichtathlet.de\/wp-content\/uploads\/2018\/08\/Hoch-dreiunddrei\u00dfig-300x225.jpg\" alt=\"Hoch dreiunddrei\u00dfig\" width=\"300\" height=\"225\" srcset=\"https:\/\/www.petergrau-leichtathlet.de\/wp-content\/uploads\/2018\/08\/Hoch-dreiunddrei\u00dfig-300x225.jpg 300w, https:\/\/www.petergrau-leichtathlet.de\/wp-content\/uploads\/2018\/08\/Hoch-dreiunddrei\u00dfig-1024x768.jpg 1024w\" sizes=\"(max-width: 300px) 100vw, 300px\" \/><\/a><\/p>\n<p>Im Weitsprung heimst Maleika Mihambo den ersten Beifall ein:<\/p>\n<p><a href=\"http:\/\/www.petergrau-leichtathlet.de\/wp-content\/uploads\/2018\/08\/Hoch-einundvierzig.jpg\"><img loading=\"lazy\" class=\"alignnone size-medium wp-image-13603\" src=\"http:\/\/www.petergrau-leichtathlet.de\/wp-content\/uploads\/2018\/08\/Hoch-einundvierzig-300x225.jpg\" alt=\"Hoch einundvierzig\" width=\"300\" height=\"225\" srcset=\"https:\/\/www.petergrau-leichtathlet.de\/wp-content\/uploads\/2018\/08\/Hoch-einundvierzig-300x225.jpg 300w, https:\/\/www.petergrau-leichtathlet.de\/wp-content\/uploads\/2018\/08\/Hoch-einundvierzig-1024x768.jpg 1024w\" sizes=\"(max-width: 300px) 100vw, 300px\" \/><\/a> <a href=\"http:\/\/www.petergrau-leichtathlet.de\/wp-content\/uploads\/2018\/08\/Hoch-zweiundvierzig.jpg\"><img loading=\"lazy\" class=\"alignnone size-medium wp-image-13604\" src=\"http:\/\/www.petergrau-leichtathlet.de\/wp-content\/uploads\/2018\/08\/Hoch-zweiundvierzig-300x225.jpg\" alt=\"Hoch zweiundvierzig\" width=\"300\" height=\"225\" srcset=\"https:\/\/www.petergrau-leichtathlet.de\/wp-content\/uploads\/2018\/08\/Hoch-zweiundvierzig-300x225.jpg 300w, https:\/\/www.petergrau-leichtathlet.de\/wp-content\/uploads\/2018\/08\/Hoch-zweiundvierzig-1024x768.jpg 1024w\" sizes=\"(max-width: 300px) 100vw, 300px\" \/><\/a><\/p>\n<p>Die Frauen k\u00e4mpfen um die Medaillen \u00fcber 200 m:<\/p>\n<p><a href=\"http:\/\/www.petergrau-leichtathlet.de\/wp-content\/uploads\/2018\/08\/Hoch-dreiundvierzig.jpg\"><img loading=\"lazy\" class=\"alignnone size-medium wp-image-13605\" src=\"http:\/\/www.petergrau-leichtathlet.de\/wp-content\/uploads\/2018\/08\/Hoch-dreiundvierzig-300x225.jpg\" alt=\"Hoch dreiundvierzig\" width=\"300\" height=\"225\" srcset=\"https:\/\/www.petergrau-leichtathlet.de\/wp-content\/uploads\/2018\/08\/Hoch-dreiundvierzig-300x225.jpg 300w, https:\/\/www.petergrau-leichtathlet.de\/wp-content\/uploads\/2018\/08\/Hoch-dreiundvierzig-1024x768.jpg 1024w\" sizes=\"(max-width: 300px) 100vw, 300px\" \/><\/a> <a href=\"http:\/\/www.petergrau-leichtathlet.de\/wp-content\/uploads\/2018\/08\/Hoch-vierundvierzig.jpg\"><img loading=\"lazy\" class=\"alignnone size-medium wp-image-13606\" src=\"http:\/\/www.petergrau-leichtathlet.de\/wp-content\/uploads\/2018\/08\/Hoch-vierundvierzig-300x225.jpg\" alt=\"Hoch vierundvierzig\" width=\"300\" height=\"225\" srcset=\"https:\/\/www.petergrau-leichtathlet.de\/wp-content\/uploads\/2018\/08\/Hoch-vierundvierzig-300x225.jpg 300w, https:\/\/www.petergrau-leichtathlet.de\/wp-content\/uploads\/2018\/08\/Hoch-vierundvierzig-1024x768.jpg 1024w\" sizes=\"(max-width: 300px) 100vw, 300px\" \/><\/a><\/p>\n<p>Weitspringer Przybylko begeistert mit seiner fehlerlosen Serie<\/p>\n<p>und holt sich am Ende \u00fcberraschend Gold:<\/p>\n<p><a href=\"http:\/\/www.petergrau-leichtathlet.de\/wp-content\/uploads\/2018\/08\/Hoch-f\u00fcnfundvierzig.jpg\"><img loading=\"lazy\" class=\"alignnone size-medium wp-image-13607\" src=\"http:\/\/www.petergrau-leichtathlet.de\/wp-content\/uploads\/2018\/08\/Hoch-f\u00fcnfundvierzig-300x225.jpg\" alt=\"Hoch f\u00fcnfundvierzig\" width=\"300\" height=\"225\" srcset=\"https:\/\/www.petergrau-leichtathlet.de\/wp-content\/uploads\/2018\/08\/Hoch-f\u00fcnfundvierzig-300x225.jpg 300w, https:\/\/www.petergrau-leichtathlet.de\/wp-content\/uploads\/2018\/08\/Hoch-f\u00fcnfundvierzig-1024x768.jpg 1024w\" sizes=\"(max-width: 300px) 100vw, 300px\" \/><\/a> <a href=\"http:\/\/www.petergrau-leichtathlet.de\/wp-content\/uploads\/2018\/08\/Hoch-sechsundvierzig.jpg\"><img loading=\"lazy\" class=\"alignnone size-medium wp-image-13608\" src=\"http:\/\/www.petergrau-leichtathlet.de\/wp-content\/uploads\/2018\/08\/Hoch-sechsundvierzig-300x225.jpg\" alt=\"Hoch sechsundvierzig\" width=\"300\" height=\"225\" srcset=\"https:\/\/www.petergrau-leichtathlet.de\/wp-content\/uploads\/2018\/08\/Hoch-sechsundvierzig-300x225.jpg 300w, https:\/\/www.petergrau-leichtathlet.de\/wp-content\/uploads\/2018\/08\/Hoch-sechsundvierzig-1024x768.jpg 1024w\" sizes=\"(max-width: 300px) 100vw, 300px\" \/><\/a> <a href=\"http:\/\/www.petergrau-leichtathlet.de\/wp-content\/uploads\/2018\/08\/Hoch-siebenundvierzig.jpg\"><img loading=\"lazy\" class=\"alignnone size-medium wp-image-13609\" src=\"http:\/\/www.petergrau-leichtathlet.de\/wp-content\/uploads\/2018\/08\/Hoch-siebenundvierzig-300x225.jpg\" alt=\"Hoch siebenundvierzig\" width=\"300\" height=\"225\" srcset=\"https:\/\/www.petergrau-leichtathlet.de\/wp-content\/uploads\/2018\/08\/Hoch-siebenundvierzig-300x225.jpg 300w, https:\/\/www.petergrau-leichtathlet.de\/wp-content\/uploads\/2018\/08\/Hoch-siebenundvierzig-1024x768.jpg 1024w\" sizes=\"(max-width: 300px) 100vw, 300px\" \/><\/a> <a href=\"http:\/\/www.petergrau-leichtathlet.de\/wp-content\/uploads\/2018\/08\/Hoch-einundf\u00fcnfzig.jpg\"><img loading=\"lazy\" class=\"alignnone size-medium wp-image-13612\" src=\"http:\/\/www.petergrau-leichtathlet.de\/wp-content\/uploads\/2018\/08\/Hoch-einundf\u00fcnfzig-300x225.jpg\" alt=\"Hoch einundf\u00fcnfzig\" width=\"300\" height=\"225\" srcset=\"https:\/\/www.petergrau-leichtathlet.de\/wp-content\/uploads\/2018\/08\/Hoch-einundf\u00fcnfzig-300x225.jpg 300w, https:\/\/www.petergrau-leichtathlet.de\/wp-content\/uploads\/2018\/08\/Hoch-einundf\u00fcnfzig-1024x768.jpg 1024w\" sizes=\"(max-width: 300px) 100vw, 300px\" \/><\/a> <a href=\"http:\/\/www.petergrau-leichtathlet.de\/wp-content\/uploads\/2018\/08\/Hoch-neunundvierzig.jpg\"><img loading=\"lazy\" class=\"alignnone size-medium wp-image-13610\" src=\"http:\/\/www.petergrau-leichtathlet.de\/wp-content\/uploads\/2018\/08\/Hoch-neunundvierzig-300x225.jpg\" alt=\"Hoch neunundvierzig\" width=\"300\" height=\"225\" srcset=\"https:\/\/www.petergrau-leichtathlet.de\/wp-content\/uploads\/2018\/08\/Hoch-neunundvierzig-300x225.jpg 300w, https:\/\/www.petergrau-leichtathlet.de\/wp-content\/uploads\/2018\/08\/Hoch-neunundvierzig-1024x768.jpg 1024w\" sizes=\"(max-width: 300px) 100vw, 300px\" \/><\/a> <a href=\"http:\/\/www.petergrau-leichtathlet.de\/wp-content\/uploads\/2018\/08\/Hoch-f\u00fcnfzig.jpg\"><img loading=\"lazy\" class=\"alignnone size-medium wp-image-13611\" src=\"http:\/\/www.petergrau-leichtathlet.de\/wp-content\/uploads\/2018\/08\/Hoch-f\u00fcnfzig-300x225.jpg\" alt=\"Hoch f\u00fcnfzig\" width=\"300\" height=\"225\" srcset=\"https:\/\/www.petergrau-leichtathlet.de\/wp-content\/uploads\/2018\/08\/Hoch-f\u00fcnfzig-300x225.jpg 300w, https:\/\/www.petergrau-leichtathlet.de\/wp-content\/uploads\/2018\/08\/Hoch-f\u00fcnfzig-1024x768.jpg 1024w\" sizes=\"(max-width: 300px) 100vw, 300px\" \/><\/a><\/p>\n<p><a href=\"http:\/\/www.petergrau-leichtathlet.de\/wp-content\/uploads\/2018\/08\/Hoch-vierundf\u00fcnfzig.jpg\"><img loading=\"lazy\" class=\"alignnone size-medium wp-image-13614\" src=\"http:\/\/www.petergrau-leichtathlet.de\/wp-content\/uploads\/2018\/08\/Hoch-vierundf\u00fcnfzig-300x225.jpg\" alt=\"Hoch vierundf\u00fcnfzig\" width=\"300\" height=\"225\" srcset=\"https:\/\/www.petergrau-leichtathlet.de\/wp-content\/uploads\/2018\/08\/Hoch-vierundf\u00fcnfzig-300x225.jpg 300w, https:\/\/www.petergrau-leichtathlet.de\/wp-content\/uploads\/2018\/08\/Hoch-vierundf\u00fcnfzig-1024x768.jpg 1024w\" sizes=\"(max-width: 300px) 100vw, 300px\" \/><\/a><\/p>\n<p><a href=\"http:\/\/www.petergrau-leichtathlet.de\/wp-content\/uploads\/2018\/08\/Hoch-zweiundf\u00fcnfzig.jpg\"><img loading=\"lazy\" class=\"alignnone size-medium wp-image-13613\" src=\"http:\/\/www.petergrau-leichtathlet.de\/wp-content\/uploads\/2018\/08\/Hoch-zweiundf\u00fcnfzig-300x225.jpg\" alt=\"Hoch zweiundf\u00fcnfzig\" width=\"300\" height=\"225\" srcset=\"https:\/\/www.petergrau-leichtathlet.de\/wp-content\/uploads\/2018\/08\/Hoch-zweiundf\u00fcnfzig-300x225.jpg 300w, https:\/\/www.petergrau-leichtathlet.de\/wp-content\/uploads\/2018\/08\/Hoch-zweiundf\u00fcnfzig-1024x768.jpg 1024w\" sizes=\"(max-width: 300px) 100vw, 300px\" \/><\/a><\/p>\n<p>Da will Weitspringerin <strong>Malaika Mihambo<\/strong> nicht hintenanstehen. Ihre 6,75 m bedeuten ebenfalls Gold:<\/p>\n<p><a href=\"http:\/\/www.petergrau-leichtathlet.de\/wp-content\/uploads\/2018\/08\/Hoch-achtundf\u00fcnfzig.jpg\"><img loading=\"lazy\" class=\"alignnone size-medium wp-image-13618\" src=\"http:\/\/www.petergrau-leichtathlet.de\/wp-content\/uploads\/2018\/08\/Hoch-achtundf\u00fcnfzig-300x225.jpg\" alt=\"Hoch achtundf\u00fcnfzig\" width=\"300\" height=\"225\" srcset=\"https:\/\/www.petergrau-leichtathlet.de\/wp-content\/uploads\/2018\/08\/Hoch-achtundf\u00fcnfzig-300x225.jpg 300w, https:\/\/www.petergrau-leichtathlet.de\/wp-content\/uploads\/2018\/08\/Hoch-achtundf\u00fcnfzig-1024x768.jpg 1024w\" sizes=\"(max-width: 300px) 100vw, 300px\" \/><\/a> <a href=\"http:\/\/www.petergrau-leichtathlet.de\/wp-content\/uploads\/2018\/08\/Hoch-siebenundf\u00fcnfzig.jpg\"><img loading=\"lazy\" class=\"alignnone size-medium wp-image-13617\" src=\"http:\/\/www.petergrau-leichtathlet.de\/wp-content\/uploads\/2018\/08\/Hoch-siebenundf\u00fcnfzig-300x225.jpg\" alt=\"Hoch siebenundf\u00fcnfzig\" width=\"300\" height=\"225\" srcset=\"https:\/\/www.petergrau-leichtathlet.de\/wp-content\/uploads\/2018\/08\/Hoch-siebenundf\u00fcnfzig-300x225.jpg 300w, https:\/\/www.petergrau-leichtathlet.de\/wp-content\/uploads\/2018\/08\/Hoch-siebenundf\u00fcnfzig-1024x768.jpg 1024w\" sizes=\"(max-width: 300px) 100vw, 300px\" \/><\/a> <a href=\"http:\/\/www.petergrau-leichtathlet.de\/wp-content\/uploads\/2018\/08\/Hoch-sechsundf\u00fcnzig.jpg\"><img loading=\"lazy\" class=\"alignnone size-medium wp-image-13616\" src=\"http:\/\/www.petergrau-leichtathlet.de\/wp-content\/uploads\/2018\/08\/Hoch-sechsundf\u00fcnzig-300x225.jpg\" alt=\"Hoch sechsundf\u00fcnzig\" width=\"300\" height=\"225\" srcset=\"https:\/\/www.petergrau-leichtathlet.de\/wp-content\/uploads\/2018\/08\/Hoch-sechsundf\u00fcnzig-300x225.jpg 300w, https:\/\/www.petergrau-leichtathlet.de\/wp-content\/uploads\/2018\/08\/Hoch-sechsundf\u00fcnzig-1024x768.jpg 1024w\" sizes=\"(max-width: 300px) 100vw, 300px\" \/><\/a> <a href=\"http:\/\/www.petergrau-leichtathlet.de\/wp-content\/uploads\/2018\/08\/Hoch-f\u00fcnfundf\u00fcnfzig.jpg\"><img loading=\"lazy\" class=\"alignnone size-medium wp-image-13615\" src=\"http:\/\/www.petergrau-leichtathlet.de\/wp-content\/uploads\/2018\/08\/Hoch-f\u00fcnfundf\u00fcnfzig-300x225.jpg\" alt=\"Hoch f\u00fcnfundf\u00fcnfzig\" width=\"300\" height=\"225\" srcset=\"https:\/\/www.petergrau-leichtathlet.de\/wp-content\/uploads\/2018\/08\/Hoch-f\u00fcnfundf\u00fcnfzig-300x225.jpg 300w, https:\/\/www.petergrau-leichtathlet.de\/wp-content\/uploads\/2018\/08\/Hoch-f\u00fcnfundf\u00fcnfzig-1024x768.jpg 1024w\" sizes=\"(max-width: 300px) 100vw, 300px\" \/><\/a><\/p>\n<p>Die Staffell\u00e4ufe der M\u00e4nner und Frauen \u00fcber 4&#215;400 m begeistern:<\/p>\n<p><a href=\"http:\/\/www.petergrau-leichtathlet.de\/wp-content\/uploads\/2018\/08\/Hoch-neunundf\u00fcnfzig.jpg\"><img loading=\"lazy\" class=\"alignnone size-medium wp-image-13619\" src=\"http:\/\/www.petergrau-leichtathlet.de\/wp-content\/uploads\/2018\/08\/Hoch-neunundf\u00fcnfzig-300x225.jpg\" alt=\"Hoch neunundf\u00fcnfzig\" width=\"300\" height=\"225\" srcset=\"https:\/\/www.petergrau-leichtathlet.de\/wp-content\/uploads\/2018\/08\/Hoch-neunundf\u00fcnfzig-300x225.jpg 300w, https:\/\/www.petergrau-leichtathlet.de\/wp-content\/uploads\/2018\/08\/Hoch-neunundf\u00fcnfzig-1024x768.jpg 1024w\" sizes=\"(max-width: 300px) 100vw, 300px\" \/><\/a> <a href=\"http:\/\/www.petergrau-leichtathlet.de\/wp-content\/uploads\/2018\/08\/Hoch-sechszig.jpg\"><img loading=\"lazy\" class=\"alignnone size-medium wp-image-13620\" src=\"http:\/\/www.petergrau-leichtathlet.de\/wp-content\/uploads\/2018\/08\/Hoch-sechszig-300x225.jpg\" alt=\"Hoch sechszig\" width=\"300\" height=\"225\" srcset=\"https:\/\/www.petergrau-leichtathlet.de\/wp-content\/uploads\/2018\/08\/Hoch-sechszig-300x225.jpg 300w, https:\/\/www.petergrau-leichtathlet.de\/wp-content\/uploads\/2018\/08\/Hoch-sechszig-1024x768.jpg 1024w\" sizes=\"(max-width: 300px) 100vw, 300px\" \/><\/a> <a href=\"http:\/\/www.petergrau-leichtathlet.de\/wp-content\/uploads\/2018\/08\/Hoch-einundsechszig.jpg\"><img loading=\"lazy\" class=\"alignnone size-medium wp-image-13621\" src=\"http:\/\/www.petergrau-leichtathlet.de\/wp-content\/uploads\/2018\/08\/Hoch-einundsechszig-300x225.jpg\" alt=\"Hoch einundsechszig\" width=\"300\" height=\"225\" srcset=\"https:\/\/www.petergrau-leichtathlet.de\/wp-content\/uploads\/2018\/08\/Hoch-einundsechszig-300x225.jpg 300w, https:\/\/www.petergrau-leichtathlet.de\/wp-content\/uploads\/2018\/08\/Hoch-einundsechszig-1024x768.jpg 1024w\" sizes=\"(max-width: 300px) 100vw, 300px\" \/><\/a><\/p>\n<p>Viel Arbeit weiterhin f\u00fcr die Journalisten:<\/p>\n<p><a href=\"http:\/\/www.petergrau-leichtathlet.de\/wp-content\/uploads\/2018\/08\/Hoch-zweiundsechszuig.jpg\"><img loading=\"lazy\" class=\"alignnone size-medium wp-image-13622\" src=\"http:\/\/www.petergrau-leichtathlet.de\/wp-content\/uploads\/2018\/08\/Hoch-zweiundsechszuig-300x225.jpg\" alt=\"Hoch zweiundsechszuig\" width=\"300\" height=\"225\" srcset=\"https:\/\/www.petergrau-leichtathlet.de\/wp-content\/uploads\/2018\/08\/Hoch-zweiundsechszuig-300x225.jpg 300w, https:\/\/www.petergrau-leichtathlet.de\/wp-content\/uploads\/2018\/08\/Hoch-zweiundsechszuig-1024x768.jpg 1024w\" sizes=\"(max-width: 300px) 100vw, 300px\" \/><\/a> <a href=\"http:\/\/www.petergrau-leichtathlet.de\/wp-content\/uploads\/2018\/08\/Hoch-dreiundsechzig.jpg\"><img loading=\"lazy\" class=\"alignnone size-medium wp-image-13623\" src=\"http:\/\/www.petergrau-leichtathlet.de\/wp-content\/uploads\/2018\/08\/Hoch-dreiundsechzig-300x225.jpg\" alt=\"Hoch dreiundsechzig\" width=\"300\" height=\"225\" srcset=\"https:\/\/www.petergrau-leichtathlet.de\/wp-content\/uploads\/2018\/08\/Hoch-dreiundsechzig-300x225.jpg 300w, https:\/\/www.petergrau-leichtathlet.de\/wp-content\/uploads\/2018\/08\/Hoch-dreiundsechzig-1024x768.jpg 1024w\" sizes=\"(max-width: 300px) 100vw, 300px\" \/><\/a><\/p>\n<p>Silke Bernart und\u00a0 Peter Schmitt von der Medienabteilung des Deutschen Leichtathletik-Verbandes schauen zu und \u00fcbermitteln dann den deutschen Medaillengewinnern, wo und wann sie von Journalisten erwartet werden:<\/p>\n<p><a href=\"http:\/\/www.petergrau-leichtathlet.de\/wp-content\/uploads\/2018\/08\/Hoch-vierundsechszig.jpg\"><img loading=\"lazy\" class=\"alignnone size-medium wp-image-13624\" src=\"http:\/\/www.petergrau-leichtathlet.de\/wp-content\/uploads\/2018\/08\/Hoch-vierundsechszig-279x300.jpg\" alt=\"Hoch vierundsechszig\" width=\"279\" height=\"300\" srcset=\"https:\/\/www.petergrau-leichtathlet.de\/wp-content\/uploads\/2018\/08\/Hoch-vierundsechszig-279x300.jpg 279w, https:\/\/www.petergrau-leichtathlet.de\/wp-content\/uploads\/2018\/08\/Hoch-vierundsechszig-952x1024.jpg 952w\" sizes=\"(max-width: 279px) 100vw, 279px\" \/><\/a><\/p>\n<p>Die ersten Drei bei den Diskuswerferinnen werden gefeiert:<\/p>\n<p><a href=\"http:\/\/www.petergrau-leichtathlet.de\/wp-content\/uploads\/2018\/08\/Hoch-f\u00fcnfundsechszig.jpg\"><img loading=\"lazy\" class=\"alignnone size-medium wp-image-13625\" src=\"http:\/\/www.petergrau-leichtathlet.de\/wp-content\/uploads\/2018\/08\/Hoch-f\u00fcnfundsechszig-300x225.jpg\" alt=\"Hoch f\u00fcnfundsechszig\" width=\"300\" height=\"225\" srcset=\"https:\/\/www.petergrau-leichtathlet.de\/wp-content\/uploads\/2018\/08\/Hoch-f\u00fcnfundsechszig-300x225.jpg 300w, https:\/\/www.petergrau-leichtathlet.de\/wp-content\/uploads\/2018\/08\/Hoch-f\u00fcnfundsechszig-1024x768.jpg 1024w\" sizes=\"(max-width: 300px) 100vw, 300px\" \/><\/a> <a href=\"http:\/\/www.petergrau-leichtathlet.de\/wp-content\/uploads\/2018\/08\/Hoch-sechsundsechszig.jpg\"><img loading=\"lazy\" class=\"alignnone size-medium wp-image-13626\" src=\"http:\/\/www.petergrau-leichtathlet.de\/wp-content\/uploads\/2018\/08\/Hoch-sechsundsechszig-300x225.jpg\" alt=\"Hoch sechsundsechszig\" width=\"300\" height=\"225\" srcset=\"https:\/\/www.petergrau-leichtathlet.de\/wp-content\/uploads\/2018\/08\/Hoch-sechsundsechszig-300x225.jpg 300w, https:\/\/www.petergrau-leichtathlet.de\/wp-content\/uploads\/2018\/08\/Hoch-sechsundsechszig-1024x768.jpg 1024w\" sizes=\"(max-width: 300px) 100vw, 300px\" \/><\/a><\/p>\n<p>&nbsp;<\/p>\n<p><a href=\"http:\/\/www.petergrau-leichtathlet.de\/wp-content\/uploads\/2018\/08\/Hoch-siebenundsechszig.jpg\"><img loading=\"lazy\" class=\"alignnone size-medium wp-image-13627\" src=\"http:\/\/www.petergrau-leichtathlet.de\/wp-content\/uploads\/2018\/08\/Hoch-siebenundsechszig-300x225.jpg\" alt=\"Hoch siebenundsechszig\" width=\"300\" height=\"225\" srcset=\"https:\/\/www.petergrau-leichtathlet.de\/wp-content\/uploads\/2018\/08\/Hoch-siebenundsechszig-300x225.jpg 300w, https:\/\/www.petergrau-leichtathlet.de\/wp-content\/uploads\/2018\/08\/Hoch-siebenundsechszig-1024x768.jpg 1024w\" sizes=\"(max-width: 300px) 100vw, 300px\" \/><\/a> <a href=\"http:\/\/www.petergrau-leichtathlet.de\/wp-content\/uploads\/2018\/08\/Hoch-neunundsechzig.jpg\"><img loading=\"lazy\" class=\"alignnone size-medium wp-image-13628\" src=\"http:\/\/www.petergrau-leichtathlet.de\/wp-content\/uploads\/2018\/08\/Hoch-neunundsechzig-300x225.jpg\" alt=\"Hoch neunundsechzig\" width=\"300\" height=\"225\" srcset=\"https:\/\/www.petergrau-leichtathlet.de\/wp-content\/uploads\/2018\/08\/Hoch-neunundsechzig-300x225.jpg 300w, https:\/\/www.petergrau-leichtathlet.de\/wp-content\/uploads\/2018\/08\/Hoch-neunundsechzig-1024x768.jpg 1024w\" sizes=\"(max-width: 300px) 100vw, 300px\" \/><\/a> <a href=\"http:\/\/www.petergrau-leichtathlet.de\/wp-content\/uploads\/2018\/08\/Hoch-siebzig.jpg\"><img loading=\"lazy\" class=\"alignnone size-medium wp-image-13629\" src=\"http:\/\/www.petergrau-leichtathlet.de\/wp-content\/uploads\/2018\/08\/Hoch-siebzig-300x225.jpg\" alt=\"Hoch siebzig\" width=\"300\" height=\"225\" srcset=\"https:\/\/www.petergrau-leichtathlet.de\/wp-content\/uploads\/2018\/08\/Hoch-siebzig-300x225.jpg 300w, https:\/\/www.petergrau-leichtathlet.de\/wp-content\/uploads\/2018\/08\/Hoch-siebzig-1024x768.jpg 1024w\" sizes=\"(max-width: 300px) 100vw, 300px\" \/><\/a><\/p>\n<p><a href=\"http:\/\/www.petergrau-leichtathlet.de\/wp-content\/uploads\/2018\/08\/Hoch-achtzehn1.jpg\"><img loading=\"lazy\" class=\"alignnone size-medium wp-image-13630\" src=\"http:\/\/www.petergrau-leichtathlet.de\/wp-content\/uploads\/2018\/08\/Hoch-achtzehn1-300x225.jpg\" alt=\"Hoch achtzehn\" width=\"300\" height=\"225\" srcset=\"https:\/\/www.petergrau-leichtathlet.de\/wp-content\/uploads\/2018\/08\/Hoch-achtzehn1-300x225.jpg 300w, https:\/\/www.petergrau-leichtathlet.de\/wp-content\/uploads\/2018\/08\/Hoch-achtzehn1-1024x768.jpg 1024w\" sizes=\"(max-width: 300px) 100vw, 300px\" \/><\/a><\/p>\n<p>Text und Fotos:\u00a0 Peter Grau<\/p>\n<p>&nbsp;<\/p>\n","protected":false},"excerpt":{"rendered":"<p>Nachdem ich am Freitag (11.8.) die Wettbewerbe\u00a0 am Fernseher verfolgte und dabei\u00a0 den Goldwurf von Speerwerferin Christin Hussong den silbernen Dreisprung von Kristin Gierisch und die Bronzemedaillen von Siebenk\u00e4mpferin Carolin Sch\u00e4fer\u00a0 und Hochspringerin \u00a0Marie-Laurence Jungfleisch erlebte, fuhr ich am Samstag (12.8.) wieder gen Berlin. Eigentlich wollte ich schon morgens in der Fr\u00fche die Geherinnen und &hellip; <a href=\"https:\/\/www.petergrau-leichtathlet.de\/?p=13631\" class=\"more-link\"><span class=\"screen-reader-text\">Leichtathletik-EM in Berlin: Malaika Gold im Weitsprung, Mateusz Gold im Hochsprung<\/span> weiterlesen <span class=\"meta-nav\">&rarr;<\/span><\/a><\/p>\n","protected":false},"author":1,"featured_media":0,"comment_status":"closed","ping_status":"open","sticky":false,"template":"","format":"standard","meta":[],"categories":[11,5],"tags":[],"_links":{"self":[{"href":"https:\/\/www.petergrau-leichtathlet.de\/index.php?rest_route=\/wp\/v2\/posts\/13631"}],"collection":[{"href":"https:\/\/www.petergrau-leichtathlet.de\/index.php?rest_route=\/wp\/v2\/posts"}],"about":[{"href":"https:\/\/www.petergrau-leichtathlet.de\/index.php?rest_route=\/wp\/v2\/types\/post"}],"author":[{"embeddable":true,"href":"https:\/\/www.petergrau-leichtathlet.de\/index.php?rest_route=\/wp\/v2\/users\/1"}],"replies":[{"embeddable":true,"href":"https:\/\/www.petergrau-leichtathlet.de\/index.php?rest_route=%2Fwp%2Fv2%2Fcomments&post=13631"}],"version-history":[{"count":5,"href":"https:\/\/www.petergrau-leichtathlet.de\/index.php?rest_route=\/wp\/v2\/posts\/13631\/revisions"}],"predecessor-version":[{"id":13758,"href":"https:\/\/www.petergrau-leichtathlet.de\/index.php?rest_route=\/wp\/v2\/posts\/13631\/revisions\/13758"}],"wp:attachment":[{"href":"https:\/\/www.petergrau-leichtathlet.de\/index.php?rest_route=%2Fwp%2Fv2%2Fmedia&parent=13631"}],"wp:term":[{"taxonomy":"category","embeddable":true,"href":"https:\/\/www.petergrau-leichtathlet.de\/index.php?rest_route=%2Fwp%2Fv2%2Fcategories&post=13631"},{"taxonomy":"post_tag","embeddable":true,"href":"https:\/\/www.petergrau-leichtathlet.de\/index.php?rest_route=%2Fwp%2Fv2%2Ftags&post=13631"}],"curies":[{"name":"wp","href":"https:\/\/api.w.org\/{rel}","templated":true}]}}