{"id":1370,"date":"2016-03-26T22:45:14","date_gmt":"2016-03-26T21:45:14","guid":{"rendered":"http:\/\/www.petergrau-leichtathlet.de\/?p=1370"},"modified":"2016-03-26T22:45:14","modified_gmt":"2016-03-26T21:45:14","slug":"beim-hamburg-marathon-1987-getroffen-nun-die-wiederbegegnung-mit-steen","status":"publish","type":"post","link":"https:\/\/www.petergrau-leichtathlet.de\/?p=1370","title":{"rendered":"Beim Hamburg-Marathon 1987 getroffen &#8211; nun die Wiederbegegnung mit Steen"},"content":{"rendered":"<p>Wenn man viele Facebook-Freunde hat, dann bekommt man auch viele Geburtstagsgl\u00fcckw\u00fcnsche. Und ich habe seit Dezember 2015, als meine Homepage \u201eauf Sender\u201c ging,  viele neue Freunde gewonnen.  51 meldeten sich gr\u00fc\u00dfend und erhielten alle einzeln meine Dankesworte.<br \/>\nAuff\u00e4llig, da\u00df eine ganze Reihe W\u00fcnsche aus dem Ausland kamen, so aus <strong>Mobasa, Accra, Oslo, Kopenhagen, Kiew und Bukarest<\/strong>. Ein Wiedersehen dank Facebook feierte ich mit dem<strong> D\u00e4nen Steen<\/strong>, der heute in <strong>Odense<\/strong> wohnt. Wo lernte ich ihn kennen?<br \/>\nIm Mai 1987  \u00fcbernachteten wir vor dem Start beim <strong>Hamburg-Marathon<\/strong> gemeinsam in einer Jugendherberge an den <strong>Landungsbr\u00fccken<\/strong> (siehe die damalige Ansichtskarte), dort wo der Marathonkurs nach rund 10 Kilometern vorbeif\u00fchrte. Auch nach dem Lauf wechselten noch einige Zeit Briefe zwischen Ostberlin und Odense, doch dann ri\u00df der Kontakt ab. Nun nach 29 Jahren haben wir uns wiedergefunden. Und wollen weiter in Verbindung bleiben, was heutzutage mittels Internet nat\u00fcrlich viel einfacher ist. <\/p>\n<p><a href=\"http:\/\/www.petergrau-leichtathlet.de\/wp-content\/uploads\/2016\/03\/Hamburg-klein-Landungsbr\u00fccken-Jugendherberge.jpg\"><img loading=\"lazy\" src=\"http:\/\/www.petergrau-leichtathlet.de\/wp-content\/uploads\/2016\/03\/Hamburg-klein-Landungsbr\u00fccken-Jugendherberge-203x300.jpg\" alt=\"Hamburg klein Landungsbr\u00fccken Jugendherberge\" width=\"203\" height=\"300\" class=\"alignnone size-medium wp-image-1371\" srcset=\"https:\/\/www.petergrau-leichtathlet.de\/wp-content\/uploads\/2016\/03\/Hamburg-klein-Landungsbr\u00fccken-Jugendherberge-203x300.jpg 203w, https:\/\/www.petergrau-leichtathlet.de\/wp-content\/uploads\/2016\/03\/Hamburg-klein-Landungsbr\u00fccken-Jugendherberge.jpg 676w\" sizes=\"(max-width: 203px) 100vw, 203px\" \/><\/a><\/p>\n","protected":false},"excerpt":{"rendered":"<p>Wenn man viele Facebook-Freunde hat, dann bekommt man auch viele Geburtstagsgl\u00fcckw\u00fcnsche. Und ich habe seit Dezember 2015, als meine Homepage \u201eauf Sender\u201c ging, viele neue Freunde gewonnen. 51 meldeten sich gr\u00fc\u00dfend und erhielten alle einzeln meine Dankesworte. Auff\u00e4llig, da\u00df eine ganze Reihe W\u00fcnsche aus dem Ausland kamen, so aus Mobasa, Accra, Oslo, Kopenhagen, Kiew und &hellip; <a href=\"https:\/\/www.petergrau-leichtathlet.de\/?p=1370\" class=\"more-link\"><span class=\"screen-reader-text\">Beim Hamburg-Marathon 1987 getroffen &#8211; nun die Wiederbegegnung mit Steen<\/span> weiterlesen <span class=\"meta-nav\">&rarr;<\/span><\/a><\/p>\n","protected":false},"author":1,"featured_media":0,"comment_status":"open","ping_status":"open","sticky":false,"template":"","format":"standard","meta":[],"categories":[5],"tags":[],"_links":{"self":[{"href":"https:\/\/www.petergrau-leichtathlet.de\/index.php?rest_route=\/wp\/v2\/posts\/1370"}],"collection":[{"href":"https:\/\/www.petergrau-leichtathlet.de\/index.php?rest_route=\/wp\/v2\/posts"}],"about":[{"href":"https:\/\/www.petergrau-leichtathlet.de\/index.php?rest_route=\/wp\/v2\/types\/post"}],"author":[{"embeddable":true,"href":"https:\/\/www.petergrau-leichtathlet.de\/index.php?rest_route=\/wp\/v2\/users\/1"}],"replies":[{"embeddable":true,"href":"https:\/\/www.petergrau-leichtathlet.de\/index.php?rest_route=%2Fwp%2Fv2%2Fcomments&post=1370"}],"version-history":[{"count":1,"href":"https:\/\/www.petergrau-leichtathlet.de\/index.php?rest_route=\/wp\/v2\/posts\/1370\/revisions"}],"predecessor-version":[{"id":1372,"href":"https:\/\/www.petergrau-leichtathlet.de\/index.php?rest_route=\/wp\/v2\/posts\/1370\/revisions\/1372"}],"wp:attachment":[{"href":"https:\/\/www.petergrau-leichtathlet.de\/index.php?rest_route=%2Fwp%2Fv2%2Fmedia&parent=1370"}],"wp:term":[{"taxonomy":"category","embeddable":true,"href":"https:\/\/www.petergrau-leichtathlet.de\/index.php?rest_route=%2Fwp%2Fv2%2Fcategories&post=1370"},{"taxonomy":"post_tag","embeddable":true,"href":"https:\/\/www.petergrau-leichtathlet.de\/index.php?rest_route=%2Fwp%2Fv2%2Ftags&post=1370"}],"curies":[{"name":"wp","href":"https:\/\/api.w.org\/{rel}","templated":true}]}}