{"id":14626,"date":"2019-02-17T13:04:11","date_gmt":"2019-02-17T12:04:11","guid":{"rendered":"http:\/\/www.petergrau-leichtathlet.de\/?p=14626"},"modified":"2019-04-07T22:05:19","modified_gmt":"2019-04-07T20:05:19","slug":"wir-haben-uns-getraut-30-jahre-anlauf-bis-zum-standesamt","status":"publish","type":"post","link":"https:\/\/www.petergrau-leichtathlet.de\/?p=14626","title":{"rendered":"Wir haben uns getraut \u2013 30 Jahre Anlauf bis zum Standesamt"},"content":{"rendered":"<p><a href=\"http:\/\/www.petergrau-leichtathlet.de\/wp-content\/uploads\/2019\/02\/Hochzeit-Anfang-eins.jpg\"><img loading=\"lazy\" class=\"alignnone size-medium wp-image-14700\" src=\"http:\/\/www.petergrau-leichtathlet.de\/wp-content\/uploads\/2019\/02\/Hochzeit-Anfang-eins-300x282.jpg\" alt=\"Hochzeit Anfang eins\" width=\"300\" height=\"282\" srcset=\"https:\/\/www.petergrau-leichtathlet.de\/wp-content\/uploads\/2019\/02\/Hochzeit-Anfang-eins-300x282.jpg 300w, https:\/\/www.petergrau-leichtathlet.de\/wp-content\/uploads\/2019\/02\/Hochzeit-Anfang-eins.jpg 863w\" sizes=\"(max-width: 300px) 100vw, 300px\" \/><\/a><\/p>\n<p><strong>\u201eDrum pr\u00fcfe, wer sich ewig bindet\u201c<\/strong>, hei\u00dft es so sch\u00f6n in einem Sprichwort. Doch l\u00e4\u00dft das offen, wie lange man sich pr\u00fcfen sollte.\u00a0 Wir, Ruth und ich, haben uns 30 Jahre gepr\u00fcft und f\u00fcr gut befunden. In unserem Zusammenleben hat es wenige Komplikationen gegeben. Unsere \u201ewilde\u201c Ehe brachte uns fast nur Freude und Sonnenschein. So war es denn nun, kurz vor der 80, ein folgerichtiger Schritt, aus der \u201ewilden\u201c Ehe eine richtige Ehe zu schmieden.<\/p>\n<p><a href=\"http:\/\/www.petergrau-leichtathlet.de\/wp-content\/uploads\/2019\/02\/Hochzeit-einhundert-dreizehn.jpg\"><img loading=\"lazy\" class=\"alignnone size-medium wp-image-14682\" src=\"http:\/\/www.petergrau-leichtathlet.de\/wp-content\/uploads\/2019\/02\/Hochzeit-einhundert-dreizehn-285x300.jpg\" alt=\"Hochzeit einhundert dreizehn\" width=\"285\" height=\"300\" srcset=\"https:\/\/www.petergrau-leichtathlet.de\/wp-content\/uploads\/2019\/02\/Hochzeit-einhundert-dreizehn-285x300.jpg 285w, https:\/\/www.petergrau-leichtathlet.de\/wp-content\/uploads\/2019\/02\/Hochzeit-einhundert-dreizehn.jpg 972w\" sizes=\"(max-width: 285px) 100vw, 285px\" \/><\/a><\/p>\n<p><strong>Die Trauungszeremonie am 1. Februar 2019<\/strong><\/p>\n<p>Am 14. Dezember 2018 frage ich beim Neuruppiner Standesamt nach, wann eine Trauung m\u00f6glich sei und welche Papiere dazu vorzulegen sind. \u201eAnfang des Jahres ist der Andrang der heiratswilligen Paare nur gering. Sie k\u00f6nnten den 1. oder den 15. Februar haben\u201c, meint die Standesbeamtin. 1. Februar , 11.30 Uhr, so steht es seitdem im Kalender des Standesamtes.<\/p>\n<p>Alle b\u00fcrokratischen \u201eH\u00fcrden\u201c werden \u00fcberwunden, und als meine Geburtsurkunde aus Erfurt eintrifft, steht der Trauung nichts mehr im Wege.<\/p>\n<p>Die Achter-Taxe steht p\u00fcnktlich 11.11 Uhr vor der Haust\u00fcr:<\/p>\n<p><a href=\"http:\/\/www.petergrau-leichtathlet.de\/wp-content\/uploads\/2019\/02\/Hochzeit-vier.jpg\"><img loading=\"lazy\" class=\"alignnone size-medium wp-image-14555\" src=\"http:\/\/www.petergrau-leichtathlet.de\/wp-content\/uploads\/2019\/02\/Hochzeit-vier-300x225.jpg\" alt=\"Hochzeit vier\" width=\"300\" height=\"225\" srcset=\"https:\/\/www.petergrau-leichtathlet.de\/wp-content\/uploads\/2019\/02\/Hochzeit-vier-300x225.jpg 300w, https:\/\/www.petergrau-leichtathlet.de\/wp-content\/uploads\/2019\/02\/Hochzeit-vier-1024x768.jpg 1024w\" sizes=\"(max-width: 300px) 100vw, 300px\" \/><\/a> <a href=\"http:\/\/www.petergrau-leichtathlet.de\/wp-content\/uploads\/2019\/02\/Hochzeit-f\u00fcnf.jpg\"><img loading=\"lazy\" class=\"alignnone size-medium wp-image-14556\" src=\"http:\/\/www.petergrau-leichtathlet.de\/wp-content\/uploads\/2019\/02\/Hochzeit-f\u00fcnf-300x225.jpg\" alt=\"Hochzeit f\u00fcnf\" width=\"300\" height=\"225\" srcset=\"https:\/\/www.petergrau-leichtathlet.de\/wp-content\/uploads\/2019\/02\/Hochzeit-f\u00fcnf-300x225.jpg 300w, https:\/\/www.petergrau-leichtathlet.de\/wp-content\/uploads\/2019\/02\/Hochzeit-f\u00fcnf-1024x768.jpg 1024w\" sizes=\"(max-width: 300px) 100vw, 300px\" \/><\/a><\/p>\n<p>Der Kilometer bis zum Standesamt ist schnell geschafft. Zwischendurch gibt auch Dichterf\u00fcrst Theodor Fontane seinen \u201eSegen\u201c:<\/p>\n<p><a href=\"http:\/\/www.petergrau-leichtathlet.de\/wp-content\/uploads\/2019\/02\/Hochzeit-sechs.jpg\"><img loading=\"lazy\" class=\"alignnone size-medium wp-image-14557\" src=\"http:\/\/www.petergrau-leichtathlet.de\/wp-content\/uploads\/2019\/02\/Hochzeit-sechs-300x225.jpg\" alt=\"Hochzeit sechs\" width=\"300\" height=\"225\" srcset=\"https:\/\/www.petergrau-leichtathlet.de\/wp-content\/uploads\/2019\/02\/Hochzeit-sechs-300x225.jpg 300w, https:\/\/www.petergrau-leichtathlet.de\/wp-content\/uploads\/2019\/02\/Hochzeit-sechs-1024x768.jpg 1024w\" sizes=\"(max-width: 300px) 100vw, 300px\" \/><\/a><\/p>\n<p>Vor dem Haupteingang des Rathauses werden die ersten Bilder \u201egeschossen\u201c, noch sehr viele sollen folgen:<\/p>\n<p><a href=\"http:\/\/www.petergrau-leichtathlet.de\/wp-content\/uploads\/2019\/02\/Hochzeit-einhundert-zehn.jpg\"><img loading=\"lazy\" class=\"alignnone size-medium wp-image-14680\" src=\"http:\/\/www.petergrau-leichtathlet.de\/wp-content\/uploads\/2019\/02\/Hochzeit-einhundert-zehn-300x225.jpg\" alt=\"Hochzeit einhundert zehn\" width=\"300\" height=\"225\" srcset=\"https:\/\/www.petergrau-leichtathlet.de\/wp-content\/uploads\/2019\/02\/Hochzeit-einhundert-zehn-300x225.jpg 300w, https:\/\/www.petergrau-leichtathlet.de\/wp-content\/uploads\/2019\/02\/Hochzeit-einhundert-zehn-1024x768.jpg 1024w, https:\/\/www.petergrau-leichtathlet.de\/wp-content\/uploads\/2019\/02\/Hochzeit-einhundert-zehn.jpg 1080w\" sizes=\"(max-width: 300px) 100vw, 300px\" \/><\/a><\/p>\n<p>Anspannung vor dem Trauraum:<\/p>\n<p><a href=\"http:\/\/www.petergrau-leichtathlet.de\/wp-content\/uploads\/2019\/02\/Hochzeit-acht.jpg\"><img loading=\"lazy\" class=\"alignnone size-medium wp-image-14559\" src=\"http:\/\/www.petergrau-leichtathlet.de\/wp-content\/uploads\/2019\/02\/Hochzeit-acht-300x225.jpg\" alt=\"Hochzeit acht\" width=\"300\" height=\"225\" srcset=\"https:\/\/www.petergrau-leichtathlet.de\/wp-content\/uploads\/2019\/02\/Hochzeit-acht-300x225.jpg 300w, https:\/\/www.petergrau-leichtathlet.de\/wp-content\/uploads\/2019\/02\/Hochzeit-acht-1024x768.jpg 1024w\" sizes=\"(max-width: 300px) 100vw, 300px\" \/><\/a> <a href=\"http:\/\/www.petergrau-leichtathlet.de\/wp-content\/uploads\/2019\/02\/Hochzeit-neun.jpg\"><img loading=\"lazy\" class=\"alignnone size-medium wp-image-14561\" src=\"http:\/\/www.petergrau-leichtathlet.de\/wp-content\/uploads\/2019\/02\/Hochzeit-neun-300x225.jpg\" alt=\"Hochzeit neun\" width=\"300\" height=\"225\" srcset=\"https:\/\/www.petergrau-leichtathlet.de\/wp-content\/uploads\/2019\/02\/Hochzeit-neun-300x225.jpg 300w, https:\/\/www.petergrau-leichtathlet.de\/wp-content\/uploads\/2019\/02\/Hochzeit-neun-1024x768.jpg 1024w\" sizes=\"(max-width: 300px) 100vw, 300px\" \/><\/a><\/p>\n<p>&nbsp;<\/p>\n<p>Die G\u00e4ste nehmen Platz.\u00a0 Die Standesbeamtin \u00fcbernimmt die Regie:<\/p>\n<p><a href=\"http:\/\/www.petergrau-leichtathlet.de\/wp-content\/uploads\/2019\/02\/Hochzeit-elf.jpg\"><img loading=\"lazy\" class=\"alignnone size-medium wp-image-14563\" src=\"http:\/\/www.petergrau-leichtathlet.de\/wp-content\/uploads\/2019\/02\/Hochzeit-elf-300x225.jpg\" alt=\"Hochzeit elf\" width=\"300\" height=\"225\" srcset=\"https:\/\/www.petergrau-leichtathlet.de\/wp-content\/uploads\/2019\/02\/Hochzeit-elf-300x225.jpg 300w, https:\/\/www.petergrau-leichtathlet.de\/wp-content\/uploads\/2019\/02\/Hochzeit-elf-1024x768.jpg 1024w\" sizes=\"(max-width: 300px) 100vw, 300px\" \/><\/a> <a href=\"http:\/\/www.petergrau-leichtathlet.de\/wp-content\/uploads\/2019\/02\/Hochzeit-vierzehn.jpg\"><img loading=\"lazy\" class=\"alignnone size-medium wp-image-14577\" src=\"http:\/\/www.petergrau-leichtathlet.de\/wp-content\/uploads\/2019\/02\/Hochzeit-vierzehn-300x235.jpg\" alt=\"Hochzeit vierzehn\" width=\"300\" height=\"235\" srcset=\"https:\/\/www.petergrau-leichtathlet.de\/wp-content\/uploads\/2019\/02\/Hochzeit-vierzehn-300x235.jpg 300w, https:\/\/www.petergrau-leichtathlet.de\/wp-content\/uploads\/2019\/02\/Hochzeit-vierzehn-1024x803.jpg 1024w\" sizes=\"(max-width: 300px) 100vw, 300px\" \/><\/a> <a href=\"http:\/\/www.petergrau-leichtathlet.de\/wp-content\/uploads\/2019\/02\/Hochzeit-dreizehn.jpg\"><img loading=\"lazy\" class=\"alignnone size-medium wp-image-14576\" src=\"http:\/\/www.petergrau-leichtathlet.de\/wp-content\/uploads\/2019\/02\/Hochzeit-dreizehn-300x225.jpg\" alt=\"Hochzeit dreizehn\" width=\"300\" height=\"225\" srcset=\"https:\/\/www.petergrau-leichtathlet.de\/wp-content\/uploads\/2019\/02\/Hochzeit-dreizehn-300x225.jpg 300w, https:\/\/www.petergrau-leichtathlet.de\/wp-content\/uploads\/2019\/02\/Hochzeit-dreizehn-1024x768.jpg 1024w\" sizes=\"(max-width: 300px) 100vw, 300px\" \/><\/a><\/p>\n<p>&nbsp;<\/p>\n<p>Dann d\u00fcrfen wir \u201eeinmarschieren\u201c. Es ist feierlich, und die R\u00fchrung \u00fcbermannt uns fast. Aber wir schaffen es auf unsere Pl\u00e4tze:<\/p>\n<p><a href=\"http:\/\/www.petergrau-leichtathlet.de\/wp-content\/uploads\/2019\/02\/Hochzeit-sechszehn.jpg\"><img loading=\"lazy\" class=\"alignnone size-medium wp-image-14579\" src=\"http:\/\/www.petergrau-leichtathlet.de\/wp-content\/uploads\/2019\/02\/Hochzeit-sechszehn-300x268.jpg\" alt=\"Hochzeit sechszehn\" width=\"300\" height=\"268\" srcset=\"https:\/\/www.petergrau-leichtathlet.de\/wp-content\/uploads\/2019\/02\/Hochzeit-sechszehn-300x268.jpg 300w, https:\/\/www.petergrau-leichtathlet.de\/wp-content\/uploads\/2019\/02\/Hochzeit-sechszehn-1024x913.jpg 1024w\" sizes=\"(max-width: 300px) 100vw, 300px\" \/><\/a> <a href=\"http:\/\/www.petergrau-leichtathlet.de\/wp-content\/uploads\/2019\/02\/Hochzeit-siebzehn.jpg\"><img loading=\"lazy\" class=\"alignnone size-medium wp-image-14580\" src=\"http:\/\/www.petergrau-leichtathlet.de\/wp-content\/uploads\/2019\/02\/Hochzeit-siebzehn-300x225.jpg\" alt=\"Hochzeit siebzehn\" width=\"300\" height=\"225\" srcset=\"https:\/\/www.petergrau-leichtathlet.de\/wp-content\/uploads\/2019\/02\/Hochzeit-siebzehn-300x225.jpg 300w, https:\/\/www.petergrau-leichtathlet.de\/wp-content\/uploads\/2019\/02\/Hochzeit-siebzehn-1024x768.jpg 1024w\" sizes=\"(max-width: 300px) 100vw, 300px\" \/><\/a><\/p>\n<p>&nbsp;<\/p>\n<p>Links und rechts haben unsere beiden Trauzeugen, Tochter Petra und Schwager Achim, Platz genommen:<\/p>\n<p><a href=\"http:\/\/www.petergrau-leichtathlet.de\/wp-content\/uploads\/2019\/02\/Hochzeit-zwanzig.jpg\"><img loading=\"lazy\" class=\"alignnone size-medium wp-image-14583\" src=\"http:\/\/www.petergrau-leichtathlet.de\/wp-content\/uploads\/2019\/02\/Hochzeit-zwanzig-300x225.jpg\" alt=\"Hochzeit zwanzig\" width=\"300\" height=\"225\" srcset=\"https:\/\/www.petergrau-leichtathlet.de\/wp-content\/uploads\/2019\/02\/Hochzeit-zwanzig-300x225.jpg 300w, https:\/\/www.petergrau-leichtathlet.de\/wp-content\/uploads\/2019\/02\/Hochzeit-zwanzig-1024x768.jpg 1024w\" sizes=\"(max-width: 300px) 100vw, 300px\" \/><\/a><\/p>\n<p>&nbsp;<\/p>\n<p>Die Standesbeamtin nimmt uns ein wenig die Nervosit\u00e4t. Sie spricht dar\u00fcber, was sich in unserem fr\u00fcheren Leben abgespielt hat. Daf\u00fcr habe ich ihr den folgenden Text vorher gegeben:<\/p>\n<p>\u201eRuth Scheerer und Peter Grau kennen sich schon sehr lange. 1969 trafen sie sich erstmals in Neuruppin.\u00a0 Peter hatte dort gerade Elke geheiratet und deren beste Freundin war eben diese Ruth Scheerer. Beide waren aktive Ruderinnen und dank des Sports oft gemeinsam auf Tour.<\/p>\n<p>Peter lebte mit Elke in Berlin.\u00a0 Ruth hatte 1959 in Neuruppin geheiratet.<\/p>\n<p>Die Jahre gingen ins Land und Schicksalsschl\u00e4ge blieben nicht aus.\u00a0 Ruth\u00b4s Ehe lief lange gut, aber dann schlug der Teufel Alkohol zu, fand in ihrem Mann Klaus eine willkommene Beute. Die Ehe wurde 1983 geschieden.<\/p>\n<p>Peter\u00b4s Frau Elke wurde schwer krank, starb\u00a0 1988.<\/p>\n<p>Ruth stand weiterhin als selbst\u00e4ndige Glasermeisterin ihre \u201eFrau\u201c.\u00a0 Peter, geb\u00fcrtiger Erfurter, hatte\u00a0 seit 1960 in Berlin gelebt, war aber wegen seiner Frau Elke auch oft in Neuruppin.<\/p>\n<p>Peter und Ruth verloren sich jedenfalls nie aus den Augen, trafen sich auf manchen Festivit\u00e4ten in Neuruppin oder manchmal auch in Berlin.<\/p>\n<p>1989 kam dann nicht nur die gro\u00dfe politische Wende und die deutsche Einheit, sondern auch im Leben von Ruth und Peter gab es eine Wende. Sie lernten sich\u00a0 n\u00e4her kennen, entdeckten Sympathie und mehr f\u00fcreinander und fanden zueinander. Seitdem sind sie ein Paar.\u201c<\/p>\n<p>Soweit mein Text, den die Standesbeamtin in ihre Rede einf\u00fcgt.<\/p>\n<p>Dann aber wird es ernst! Wir werden gefragt, ob wir die Ehe eingehen wollen. Das \u201e Ja ich will!\u201c\u00a0 bringen wir beide h\u00f6rbar \u00fcber die Lippen:<\/p>\n<p><a href=\"http:\/\/www.petergrau-leichtathlet.de\/wp-content\/uploads\/2019\/02\/Hochzeit-zweiundzwanzig.jpg\"><img loading=\"lazy\" class=\"alignnone size-medium wp-image-14585\" src=\"http:\/\/www.petergrau-leichtathlet.de\/wp-content\/uploads\/2019\/02\/Hochzeit-zweiundzwanzig-300x225.jpg\" alt=\"Hochzeit zweiundzwanzig\" width=\"300\" height=\"225\" srcset=\"https:\/\/www.petergrau-leichtathlet.de\/wp-content\/uploads\/2019\/02\/Hochzeit-zweiundzwanzig-300x225.jpg 300w, https:\/\/www.petergrau-leichtathlet.de\/wp-content\/uploads\/2019\/02\/Hochzeit-zweiundzwanzig-1024x768.jpg 1024w\" sizes=\"(max-width: 300px) 100vw, 300px\" \/><\/a><\/p>\n<p><a href=\"http:\/\/www.petergrau-leichtathlet.de\/wp-content\/uploads\/2019\/02\/Hochzeit-f\u00fcnfundzwanzig.jpg\"><img loading=\"lazy\" class=\"alignnone size-medium wp-image-14587\" src=\"http:\/\/www.petergrau-leichtathlet.de\/wp-content\/uploads\/2019\/02\/Hochzeit-f\u00fcnfundzwanzig-300x290.jpg\" alt=\"Hochzeit f\u00fcnfundzwanzig\" width=\"300\" height=\"290\" srcset=\"https:\/\/www.petergrau-leichtathlet.de\/wp-content\/uploads\/2019\/02\/Hochzeit-f\u00fcnfundzwanzig-300x290.jpg 300w, https:\/\/www.petergrau-leichtathlet.de\/wp-content\/uploads\/2019\/02\/Hochzeit-f\u00fcnfundzwanzig-1024x989.jpg 1024w\" sizes=\"(max-width: 300px) 100vw, 300px\" \/><\/a><\/p>\n<p>\u201eDamit erkl\u00e4re ich Sie zu Mann und Frau&#8220; \u2013 oder so \u00e4hnlich, spricht die Standesbeamtin:<\/p>\n<p><a href=\"http:\/\/www.petergrau-leichtathlet.de\/wp-content\/uploads\/2019\/02\/Hochzeit-vierundzwanzig.jpg\"><img loading=\"lazy\" class=\"alignnone size-medium wp-image-14586\" src=\"http:\/\/www.petergrau-leichtathlet.de\/wp-content\/uploads\/2019\/02\/Hochzeit-vierundzwanzig-300x273.jpg\" alt=\"Hochzeit vierundzwanzig\" width=\"300\" height=\"273\" srcset=\"https:\/\/www.petergrau-leichtathlet.de\/wp-content\/uploads\/2019\/02\/Hochzeit-vierundzwanzig-300x273.jpg 300w, https:\/\/www.petergrau-leichtathlet.de\/wp-content\/uploads\/2019\/02\/Hochzeit-vierundzwanzig-1024x933.jpg 1024w\" sizes=\"(max-width: 300px) 100vw, 300px\" \/><\/a><\/p>\n<p>&nbsp;<\/p>\n<p>&#8222;Sie d\u00fcrfen jetzt die Ringe austauschen&#8220;. Es klappt. F\u00fcr mich ist es einfach, den richtigen Ring f\u00fcr Ruth auszuw\u00e4hlen, denn beide Ringe haben die gleiche Gr\u00f6\u00dfe.<\/p>\n<p><a href=\"http:\/\/www.petergrau-leichtathlet.de\/wp-content\/uploads\/2019\/02\/Hochzeit-achtundzwanzig.jpg\"><img loading=\"lazy\" class=\"alignnone size-medium wp-image-14589\" src=\"http:\/\/www.petergrau-leichtathlet.de\/wp-content\/uploads\/2019\/02\/Hochzeit-achtundzwanzig-300x225.jpg\" alt=\"Hochzeit achtundzwanzig\" width=\"300\" height=\"225\" srcset=\"https:\/\/www.petergrau-leichtathlet.de\/wp-content\/uploads\/2019\/02\/Hochzeit-achtundzwanzig-300x225.jpg 300w, https:\/\/www.petergrau-leichtathlet.de\/wp-content\/uploads\/2019\/02\/Hochzeit-achtundzwanzig-1024x768.jpg 1024w\" sizes=\"(max-width: 300px) 100vw, 300px\" \/><\/a><\/p>\n<p>&nbsp;<\/p>\n<p>Jetzt setzen wir unsere Unterschriften unter die Eheurkunde.\u00a0 Ein wenig hatten wir Angst davor, denn Ruth Ilse Scheerer, geb. Gutschmidt, das hat Ruth so noch nie geschrieben. Und bei mir war es noch ungewohnter: \u00a0Peter Adolf Scheerer, geb. Grau. Aber wir unterschreiben fehlerfrei:<\/p>\n<p><a href=\"http:\/\/www.petergrau-leichtathlet.de\/wp-content\/uploads\/2019\/02\/Hochzeit-f\u00fcnfunddrei\u00dfig.jpg\"><img loading=\"lazy\" class=\"alignnone size-medium wp-image-14595\" src=\"http:\/\/www.petergrau-leichtathlet.de\/wp-content\/uploads\/2019\/02\/Hochzeit-f\u00fcnfunddrei\u00dfig-300x225.jpg\" alt=\"Hochzeit f\u00fcnfunddrei\u00dfig\" width=\"300\" height=\"225\" srcset=\"https:\/\/www.petergrau-leichtathlet.de\/wp-content\/uploads\/2019\/02\/Hochzeit-f\u00fcnfunddrei\u00dfig-300x225.jpg 300w, https:\/\/www.petergrau-leichtathlet.de\/wp-content\/uploads\/2019\/02\/Hochzeit-f\u00fcnfunddrei\u00dfig-1024x768.jpg 1024w\" sizes=\"(max-width: 300px) 100vw, 300px\" \/><\/a> <a href=\"http:\/\/www.petergrau-leichtathlet.de\/wp-content\/uploads\/2019\/02\/Hochzeit-siebenunddrei\u00dfig.jpg\"><img loading=\"lazy\" class=\"alignnone size-medium wp-image-14596\" src=\"http:\/\/www.petergrau-leichtathlet.de\/wp-content\/uploads\/2019\/02\/Hochzeit-siebenunddrei\u00dfig-300x225.jpg\" alt=\"Hochzeit siebenunddrei\u00dfig\" width=\"300\" height=\"225\" srcset=\"https:\/\/www.petergrau-leichtathlet.de\/wp-content\/uploads\/2019\/02\/Hochzeit-siebenunddrei\u00dfig-300x225.jpg 300w, https:\/\/www.petergrau-leichtathlet.de\/wp-content\/uploads\/2019\/02\/Hochzeit-siebenunddrei\u00dfig-1024x768.jpg 1024w\" sizes=\"(max-width: 300px) 100vw, 300px\" \/><\/a>\u00a0\u00a0 <a href=\"http:\/\/www.petergrau-leichtathlet.de\/wp-content\/uploads\/2019\/02\/Hochzeit-vierzig.jpg\"><img loading=\"lazy\" class=\"alignnone size-medium wp-image-14599\" src=\"http:\/\/www.petergrau-leichtathlet.de\/wp-content\/uploads\/2019\/02\/Hochzeit-vierzig-300x225.jpg\" alt=\"Hochzeit vierzig\" width=\"300\" height=\"225\" srcset=\"https:\/\/www.petergrau-leichtathlet.de\/wp-content\/uploads\/2019\/02\/Hochzeit-vierzig-300x225.jpg 300w, https:\/\/www.petergrau-leichtathlet.de\/wp-content\/uploads\/2019\/02\/Hochzeit-vierzig-1024x768.jpg 1024w\" sizes=\"(max-width: 300px) 100vw, 300px\" \/><\/a>\u00a0\u00a0 <a href=\"http:\/\/www.petergrau-leichtathlet.de\/wp-content\/uploads\/2019\/02\/Hochzeit-dreiundvierzig.jpg\"><img loading=\"lazy\" class=\"alignnone size-medium wp-image-14602\" src=\"http:\/\/www.petergrau-leichtathlet.de\/wp-content\/uploads\/2019\/02\/Hochzeit-dreiundvierzig-300x225.jpg\" alt=\"Hochzeit dreiundvierzig\" width=\"300\" height=\"225\" srcset=\"https:\/\/www.petergrau-leichtathlet.de\/wp-content\/uploads\/2019\/02\/Hochzeit-dreiundvierzig-300x225.jpg 300w, https:\/\/www.petergrau-leichtathlet.de\/wp-content\/uploads\/2019\/02\/Hochzeit-dreiundvierzig-1024x768.jpg 1024w\" sizes=\"(max-width: 300px) 100vw, 300px\" \/><\/a><\/p>\n<p>&nbsp;<\/p>\n<p>Auch die Trauzeugen d\u00fcrfen ihre Autogramme geben:<\/p>\n<p><a href=\"http:\/\/www.petergrau-leichtathlet.de\/wp-content\/uploads\/2019\/02\/Hochzeit-f\u00fcnfundvierzig.jpg\"><img loading=\"lazy\" class=\"alignnone size-medium wp-image-14604\" src=\"http:\/\/www.petergrau-leichtathlet.de\/wp-content\/uploads\/2019\/02\/Hochzeit-f\u00fcnfundvierzig-300x257.jpg\" alt=\"Hochzeit f\u00fcnfundvierzig\" width=\"300\" height=\"257\" srcset=\"https:\/\/www.petergrau-leichtathlet.de\/wp-content\/uploads\/2019\/02\/Hochzeit-f\u00fcnfundvierzig-300x257.jpg 300w, https:\/\/www.petergrau-leichtathlet.de\/wp-content\/uploads\/2019\/02\/Hochzeit-f\u00fcnfundvierzig-1024x878.jpg 1024w\" sizes=\"(max-width: 300px) 100vw, 300px\" \/><\/a>\u00a0 <a href=\"http:\/\/www.petergrau-leichtathlet.de\/wp-content\/uploads\/2019\/02\/Hochzeit-vierundvierzig.jpg\"><img loading=\"lazy\" class=\"alignnone size-medium wp-image-14603\" src=\"http:\/\/www.petergrau-leichtathlet.de\/wp-content\/uploads\/2019\/02\/Hochzeit-vierundvierzig-300x225.jpg\" alt=\"Hochzeit vierundvierzig\" width=\"300\" height=\"225\" srcset=\"https:\/\/www.petergrau-leichtathlet.de\/wp-content\/uploads\/2019\/02\/Hochzeit-vierundvierzig-300x225.jpg 300w, https:\/\/www.petergrau-leichtathlet.de\/wp-content\/uploads\/2019\/02\/Hochzeit-vierundvierzig-1024x768.jpg 1024w\" sizes=\"(max-width: 300px) 100vw, 300px\" \/><\/a><\/p>\n<p>&nbsp;<\/p>\n<p>Damit ist der offizielle Teil der Trauung beendet. Wir haben es geschafft und sind auch ein wenig geschafft.<\/p>\n<p><a href=\"http:\/\/www.petergrau-leichtathlet.de\/wp-content\/uploads\/2019\/02\/Hochzeit-einhundert-sechs.jpg\"><img loading=\"lazy\" class=\"alignnone size-medium wp-image-14676\" src=\"http:\/\/www.petergrau-leichtathlet.de\/wp-content\/uploads\/2019\/02\/Hochzeit-einhundert-sechs-300x225.jpg\" alt=\"Hochzeit einhundert sechs\" width=\"300\" height=\"225\" srcset=\"https:\/\/www.petergrau-leichtathlet.de\/wp-content\/uploads\/2019\/02\/Hochzeit-einhundert-sechs-300x225.jpg 300w, https:\/\/www.petergrau-leichtathlet.de\/wp-content\/uploads\/2019\/02\/Hochzeit-einhundert-sechs-1024x768.jpg 1024w, https:\/\/www.petergrau-leichtathlet.de\/wp-content\/uploads\/2019\/02\/Hochzeit-einhundert-sechs.jpg 1080w\" sizes=\"(max-width: 300px) 100vw, 300px\" \/><\/a><\/p>\n<p>&nbsp;<\/p>\n<p>Aber die Gl\u00fcckw\u00fcnsche der anwesenden Verwandten und Freunde bauen uns wieder auf.<\/p>\n<p><a href=\"http:\/\/www.petergrau-leichtathlet.de\/wp-content\/uploads\/2019\/02\/Hochzeit-siebenundf\u00fcnfzig.jpg\"><img loading=\"lazy\" class=\"alignnone size-medium wp-image-14615\" src=\"http:\/\/www.petergrau-leichtathlet.de\/wp-content\/uploads\/2019\/02\/Hochzeit-siebenundf\u00fcnfzig-300x300.jpg\" alt=\"Hochzeit siebenundf\u00fcnfzig\" width=\"300\" height=\"300\" srcset=\"https:\/\/www.petergrau-leichtathlet.de\/wp-content\/uploads\/2019\/02\/Hochzeit-siebenundf\u00fcnfzig-300x300.jpg 300w, https:\/\/www.petergrau-leichtathlet.de\/wp-content\/uploads\/2019\/02\/Hochzeit-siebenundf\u00fcnfzig-150x150.jpg 150w, https:\/\/www.petergrau-leichtathlet.de\/wp-content\/uploads\/2019\/02\/Hochzeit-siebenundf\u00fcnfzig-1024x1024.jpg 1024w\" sizes=\"(max-width: 300px) 100vw, 300px\" \/><\/a> <a href=\"http:\/\/www.petergrau-leichtathlet.de\/wp-content\/uploads\/2019\/02\/Hochzeit-zweiundf\u00fcnfzig.jpg\"><img loading=\"lazy\" class=\"alignnone size-medium wp-image-14610\" src=\"http:\/\/www.petergrau-leichtathlet.de\/wp-content\/uploads\/2019\/02\/Hochzeit-zweiundf\u00fcnfzig-300x225.jpg\" alt=\"Hochzeit zweiundf\u00fcnfzig\" width=\"300\" height=\"225\" srcset=\"https:\/\/www.petergrau-leichtathlet.de\/wp-content\/uploads\/2019\/02\/Hochzeit-zweiundf\u00fcnfzig-300x225.jpg 300w, https:\/\/www.petergrau-leichtathlet.de\/wp-content\/uploads\/2019\/02\/Hochzeit-zweiundf\u00fcnfzig-1024x768.jpg 1024w\" sizes=\"(max-width: 300px) 100vw, 300px\" \/><\/a> <a href=\"http:\/\/www.petergrau-leichtathlet.de\/wp-content\/uploads\/2019\/02\/Hochzeit-einundf\u00fcnfzig.jpg\"><img loading=\"lazy\" class=\"alignnone size-medium wp-image-14609\" src=\"http:\/\/www.petergrau-leichtathlet.de\/wp-content\/uploads\/2019\/02\/Hochzeit-einundf\u00fcnfzig-300x225.jpg\" alt=\"Hochzeit einundf\u00fcnfzig\" width=\"300\" height=\"225\" srcset=\"https:\/\/www.petergrau-leichtathlet.de\/wp-content\/uploads\/2019\/02\/Hochzeit-einundf\u00fcnfzig-300x225.jpg 300w, https:\/\/www.petergrau-leichtathlet.de\/wp-content\/uploads\/2019\/02\/Hochzeit-einundf\u00fcnfzig-1024x768.jpg 1024w\" sizes=\"(max-width: 300px) 100vw, 300px\" \/><\/a> <a href=\"http:\/\/www.petergrau-leichtathlet.de\/wp-content\/uploads\/2019\/02\/Hochzeit-vierundf\u00fcnfzig.jpg\"><img loading=\"lazy\" class=\"alignnone size-medium wp-image-14612\" src=\"http:\/\/www.petergrau-leichtathlet.de\/wp-content\/uploads\/2019\/02\/Hochzeit-vierundf\u00fcnfzig-300x225.jpg\" alt=\"Hochzeit vierundf\u00fcnfzig\" width=\"300\" height=\"225\" srcset=\"https:\/\/www.petergrau-leichtathlet.de\/wp-content\/uploads\/2019\/02\/Hochzeit-vierundf\u00fcnfzig-300x225.jpg 300w, https:\/\/www.petergrau-leichtathlet.de\/wp-content\/uploads\/2019\/02\/Hochzeit-vierundf\u00fcnfzig-1024x768.jpg 1024w\" sizes=\"(max-width: 300px) 100vw, 300px\" \/><\/a> <a href=\"http:\/\/www.petergrau-leichtathlet.de\/wp-content\/uploads\/2019\/02\/Hochzeit-f\u00fcnfundf\u00fcnfzig.jpg\"><img loading=\"lazy\" class=\"alignnone size-medium wp-image-14613\" src=\"http:\/\/www.petergrau-leichtathlet.de\/wp-content\/uploads\/2019\/02\/Hochzeit-f\u00fcnfundf\u00fcnfzig-239x300.jpg\" alt=\"Hochzeit f\u00fcnfundf\u00fcnfzig\" width=\"239\" height=\"300\" srcset=\"https:\/\/www.petergrau-leichtathlet.de\/wp-content\/uploads\/2019\/02\/Hochzeit-f\u00fcnfundf\u00fcnfzig-239x300.jpg 239w, https:\/\/www.petergrau-leichtathlet.de\/wp-content\/uploads\/2019\/02\/Hochzeit-f\u00fcnfundf\u00fcnfzig-816x1024.jpg 816w\" sizes=\"(max-width: 239px) 100vw, 239px\" \/><\/a> <a href=\"http:\/\/www.petergrau-leichtathlet.de\/wp-content\/uploads\/2019\/02\/Hochzeit-sechsundf\u00fcnfzig.jpg\"><img loading=\"lazy\" class=\"alignnone size-medium wp-image-14614\" src=\"http:\/\/www.petergrau-leichtathlet.de\/wp-content\/uploads\/2019\/02\/Hochzeit-sechsundf\u00fcnfzig-298x300.jpg\" alt=\"Hochzeit sechsundf\u00fcnfzig\" width=\"298\" height=\"300\" srcset=\"https:\/\/www.petergrau-leichtathlet.de\/wp-content\/uploads\/2019\/02\/Hochzeit-sechsundf\u00fcnfzig-298x300.jpg 298w, https:\/\/www.petergrau-leichtathlet.de\/wp-content\/uploads\/2019\/02\/Hochzeit-sechsundf\u00fcnfzig-150x150.jpg 150w, https:\/\/www.petergrau-leichtathlet.de\/wp-content\/uploads\/2019\/02\/Hochzeit-sechsundf\u00fcnfzig-1017x1024.jpg 1017w\" sizes=\"(max-width: 298px) 100vw, 298px\" \/><\/a>\u00a0 <a href=\"http:\/\/www.petergrau-leichtathlet.de\/wp-content\/uploads\/2019\/02\/Hochzeit-neunundf\u00fcnfzig.jpg\"><img loading=\"lazy\" class=\"alignnone size-medium wp-image-14617\" src=\"http:\/\/www.petergrau-leichtathlet.de\/wp-content\/uploads\/2019\/02\/Hochzeit-neunundf\u00fcnfzig-300x254.jpg\" alt=\"Hochzeit neunundf\u00fcnfzig\" width=\"300\" height=\"254\" srcset=\"https:\/\/www.petergrau-leichtathlet.de\/wp-content\/uploads\/2019\/02\/Hochzeit-neunundf\u00fcnfzig-300x254.jpg 300w, https:\/\/www.petergrau-leichtathlet.de\/wp-content\/uploads\/2019\/02\/Hochzeit-neunundf\u00fcnfzig-1024x868.jpg 1024w\" sizes=\"(max-width: 300px) 100vw, 300px\" \/><\/a><\/p>\n<p><a href=\"http:\/\/www.petergrau-leichtathlet.de\/wp-content\/uploads\/2019\/02\/Hochzeit-sechzig.jpg\"><img loading=\"lazy\" class=\"alignnone size-medium wp-image-14618\" src=\"http:\/\/www.petergrau-leichtathlet.de\/wp-content\/uploads\/2019\/02\/Hochzeit-sechzig-300x212.jpg\" alt=\"Hochzeit sechzig\" width=\"300\" height=\"212\" srcset=\"https:\/\/www.petergrau-leichtathlet.de\/wp-content\/uploads\/2019\/02\/Hochzeit-sechzig-300x212.jpg 300w, https:\/\/www.petergrau-leichtathlet.de\/wp-content\/uploads\/2019\/02\/Hochzeit-sechzig-1024x725.jpg 1024w\" sizes=\"(max-width: 300px) 100vw, 300px\" \/><\/a> <a href=\"http:\/\/www.petergrau-leichtathlet.de\/wp-content\/uploads\/2019\/02\/Hochzeit-einundsechszig.jpg\"><img loading=\"lazy\" class=\"alignnone size-medium wp-image-14619\" src=\"http:\/\/www.petergrau-leichtathlet.de\/wp-content\/uploads\/2019\/02\/Hochzeit-einundsechszig-300x237.jpg\" alt=\"Hochzeit einundsechszig\" width=\"300\" height=\"237\" srcset=\"https:\/\/www.petergrau-leichtathlet.de\/wp-content\/uploads\/2019\/02\/Hochzeit-einundsechszig-300x237.jpg 300w, https:\/\/www.petergrau-leichtathlet.de\/wp-content\/uploads\/2019\/02\/Hochzeit-einundsechszig-1024x808.jpg 1024w\" sizes=\"(max-width: 300px) 100vw, 300px\" \/><\/a> <a href=\"http:\/\/www.petergrau-leichtathlet.de\/wp-content\/uploads\/2019\/02\/Hochzeit-dreiundsechzig.jpg\"><img loading=\"lazy\" class=\"alignnone size-medium wp-image-14620\" src=\"http:\/\/www.petergrau-leichtathlet.de\/wp-content\/uploads\/2019\/02\/Hochzeit-dreiundsechzig-300x227.jpg\" alt=\"Hochzeit dreiundsechzig\" width=\"300\" height=\"227\" srcset=\"https:\/\/www.petergrau-leichtathlet.de\/wp-content\/uploads\/2019\/02\/Hochzeit-dreiundsechzig-300x227.jpg 300w, https:\/\/www.petergrau-leichtathlet.de\/wp-content\/uploads\/2019\/02\/Hochzeit-dreiundsechzig-1024x775.jpg 1024w\" sizes=\"(max-width: 300px) 100vw, 300px\" \/><\/a>\u00a0 <a href=\"http:\/\/www.petergrau-leichtathlet.de\/wp-content\/uploads\/2019\/02\/Hochzeit-sechsundsechzig.jpg\"><img loading=\"lazy\" class=\"alignnone size-medium wp-image-14622\" src=\"http:\/\/www.petergrau-leichtathlet.de\/wp-content\/uploads\/2019\/02\/Hochzeit-sechsundsechzig-300x225.jpg\" alt=\"Hochzeit sechsundsechzig\" width=\"300\" height=\"225\" srcset=\"https:\/\/www.petergrau-leichtathlet.de\/wp-content\/uploads\/2019\/02\/Hochzeit-sechsundsechzig-300x225.jpg 300w, https:\/\/www.petergrau-leichtathlet.de\/wp-content\/uploads\/2019\/02\/Hochzeit-sechsundsechzig-1024x768.jpg 1024w\" sizes=\"(max-width: 300px) 100vw, 300px\" \/><\/a><\/p>\n<p>Wir nehmen nicht, wie das vor uns getraute Paar, den Hinterausgang, sondern schreiten stolz die Haupttreppe des Rathauses hinab. Das Wetter spielt mit, Herr Kretschmer vom Taxiunternehmen Laderick hat sich p\u00fcnktlich positioniert.<\/p>\n<p><a href=\"http:\/\/www.petergrau-leichtathlet.de\/wp-content\/uploads\/2019\/02\/Hochzeit-einhundert-neun.jpg\"><img loading=\"lazy\" class=\"alignnone size-medium wp-image-14679\" src=\"http:\/\/www.petergrau-leichtathlet.de\/wp-content\/uploads\/2019\/02\/Hochzeit-einhundert-neun-300x225.jpg\" alt=\"Hochzeit einhundert neun\" width=\"300\" height=\"225\" srcset=\"https:\/\/www.petergrau-leichtathlet.de\/wp-content\/uploads\/2019\/02\/Hochzeit-einhundert-neun-300x225.jpg 300w, https:\/\/www.petergrau-leichtathlet.de\/wp-content\/uploads\/2019\/02\/Hochzeit-einhundert-neun-1024x768.jpg 1024w, https:\/\/www.petergrau-leichtathlet.de\/wp-content\/uploads\/2019\/02\/Hochzeit-einhundert-neun.jpg 1080w\" sizes=\"(max-width: 300px) 100vw, 300px\" \/><\/a><\/p>\n<p>Nur drei Kilometer sind es bis zur Gastst\u00e4tte \u201eSeeperle\u201c.<\/p>\n<p><strong>Das Hochzeitsmahl in der \u201eSeeperle\u201c<\/strong><\/p>\n<p>Die Anspannung f\u00e4llt sp\u00fcrbar von uns ab.\u00a0 Der Raum f\u00fcr die Hochzeitsfeier ist perfekt vorbereitet, die Sektgl\u00e4ser werden gereicht:<\/p>\n<p><a href=\"http:\/\/www.petergrau-leichtathlet.de\/wp-content\/uploads\/2019\/02\/Hochzeit-siebenundsechzig.jpg\"><img loading=\"lazy\" class=\"alignnone size-medium wp-image-14630\" src=\"http:\/\/www.petergrau-leichtathlet.de\/wp-content\/uploads\/2019\/02\/Hochzeit-siebenundsechzig-300x266.jpg\" alt=\"Hochzeit siebenundsechzig\" width=\"300\" height=\"266\" srcset=\"https:\/\/www.petergrau-leichtathlet.de\/wp-content\/uploads\/2019\/02\/Hochzeit-siebenundsechzig-300x266.jpg 300w, https:\/\/www.petergrau-leichtathlet.de\/wp-content\/uploads\/2019\/02\/Hochzeit-siebenundsechzig-1024x908.jpg 1024w\" sizes=\"(max-width: 300px) 100vw, 300px\" \/><\/a><\/p>\n<p><a href=\"http:\/\/www.petergrau-leichtathlet.de\/wp-content\/uploads\/2019\/02\/Hochzeit-achtundsechzig.jpg\"><img loading=\"lazy\" class=\"alignnone size-medium wp-image-14631\" src=\"http:\/\/www.petergrau-leichtathlet.de\/wp-content\/uploads\/2019\/02\/Hochzeit-achtundsechzig-300x237.jpg\" alt=\"Hochzeit achtundsechzig\" width=\"300\" height=\"237\" srcset=\"https:\/\/www.petergrau-leichtathlet.de\/wp-content\/uploads\/2019\/02\/Hochzeit-achtundsechzig-300x237.jpg 300w, https:\/\/www.petergrau-leichtathlet.de\/wp-content\/uploads\/2019\/02\/Hochzeit-achtundsechzig-1024x810.jpg 1024w\" sizes=\"(max-width: 300px) 100vw, 300px\" \/><\/a> <a href=\"http:\/\/www.petergrau-leichtathlet.de\/wp-content\/uploads\/2019\/02\/Hochzeit-neunundsechzig.jpg\"><img loading=\"lazy\" class=\"alignnone size-medium wp-image-14632\" src=\"http:\/\/www.petergrau-leichtathlet.de\/wp-content\/uploads\/2019\/02\/Hochzeit-neunundsechzig-300x225.jpg\" alt=\"Hochzeit neunundsechzig\" width=\"300\" height=\"225\" srcset=\"https:\/\/www.petergrau-leichtathlet.de\/wp-content\/uploads\/2019\/02\/Hochzeit-neunundsechzig-300x225.jpg 300w, https:\/\/www.petergrau-leichtathlet.de\/wp-content\/uploads\/2019\/02\/Hochzeit-neunundsechzig-1024x768.jpg 1024w\" sizes=\"(max-width: 300px) 100vw, 300px\" \/><\/a><\/p>\n<p>Die Zeit bis zum Hochzeitsmahl \u00fcberbr\u00fccke ich mit einer freien Rede.<\/p>\n<p><a href=\"http:\/\/www.petergrau-leichtathlet.de\/wp-content\/uploads\/2019\/02\/Hochzeit-einundachtzig.jpg\"><img loading=\"lazy\" class=\"alignnone size-medium wp-image-14644\" src=\"http:\/\/www.petergrau-leichtathlet.de\/wp-content\/uploads\/2019\/02\/Hochzeit-einundachtzig-300x200.jpg\" alt=\"Hochzeit einundachtzig\" width=\"300\" height=\"200\" srcset=\"https:\/\/www.petergrau-leichtathlet.de\/wp-content\/uploads\/2019\/02\/Hochzeit-einundachtzig-300x200.jpg 300w, https:\/\/www.petergrau-leichtathlet.de\/wp-content\/uploads\/2019\/02\/Hochzeit-einundachtzig-1024x682.jpg 1024w\" sizes=\"(max-width: 300px) 100vw, 300px\" \/><\/a><\/p>\n<p>Ich kn\u00fcpfe an das an, was die Standesbeamtin dank meiner g\u00fctigen Zuarbeit schon erz\u00e4hlt hat und schm\u00fccke es mit einigem aus, was ich in meinen Berliner Jahren von 1960 bis 2006 erlebt habe. Das lockert die Stimmung, wie man mir sp\u00e4ter erz\u00e4hlt und wie man auch auf den Bildern sieht:<\/p>\n<p><a href=\"http:\/\/www.petergrau-leichtathlet.de\/wp-content\/uploads\/2019\/02\/Hochzeit-neundundsiebzig.jpg\"><img loading=\"lazy\" class=\"alignnone size-medium wp-image-14642\" src=\"http:\/\/www.petergrau-leichtathlet.de\/wp-content\/uploads\/2019\/02\/Hochzeit-neundundsiebzig-300x227.jpg\" alt=\"Hochzeit neundundsiebzig\" width=\"300\" height=\"227\" srcset=\"https:\/\/www.petergrau-leichtathlet.de\/wp-content\/uploads\/2019\/02\/Hochzeit-neundundsiebzig-300x227.jpg 300w, https:\/\/www.petergrau-leichtathlet.de\/wp-content\/uploads\/2019\/02\/Hochzeit-neundundsiebzig-1024x774.jpg 1024w\" sizes=\"(max-width: 300px) 100vw, 300px\" \/><\/a> <a href=\"http:\/\/www.petergrau-leichtathlet.de\/wp-content\/uploads\/2019\/02\/Hochzeit-siebenundachtzig.jpg\"><img loading=\"lazy\" class=\"alignnone size-medium wp-image-14649\" src=\"http:\/\/www.petergrau-leichtathlet.de\/wp-content\/uploads\/2019\/02\/Hochzeit-siebenundachtzig-300x231.jpg\" alt=\"Hochzeit siebenundachtzig\" width=\"300\" height=\"231\" srcset=\"https:\/\/www.petergrau-leichtathlet.de\/wp-content\/uploads\/2019\/02\/Hochzeit-siebenundachtzig-300x231.jpg 300w, https:\/\/www.petergrau-leichtathlet.de\/wp-content\/uploads\/2019\/02\/Hochzeit-siebenundachtzig-1024x787.jpg 1024w\" sizes=\"(max-width: 300px) 100vw, 300px\" \/><\/a><\/p>\n<p>Locker ist auch die Stimmung, als die G\u00e4ste ihre Hochzeitsgeschenke \u00fcbergeben:<\/p>\n<p><a href=\"http:\/\/www.petergrau-leichtathlet.de\/wp-content\/uploads\/2019\/02\/Hochzeit-einundsiebzig.jpg\"><img loading=\"lazy\" class=\"alignnone size-medium wp-image-14634\" src=\"http:\/\/www.petergrau-leichtathlet.de\/wp-content\/uploads\/2019\/02\/Hochzeit-einundsiebzig-300x225.jpg\" alt=\"Hochzeit einundsiebzig\" width=\"300\" height=\"225\" srcset=\"https:\/\/www.petergrau-leichtathlet.de\/wp-content\/uploads\/2019\/02\/Hochzeit-einundsiebzig-300x225.jpg 300w, https:\/\/www.petergrau-leichtathlet.de\/wp-content\/uploads\/2019\/02\/Hochzeit-einundsiebzig-1024x768.jpg 1024w\" sizes=\"(max-width: 300px) 100vw, 300px\" \/><\/a> <a href=\"http:\/\/www.petergrau-leichtathlet.de\/wp-content\/uploads\/2019\/02\/Hochzeit-zweiundsiebzig.jpg\"><img loading=\"lazy\" class=\"alignnone size-medium wp-image-14635\" src=\"http:\/\/www.petergrau-leichtathlet.de\/wp-content\/uploads\/2019\/02\/Hochzeit-zweiundsiebzig-300x239.jpg\" alt=\"Hochzeit zweiundsiebzig\" width=\"300\" height=\"239\" srcset=\"https:\/\/www.petergrau-leichtathlet.de\/wp-content\/uploads\/2019\/02\/Hochzeit-zweiundsiebzig-300x239.jpg 300w, https:\/\/www.petergrau-leichtathlet.de\/wp-content\/uploads\/2019\/02\/Hochzeit-zweiundsiebzig-1024x816.jpg 1024w\" sizes=\"(max-width: 300px) 100vw, 300px\" \/><\/a> <a href=\"http:\/\/www.petergrau-leichtathlet.de\/wp-content\/uploads\/2019\/02\/Hochzeit-dreiundsiebzig.jpg\"><img loading=\"lazy\" class=\"alignnone size-medium wp-image-14636\" src=\"http:\/\/www.petergrau-leichtathlet.de\/wp-content\/uploads\/2019\/02\/Hochzeit-dreiundsiebzig-300x225.jpg\" alt=\"Hochzeit dreiundsiebzig\" width=\"300\" height=\"225\" srcset=\"https:\/\/www.petergrau-leichtathlet.de\/wp-content\/uploads\/2019\/02\/Hochzeit-dreiundsiebzig-300x225.jpg 300w, https:\/\/www.petergrau-leichtathlet.de\/wp-content\/uploads\/2019\/02\/Hochzeit-dreiundsiebzig-1024x768.jpg 1024w\" sizes=\"(max-width: 300px) 100vw, 300px\" \/><\/a> <a href=\"http:\/\/www.petergrau-leichtathlet.de\/wp-content\/uploads\/2019\/02\/Hochzeit-vierundsiebzig.jpg\"><img loading=\"lazy\" class=\"alignnone size-medium wp-image-14637\" src=\"http:\/\/www.petergrau-leichtathlet.de\/wp-content\/uploads\/2019\/02\/Hochzeit-vierundsiebzig-300x244.jpg\" alt=\"Hochzeit vierundsiebzig\" width=\"300\" height=\"244\" srcset=\"https:\/\/www.petergrau-leichtathlet.de\/wp-content\/uploads\/2019\/02\/Hochzeit-vierundsiebzig-300x244.jpg 300w, https:\/\/www.petergrau-leichtathlet.de\/wp-content\/uploads\/2019\/02\/Hochzeit-vierundsiebzig-1024x831.jpg 1024w\" sizes=\"(max-width: 300px) 100vw, 300px\" \/><\/a><\/p>\n<p><a href=\"http:\/\/www.petergrau-leichtathlet.de\/wp-content\/uploads\/2019\/02\/Hochzeit-einhundert-elf.jpg\"><img loading=\"lazy\" class=\"alignnone size-medium wp-image-14681\" src=\"http:\/\/www.petergrau-leichtathlet.de\/wp-content\/uploads\/2019\/02\/Hochzeit-einhundert-elf-300x225.jpg\" alt=\"Hochzeit einhundert elf\" width=\"300\" height=\"225\" srcset=\"https:\/\/www.petergrau-leichtathlet.de\/wp-content\/uploads\/2019\/02\/Hochzeit-einhundert-elf-300x225.jpg 300w, https:\/\/www.petergrau-leichtathlet.de\/wp-content\/uploads\/2019\/02\/Hochzeit-einhundert-elf-1024x768.jpg 1024w, https:\/\/www.petergrau-leichtathlet.de\/wp-content\/uploads\/2019\/02\/Hochzeit-einhundert-elf.jpg 1080w\" sizes=\"(max-width: 300px) 100vw, 300px\" \/><\/a> <a href=\"http:\/\/www.petergrau-leichtathlet.de\/wp-content\/uploads\/2019\/02\/Hochzeit-einhundert-sieben.jpg\"><img loading=\"lazy\" class=\"alignnone size-medium wp-image-14677\" src=\"http:\/\/www.petergrau-leichtathlet.de\/wp-content\/uploads\/2019\/02\/Hochzeit-einhundert-sieben-300x225.jpg\" alt=\"Hochzeit einhundert sieben\" width=\"300\" height=\"225\" srcset=\"https:\/\/www.petergrau-leichtathlet.de\/wp-content\/uploads\/2019\/02\/Hochzeit-einhundert-sieben-300x225.jpg 300w, https:\/\/www.petergrau-leichtathlet.de\/wp-content\/uploads\/2019\/02\/Hochzeit-einhundert-sieben-1024x768.jpg 1024w, https:\/\/www.petergrau-leichtathlet.de\/wp-content\/uploads\/2019\/02\/Hochzeit-einhundert-sieben.jpg 1080w\" sizes=\"(max-width: 300px) 100vw, 300px\" \/><\/a><\/p>\n<p>&nbsp;<\/p>\n<p>Doch irgendwann wird dann\u00a0 gegessen und getrunken:<\/p>\n<p><a href=\"http:\/\/www.petergrau-leichtathlet.de\/wp-content\/uploads\/2019\/02\/Hochzeit-zweiundachtzig.jpg\"><img loading=\"lazy\" class=\"alignnone size-medium wp-image-14645\" src=\"http:\/\/www.petergrau-leichtathlet.de\/wp-content\/uploads\/2019\/02\/Hochzeit-zweiundachtzig-300x199.jpg\" alt=\"Hochzeit zweiundachtzig\" width=\"300\" height=\"199\" srcset=\"https:\/\/www.petergrau-leichtathlet.de\/wp-content\/uploads\/2019\/02\/Hochzeit-zweiundachtzig-300x199.jpg 300w, https:\/\/www.petergrau-leichtathlet.de\/wp-content\/uploads\/2019\/02\/Hochzeit-zweiundachtzig-1024x680.jpg 1024w\" sizes=\"(max-width: 300px) 100vw, 300px\" \/><\/a><\/p>\n<p><a href=\"http:\/\/www.petergrau-leichtathlet.de\/wp-content\/uploads\/2019\/02\/Hochzeit-einhundert-eins.jpg\"><img loading=\"lazy\" class=\"alignnone size-medium wp-image-14672\" src=\"http:\/\/www.petergrau-leichtathlet.de\/wp-content\/uploads\/2019\/02\/Hochzeit-einhundert-eins-300x225.jpg\" alt=\"Hochzeit einhundert eins\" width=\"300\" height=\"225\" srcset=\"https:\/\/www.petergrau-leichtathlet.de\/wp-content\/uploads\/2019\/02\/Hochzeit-einhundert-eins-300x225.jpg 300w, https:\/\/www.petergrau-leichtathlet.de\/wp-content\/uploads\/2019\/02\/Hochzeit-einhundert-eins-1024x768.jpg 1024w, https:\/\/www.petergrau-leichtathlet.de\/wp-content\/uploads\/2019\/02\/Hochzeit-einhundert-eins.jpg 1080w\" sizes=\"(max-width: 300px) 100vw, 300px\" \/><\/a><\/p>\n<p><a href=\"http:\/\/www.petergrau-leichtathlet.de\/wp-content\/uploads\/2019\/02\/Hochzeit-achtzig.jpg\"><img loading=\"lazy\" class=\"alignnone size-medium wp-image-14643\" src=\"http:\/\/www.petergrau-leichtathlet.de\/wp-content\/uploads\/2019\/02\/Hochzeit-achtzig-300x225.jpg\" alt=\"Hochzeit achtzig\" width=\"300\" height=\"225\" srcset=\"https:\/\/www.petergrau-leichtathlet.de\/wp-content\/uploads\/2019\/02\/Hochzeit-achtzig-300x225.jpg 300w, https:\/\/www.petergrau-leichtathlet.de\/wp-content\/uploads\/2019\/02\/Hochzeit-achtzig-1024x768.jpg 1024w\" sizes=\"(max-width: 300px) 100vw, 300px\" \/> \u00a0 \u00a0 \u00a0\u00a0<\/a><a href=\"http:\/\/www.petergrau-leichtathlet.de\/wp-content\/uploads\/2019\/02\/Hochzeit-einhundert-f\u00fcnf.jpg\"><img loading=\"lazy\" class=\"alignnone size-medium wp-image-14675\" src=\"http:\/\/www.petergrau-leichtathlet.de\/wp-content\/uploads\/2019\/02\/Hochzeit-einhundert-f\u00fcnf-300x225.jpg\" alt=\"Hochzeit einhundert f\u00fcnf\" width=\"300\" height=\"225\" srcset=\"https:\/\/www.petergrau-leichtathlet.de\/wp-content\/uploads\/2019\/02\/Hochzeit-einhundert-f\u00fcnf-300x225.jpg 300w, https:\/\/www.petergrau-leichtathlet.de\/wp-content\/uploads\/2019\/02\/Hochzeit-einhundert-f\u00fcnf-1024x768.jpg 1024w, https:\/\/www.petergrau-leichtathlet.de\/wp-content\/uploads\/2019\/02\/Hochzeit-einhundert-f\u00fcnf.jpg 1080w\" sizes=\"(max-width: 300px) 100vw, 300px\" \/><\/a> <a href=\"http:\/\/www.petergrau-leichtathlet.de\/wp-content\/uploads\/2019\/02\/Hochzeit-siebenundsiebzig.jpg\"><img loading=\"lazy\" class=\"alignnone size-medium wp-image-14640\" src=\"http:\/\/www.petergrau-leichtathlet.de\/wp-content\/uploads\/2019\/02\/Hochzeit-siebenundsiebzig-300x193.jpg\" alt=\"Hochzeit siebenundsiebzig\" width=\"300\" height=\"193\" srcset=\"https:\/\/www.petergrau-leichtathlet.de\/wp-content\/uploads\/2019\/02\/Hochzeit-siebenundsiebzig-300x193.jpg 300w, https:\/\/www.petergrau-leichtathlet.de\/wp-content\/uploads\/2019\/02\/Hochzeit-siebenundsiebzig-1024x658.jpg 1024w\" sizes=\"(max-width: 300px) 100vw, 300px\" \/><\/a> <a href=\"http:\/\/www.petergrau-leichtathlet.de\/wp-content\/uploads\/2019\/02\/Hochzeit-sechsundsiebzig.jpg\"><img loading=\"lazy\" class=\"alignnone size-medium wp-image-14639\" src=\"http:\/\/www.petergrau-leichtathlet.de\/wp-content\/uploads\/2019\/02\/Hochzeit-sechsundsiebzig-300x178.jpg\" alt=\"Hochzeit sechsundsiebzig\" width=\"300\" height=\"178\" srcset=\"https:\/\/www.petergrau-leichtathlet.de\/wp-content\/uploads\/2019\/02\/Hochzeit-sechsundsiebzig-300x178.jpg 300w, https:\/\/www.petergrau-leichtathlet.de\/wp-content\/uploads\/2019\/02\/Hochzeit-sechsundsiebzig-1024x609.jpg 1024w\" sizes=\"(max-width: 300px) 100vw, 300px\" \/><\/a><\/p>\n<p><a href=\"http:\/\/www.petergrau-leichtathlet.de\/wp-content\/uploads\/2019\/02\/Hochzeit-vierundachtzig.jpg\"><img loading=\"lazy\" class=\"alignnone size-medium wp-image-14646\" src=\"http:\/\/www.petergrau-leichtathlet.de\/wp-content\/uploads\/2019\/02\/Hochzeit-vierundachtzig-300x278.jpg\" alt=\"Hochzeit vierundachtzig\" width=\"300\" height=\"278\" srcset=\"https:\/\/www.petergrau-leichtathlet.de\/wp-content\/uploads\/2019\/02\/Hochzeit-vierundachtzig-300x278.jpg 300w, https:\/\/www.petergrau-leichtathlet.de\/wp-content\/uploads\/2019\/02\/Hochzeit-vierundachtzig-1024x948.jpg 1024w\" sizes=\"(max-width: 300px) 100vw, 300px\" \/><\/a> <a href=\"http:\/\/www.petergrau-leichtathlet.de\/wp-content\/uploads\/2019\/02\/Hochzeit-sechsundachtzig.jpg\"><img loading=\"lazy\" class=\"alignnone size-medium wp-image-14648\" src=\"http:\/\/www.petergrau-leichtathlet.de\/wp-content\/uploads\/2019\/02\/Hochzeit-sechsundachtzig-270x300.jpg\" alt=\"Hochzeit sechsundachtzig\" width=\"270\" height=\"300\" srcset=\"https:\/\/www.petergrau-leichtathlet.de\/wp-content\/uploads\/2019\/02\/Hochzeit-sechsundachtzig-270x300.jpg 270w, https:\/\/www.petergrau-leichtathlet.de\/wp-content\/uploads\/2019\/02\/Hochzeit-sechsundachtzig-921x1024.jpg 921w\" sizes=\"(max-width: 270px) 100vw, 270px\" \/><\/a><\/p>\n<p>Ein ereignisreicher Tag, der uns viel Freude bereitet hat, geht zu Ende. Wir sind geschafft, aber gl\u00fccklich:<\/p>\n<p><a href=\"http:\/\/www.petergrau-leichtathlet.de\/wp-content\/uploads\/2019\/02\/Hochzeit-achtundachtzig.jpg\"><img loading=\"lazy\" class=\"alignnone size-medium wp-image-14650\" src=\"http:\/\/www.petergrau-leichtathlet.de\/wp-content\/uploads\/2019\/02\/Hochzeit-achtundachtzig-300x225.jpg\" alt=\"Hochzeit achtundachtzig\" width=\"300\" height=\"225\" srcset=\"https:\/\/www.petergrau-leichtathlet.de\/wp-content\/uploads\/2019\/02\/Hochzeit-achtundachtzig-300x225.jpg 300w, https:\/\/www.petergrau-leichtathlet.de\/wp-content\/uploads\/2019\/02\/Hochzeit-achtundachtzig-1024x768.jpg 1024w\" sizes=\"(max-width: 300px) 100vw, 300px\" \/><\/a><\/p>\n<p><strong>Peter Scheerer<\/strong><\/p>\n<p>Fotos: Ulrike Grau, Petra Grau, Paulie Steinhausen, Gerhard Marcus<\/p>\n<p>(P.S.:\u00a0 Die Fotos kommen erst so richtig zur Geltung,\u00a0 wenn man sie einzeln anklickt! )<\/p>\n<p>&nbsp;<\/p>\n","protected":false},"excerpt":{"rendered":"<p>\u201eDrum pr\u00fcfe, wer sich ewig bindet\u201c, hei\u00dft es so sch\u00f6n in einem Sprichwort. Doch l\u00e4\u00dft das offen, wie lange man sich pr\u00fcfen sollte.\u00a0 Wir, Ruth und ich, haben uns 30 Jahre gepr\u00fcft und f\u00fcr gut befunden. In unserem Zusammenleben hat es wenige Komplikationen gegeben. Unsere \u201ewilde\u201c Ehe brachte uns fast nur Freude und Sonnenschein. So &hellip; <a href=\"https:\/\/www.petergrau-leichtathlet.de\/?p=14626\" class=\"more-link\"><span class=\"screen-reader-text\">Wir haben uns getraut \u2013 30 Jahre Anlauf bis zum Standesamt<\/span> weiterlesen <span class=\"meta-nav\">&rarr;<\/span><\/a><\/p>\n","protected":false},"author":1,"featured_media":0,"comment_status":"closed","ping_status":"open","sticky":false,"template":"","format":"standard","meta":[],"categories":[5],"tags":[],"_links":{"self":[{"href":"https:\/\/www.petergrau-leichtathlet.de\/index.php?rest_route=\/wp\/v2\/posts\/14626"}],"collection":[{"href":"https:\/\/www.petergrau-leichtathlet.de\/index.php?rest_route=\/wp\/v2\/posts"}],"about":[{"href":"https:\/\/www.petergrau-leichtathlet.de\/index.php?rest_route=\/wp\/v2\/types\/post"}],"author":[{"embeddable":true,"href":"https:\/\/www.petergrau-leichtathlet.de\/index.php?rest_route=\/wp\/v2\/users\/1"}],"replies":[{"embeddable":true,"href":"https:\/\/www.petergrau-leichtathlet.de\/index.php?rest_route=%2Fwp%2Fv2%2Fcomments&post=14626"}],"version-history":[{"count":34,"href":"https:\/\/www.petergrau-leichtathlet.de\/index.php?rest_route=\/wp\/v2\/posts\/14626\/revisions"}],"predecessor-version":[{"id":14707,"href":"https:\/\/www.petergrau-leichtathlet.de\/index.php?rest_route=\/wp\/v2\/posts\/14626\/revisions\/14707"}],"wp:attachment":[{"href":"https:\/\/www.petergrau-leichtathlet.de\/index.php?rest_route=%2Fwp%2Fv2%2Fmedia&parent=14626"}],"wp:term":[{"taxonomy":"category","embeddable":true,"href":"https:\/\/www.petergrau-leichtathlet.de\/index.php?rest_route=%2Fwp%2Fv2%2Fcategories&post=14626"},{"taxonomy":"post_tag","embeddable":true,"href":"https:\/\/www.petergrau-leichtathlet.de\/index.php?rest_route=%2Fwp%2Fv2%2Ftags&post=14626"}],"curies":[{"name":"wp","href":"https:\/\/api.w.org\/{rel}","templated":true}]}}