{"id":14748,"date":"2019-05-18T11:29:29","date_gmt":"2019-05-18T09:29:29","guid":{"rendered":"http:\/\/www.petergrau-leichtathlet.de\/?p=14748"},"modified":"2019-09-24T22:56:15","modified_gmt":"2019-09-24T20:56:15","slug":"neue-besen-kehren-nicht-immer-gut","status":"publish","type":"post","link":"https:\/\/www.petergrau-leichtathlet.de\/?p=14748","title":{"rendered":"Neue Besen kehren nicht immer gut"},"content":{"rendered":"\n<p>Eine sch\u00f6pferische Pause hatte ich ja auf meiner Homepage angek\u00fcndigt, doch nun wollte ich mich langsam dort wieder zu Wort melden. Ein wenig Neues soll auf der Titelseite kommen: neue Titelfotos, die das bisherige Foto mit den R\u00fcckenansichten der sprintenden jungen Frauen ersetzen. Als mein Webdesigner aus Berlin bei mir zu Besuch weilte, besprachen wir das. Dabei rief ich auch meine Homepage auf und erlebte eine \u00dcberraschung: Word Press hat eine neue Fassung  aufgespielt. Eigentlich nicht schlimm, wenn das nicht f\u00fcr mich eine ziemliche neue Handhabung  zur Folge haben w\u00fcrde.  Seit 2015 habe ich diese Homepage, und es fiel mir immer leicht, neue Beitr\u00e4ge auf die Seite zu bringen und auch die Fotos dazu.  Nun aber mu\u00df ich wieder lernen, ganz nach dem Motto aus DDR-Zeiten: Lernen, lernen und nochmals lernen. Mal sehen, wie lange ich dazu brauche!<\/p>\n","protected":false},"excerpt":{"rendered":"<p>Eine sch\u00f6pferische Pause hatte ich ja auf meiner Homepage angek\u00fcndigt, doch nun wollte ich mich langsam dort wieder zu Wort melden. Ein wenig Neues soll auf der Titelseite kommen: neue Titelfotos, die das bisherige Foto mit den R\u00fcckenansichten der sprintenden jungen Frauen ersetzen. Als mein Webdesigner aus Berlin bei mir zu Besuch weilte, besprachen wir &hellip; <a href=\"https:\/\/www.petergrau-leichtathlet.de\/?p=14748\" class=\"more-link\"><span class=\"screen-reader-text\">Neue Besen kehren nicht immer gut<\/span> weiterlesen <span class=\"meta-nav\">&rarr;<\/span><\/a><\/p>\n","protected":false},"author":1,"featured_media":0,"comment_status":"closed","ping_status":"open","sticky":false,"template":"","format":"standard","meta":[],"categories":[5],"tags":[],"_links":{"self":[{"href":"https:\/\/www.petergrau-leichtathlet.de\/index.php?rest_route=\/wp\/v2\/posts\/14748"}],"collection":[{"href":"https:\/\/www.petergrau-leichtathlet.de\/index.php?rest_route=\/wp\/v2\/posts"}],"about":[{"href":"https:\/\/www.petergrau-leichtathlet.de\/index.php?rest_route=\/wp\/v2\/types\/post"}],"author":[{"embeddable":true,"href":"https:\/\/www.petergrau-leichtathlet.de\/index.php?rest_route=\/wp\/v2\/users\/1"}],"replies":[{"embeddable":true,"href":"https:\/\/www.petergrau-leichtathlet.de\/index.php?rest_route=%2Fwp%2Fv2%2Fcomments&post=14748"}],"version-history":[{"count":1,"href":"https:\/\/www.petergrau-leichtathlet.de\/index.php?rest_route=\/wp\/v2\/posts\/14748\/revisions"}],"predecessor-version":[{"id":14749,"href":"https:\/\/www.petergrau-leichtathlet.de\/index.php?rest_route=\/wp\/v2\/posts\/14748\/revisions\/14749"}],"wp:attachment":[{"href":"https:\/\/www.petergrau-leichtathlet.de\/index.php?rest_route=%2Fwp%2Fv2%2Fmedia&parent=14748"}],"wp:term":[{"taxonomy":"category","embeddable":true,"href":"https:\/\/www.petergrau-leichtathlet.de\/index.php?rest_route=%2Fwp%2Fv2%2Fcategories&post=14748"},{"taxonomy":"post_tag","embeddable":true,"href":"https:\/\/www.petergrau-leichtathlet.de\/index.php?rest_route=%2Fwp%2Fv2%2Ftags&post=14748"}],"curies":[{"name":"wp","href":"https:\/\/api.w.org\/{rel}","templated":true}]}}