{"id":1670,"date":"2016-04-30T23:41:52","date_gmt":"2016-04-30T21:41:52","guid":{"rendered":"http:\/\/www.petergrau-leichtathlet.de\/?p=1670"},"modified":"2016-04-30T23:41:52","modified_gmt":"2016-04-30T21:41:52","slug":"spektakulaere-drachenbootrennen-beim-neuruppiner-hafenfest","status":"publish","type":"post","link":"https:\/\/www.petergrau-leichtathlet.de\/?p=1670","title":{"rendered":"Spektakul\u00e4re Drachenbootrennen beim Neuruppiner Hafenfest"},"content":{"rendered":"<p><a href=\"http:\/\/www.petergrau-leichtathlet.de\/wp-content\/uploads\/2016\/04\/Drachenboot-klein-Start-P1020609.jpg\"><img loading=\"lazy\" class=\"alignnone size-medium wp-image-1673\" src=\"http:\/\/www.petergrau-leichtathlet.de\/wp-content\/uploads\/2016\/04\/Drachenboot-klein-Start-P1020609-300x225.jpg\" alt=\"Drachenboot klein Start P1020609\" width=\"300\" height=\"225\" srcset=\"https:\/\/www.petergrau-leichtathlet.de\/wp-content\/uploads\/2016\/04\/Drachenboot-klein-Start-P1020609-300x225.jpg 300w, https:\/\/www.petergrau-leichtathlet.de\/wp-content\/uploads\/2016\/04\/Drachenboot-klein-Start-P1020609.jpg 448w\" sizes=\"(max-width: 300px) 100vw, 300px\" \/><\/a><\/p>\n<p>Die Veranstalter des <strong>Neuruppiner Mai- und Hafenfestes<\/strong> haben wohl mit dem Wettergott einen Pakt geschlossen. Die ganze Woche \u00fcber \u00a0regnete es in Neuruppin ziemlich h\u00e4ufig und k\u00fchl war es zudem auch noch. Aber am Haupttag des Festes, dem Samstag, schien die Sonne oft, stiegen die Temperaturen in angenehme Sph\u00e4ren. So war der Andrang der Zuschauer an den beiden Eing\u00e4ngen gro\u00df.<\/p>\n<p><a href=\"http:\/\/www.petergrau-leichtathlet.de\/wp-content\/uploads\/2016\/04\/Drachenboote-klein-EingangP1020601.jpg\"><img loading=\"lazy\" class=\"alignnone size-medium wp-image-1671\" src=\"http:\/\/www.petergrau-leichtathlet.de\/wp-content\/uploads\/2016\/04\/Drachenboote-klein-EingangP1020601-300x225.jpg\" alt=\"Drachenboote klein EingangP1020601\" width=\"300\" height=\"225\" srcset=\"https:\/\/www.petergrau-leichtathlet.de\/wp-content\/uploads\/2016\/04\/Drachenboote-klein-EingangP1020601-300x225.jpg 300w, https:\/\/www.petergrau-leichtathlet.de\/wp-content\/uploads\/2016\/04\/Drachenboote-klein-EingangP1020601.jpg 448w\" sizes=\"(max-width: 300px) 100vw, 300px\" \/><\/a><\/p>\n<p>Aber auch der Andrang der <strong>Paddler<\/strong>, die sich in die Drachenboote setzen wollten, um sich im Wettkampf zu beweisen, war gro\u00df.\u00a0 Insgesamt <strong>47 Boote<\/strong> zu jeweils <strong>20 Paddlern<\/strong> gingen zu Wasser und lie\u00dfen ihre Stechpaddel fliegen.<\/p>\n<p><a href=\"http:\/\/www.petergrau-leichtathlet.de\/wp-content\/uploads\/2016\/04\/Drachenboot-klein-StartgebietP1020608.jpg\"><img loading=\"lazy\" class=\"alignnone size-medium wp-image-1672\" src=\"http:\/\/www.petergrau-leichtathlet.de\/wp-content\/uploads\/2016\/04\/Drachenboot-klein-StartgebietP1020608-300x225.jpg\" alt=\"Drachenboot klein   StartgebietP1020608\" width=\"300\" height=\"225\" srcset=\"https:\/\/www.petergrau-leichtathlet.de\/wp-content\/uploads\/2016\/04\/Drachenboot-klein-StartgebietP1020608-300x225.jpg 300w, https:\/\/www.petergrau-leichtathlet.de\/wp-content\/uploads\/2016\/04\/Drachenboot-klein-StartgebietP1020608.jpg 640w\" sizes=\"(max-width: 300px) 100vw, 300px\" \/><\/a><\/p>\n<p><a href=\"http:\/\/www.petergrau-leichtathlet.de\/wp-content\/uploads\/2016\/04\/Drachenboot-klein-P1020654.jpg\"><img loading=\"lazy\" class=\"alignnone size-medium wp-image-1674\" src=\"http:\/\/www.petergrau-leichtathlet.de\/wp-content\/uploads\/2016\/04\/Drachenboot-klein-P1020654-300x225.jpg\" alt=\"Drachenboot klein P1020654\" width=\"300\" height=\"225\" srcset=\"https:\/\/www.petergrau-leichtathlet.de\/wp-content\/uploads\/2016\/04\/Drachenboot-klein-P1020654-300x225.jpg 300w, https:\/\/www.petergrau-leichtathlet.de\/wp-content\/uploads\/2016\/04\/Drachenboot-klein-P1020654.jpg 454w\" sizes=\"(max-width: 300px) 100vw, 300px\" \/><\/a><\/p>\n<p><a href=\"http:\/\/www.petergrau-leichtathlet.de\/wp-content\/uploads\/2016\/04\/Drachbooten-klein-P1020651.jpg\"><img loading=\"lazy\" class=\"alignnone size-medium wp-image-1676\" src=\"http:\/\/www.petergrau-leichtathlet.de\/wp-content\/uploads\/2016\/04\/Drachbooten-klein-P1020651-300x225.jpg\" alt=\"Drachbooten klein  P1020651\" width=\"300\" height=\"225\" srcset=\"https:\/\/www.petergrau-leichtathlet.de\/wp-content\/uploads\/2016\/04\/Drachbooten-klein-P1020651-300x225.jpg 300w, https:\/\/www.petergrau-leichtathlet.de\/wp-content\/uploads\/2016\/04\/Drachbooten-klein-P1020651.jpg 461w\" sizes=\"(max-width: 300px) 100vw, 300px\" \/><\/a><\/p>\n<p>Doch nicht nur die <strong>Drachenboote<\/strong> bestimmten das Bild am Bollwerk.<\/p>\n<p>Ungez\u00e4hlte <strong>Verkaufsst\u00e4nde<\/strong>, <strong>Spielm\u00f6glichkeiten<\/strong> f\u00fcr Kinder, Zelte f\u00fcr die Mannschaften, und, vor allem un\u00fcbersehbar die <strong>Zuschauermassen<\/strong>.<\/p>\n<p><a href=\"http:\/\/www.petergrau-leichtathlet.de\/wp-content\/uploads\/2016\/04\/Drachenboot-klein-Uferweg-BudenP1020649.jpg\"><img loading=\"lazy\" class=\"alignnone size-medium wp-image-1677\" src=\"http:\/\/www.petergrau-leichtathlet.de\/wp-content\/uploads\/2016\/04\/Drachenboot-klein-Uferweg-BudenP1020649-300x225.jpg\" alt=\"Drachenboot klein    Uferweg BudenP1020649\" width=\"300\" height=\"225\" srcset=\"https:\/\/www.petergrau-leichtathlet.de\/wp-content\/uploads\/2016\/04\/Drachenboot-klein-Uferweg-BudenP1020649-300x225.jpg 300w, https:\/\/www.petergrau-leichtathlet.de\/wp-content\/uploads\/2016\/04\/Drachenboot-klein-Uferweg-BudenP1020649.jpg 454w\" sizes=\"(max-width: 300px) 100vw, 300px\" \/><\/a><\/p>\n<p><a href=\"http:\/\/www.petergrau-leichtathlet.de\/wp-content\/uploads\/2016\/04\/Drachenboot-klein-Buden-zwei-P1020647.jpg\"><img loading=\"lazy\" class=\"alignnone size-medium wp-image-1678\" src=\"http:\/\/www.petergrau-leichtathlet.de\/wp-content\/uploads\/2016\/04\/Drachenboot-klein-Buden-zwei-P1020647-300x225.jpg\" alt=\"Drachenboot klein  Buden zwei P1020647\" width=\"300\" height=\"225\" srcset=\"https:\/\/www.petergrau-leichtathlet.de\/wp-content\/uploads\/2016\/04\/Drachenboot-klein-Buden-zwei-P1020647-300x225.jpg 300w, https:\/\/www.petergrau-leichtathlet.de\/wp-content\/uploads\/2016\/04\/Drachenboot-klein-Buden-zwei-P1020647.jpg 442w\" sizes=\"(max-width: 300px) 100vw, 300px\" \/><\/a><\/p>\n<p><a href=\"http:\/\/www.petergrau-leichtathlet.de\/wp-content\/uploads\/2016\/04\/Drachenboot-klein-Kirche-P1020643.jpg\"><img loading=\"lazy\" class=\"alignnone size-medium wp-image-1679\" src=\"http:\/\/www.petergrau-leichtathlet.de\/wp-content\/uploads\/2016\/04\/Drachenboot-klein-Kirche-P1020643-300x225.jpg\" alt=\"Drachenboot klein   Kirche P1020643\" width=\"300\" height=\"225\" srcset=\"https:\/\/www.petergrau-leichtathlet.de\/wp-content\/uploads\/2016\/04\/Drachenboot-klein-Kirche-P1020643-300x225.jpg 300w, https:\/\/www.petergrau-leichtathlet.de\/wp-content\/uploads\/2016\/04\/Drachenboot-klein-Kirche-P1020643.jpg 448w\" sizes=\"(max-width: 300px) 100vw, 300px\" \/><\/a><\/p>\n<p><a href=\"http:\/\/www.petergrau-leichtathlet.de\/wp-content\/uploads\/2016\/04\/Drachenboot-klein-BollwerkP1020623.jpg\"><img loading=\"lazy\" class=\"alignnone size-medium wp-image-1680\" src=\"http:\/\/www.petergrau-leichtathlet.de\/wp-content\/uploads\/2016\/04\/Drachenboot-klein-BollwerkP1020623-300x225.jpg\" alt=\"Drachenboot klein    BollwerkP1020623\" width=\"300\" height=\"225\" srcset=\"https:\/\/www.petergrau-leichtathlet.de\/wp-content\/uploads\/2016\/04\/Drachenboot-klein-BollwerkP1020623-300x225.jpg 300w, https:\/\/www.petergrau-leichtathlet.de\/wp-content\/uploads\/2016\/04\/Drachenboot-klein-BollwerkP1020623.jpg 461w\" sizes=\"(max-width: 300px) 100vw, 300px\" \/><\/a><\/p>\n<p><a href=\"http:\/\/www.petergrau-leichtathlet.de\/wp-content\/uploads\/2016\/04\/Drachenboot-klein-P1020617.jpg\"><img loading=\"lazy\" class=\"alignnone size-medium wp-image-1681\" src=\"http:\/\/www.petergrau-leichtathlet.de\/wp-content\/uploads\/2016\/04\/Drachenboot-klein-P1020617-300x225.jpg\" alt=\"Drachenboot klein P1020617\" width=\"300\" height=\"225\" srcset=\"https:\/\/www.petergrau-leichtathlet.de\/wp-content\/uploads\/2016\/04\/Drachenboot-klein-P1020617-300x225.jpg 300w, https:\/\/www.petergrau-leichtathlet.de\/wp-content\/uploads\/2016\/04\/Drachenboot-klein-P1020617.jpg 448w\" sizes=\"(max-width: 300px) 100vw, 300px\" \/><\/a><\/p>\n<p><a href=\"http:\/\/www.petergrau-leichtathlet.de\/wp-content\/uploads\/2016\/04\/Drachenboote-klein-Darchenkreis.jpg\"><img loading=\"lazy\" class=\"alignnone size-medium wp-image-1682\" src=\"http:\/\/www.petergrau-leichtathlet.de\/wp-content\/uploads\/2016\/04\/Drachenboote-klein-Darchenkreis-300x225.jpg\" alt=\"Drachenboote klein Darchenkreis\" width=\"300\" height=\"225\" srcset=\"https:\/\/www.petergrau-leichtathlet.de\/wp-content\/uploads\/2016\/04\/Drachenboote-klein-Darchenkreis-300x225.jpg 300w, https:\/\/www.petergrau-leichtathlet.de\/wp-content\/uploads\/2016\/04\/Drachenboote-klein-Darchenkreis.jpg 480w\" sizes=\"(max-width: 300px) 100vw, 300px\" \/><\/a><\/p>\n<p><a href=\"http:\/\/www.petergrau-leichtathlet.de\/wp-content\/uploads\/2016\/04\/Drachenbooot-klein-Schlu\u00dfP1020639.jpg\"><img loading=\"lazy\" class=\"alignnone size-medium wp-image-1683\" src=\"http:\/\/www.petergrau-leichtathlet.de\/wp-content\/uploads\/2016\/04\/Drachenbooot-klein-Schlu\u00dfP1020639-300x225.jpg\" alt=\"Drachenbooot  klein  Schlu\u00dfP1020639\" width=\"300\" height=\"225\" srcset=\"https:\/\/www.petergrau-leichtathlet.de\/wp-content\/uploads\/2016\/04\/Drachenbooot-klein-Schlu\u00dfP1020639-300x225.jpg 300w, https:\/\/www.petergrau-leichtathlet.de\/wp-content\/uploads\/2016\/04\/Drachenbooot-klein-Schlu\u00dfP1020639.jpg 435w\" sizes=\"(max-width: 300px) 100vw, 300px\" \/><\/a><\/p>\n","protected":false},"excerpt":{"rendered":"<p>Die Veranstalter des Neuruppiner Mai- und Hafenfestes haben wohl mit dem Wettergott einen Pakt geschlossen. Die ganze Woche \u00fcber \u00a0regnete es in Neuruppin ziemlich h\u00e4ufig und k\u00fchl war es zudem auch noch. Aber am Haupttag des Festes, dem Samstag, schien die Sonne oft, stiegen die Temperaturen in angenehme Sph\u00e4ren. So war der Andrang der Zuschauer &hellip; <a href=\"https:\/\/www.petergrau-leichtathlet.de\/?p=1670\" class=\"more-link\"><span class=\"screen-reader-text\">Spektakul\u00e4re Drachenbootrennen beim Neuruppiner Hafenfest<\/span> weiterlesen <span class=\"meta-nav\">&rarr;<\/span><\/a><\/p>\n","protected":false},"author":1,"featured_media":0,"comment_status":"open","ping_status":"open","sticky":false,"template":"","format":"standard","meta":[],"categories":[11],"tags":[],"_links":{"self":[{"href":"https:\/\/www.petergrau-leichtathlet.de\/index.php?rest_route=\/wp\/v2\/posts\/1670"}],"collection":[{"href":"https:\/\/www.petergrau-leichtathlet.de\/index.php?rest_route=\/wp\/v2\/posts"}],"about":[{"href":"https:\/\/www.petergrau-leichtathlet.de\/index.php?rest_route=\/wp\/v2\/types\/post"}],"author":[{"embeddable":true,"href":"https:\/\/www.petergrau-leichtathlet.de\/index.php?rest_route=\/wp\/v2\/users\/1"}],"replies":[{"embeddable":true,"href":"https:\/\/www.petergrau-leichtathlet.de\/index.php?rest_route=%2Fwp%2Fv2%2Fcomments&post=1670"}],"version-history":[{"count":1,"href":"https:\/\/www.petergrau-leichtathlet.de\/index.php?rest_route=\/wp\/v2\/posts\/1670\/revisions"}],"predecessor-version":[{"id":1684,"href":"https:\/\/www.petergrau-leichtathlet.de\/index.php?rest_route=\/wp\/v2\/posts\/1670\/revisions\/1684"}],"wp:attachment":[{"href":"https:\/\/www.petergrau-leichtathlet.de\/index.php?rest_route=%2Fwp%2Fv2%2Fmedia&parent=1670"}],"wp:term":[{"taxonomy":"category","embeddable":true,"href":"https:\/\/www.petergrau-leichtathlet.de\/index.php?rest_route=%2Fwp%2Fv2%2Fcategories&post=1670"},{"taxonomy":"post_tag","embeddable":true,"href":"https:\/\/www.petergrau-leichtathlet.de\/index.php?rest_route=%2Fwp%2Fv2%2Ftags&post=1670"}],"curies":[{"name":"wp","href":"https:\/\/api.w.org\/{rel}","templated":true}]}}