{"id":1947,"date":"2016-06-03T11:54:24","date_gmt":"2016-06-03T09:54:24","guid":{"rendered":"http:\/\/www.petergrau-leichtathlet.de\/?p=1947"},"modified":"2016-06-07T10:22:09","modified_gmt":"2016-06-07T08:22:09","slug":"entenkueken-fontane-und-landschaften-die-chance-zum-innehalten","status":"publish","type":"post","link":"https:\/\/www.petergrau-leichtathlet.de\/?p=1947","title":{"rendered":"Entenk\u00fcken, Fontane und Landschaften &#8211; die Chance zum Innehalten"},"content":{"rendered":"<p>Wer wie ich sich auf das Abenteuer Homepage einl\u00e4\u00dft, der mu\u00df wissen, was er will und wohin er will. Ich will zuallererst <strong>Wissenswertes \u00fcber die Leichtathletik<\/strong> verbreiten, weil ich viele Jahre meines Lebens damit verbracht habe und weil ich sie noch immer mag, trotz aller Negativmeldungen. Und deshalb fahre ich auch zu Veranstaltungen wie den Halleschen Werfertagen und lasse dort vor allem das Drumherum auf mich wirken und gebe es weiter.<\/p>\n<p><a href=\"http:\/\/www.petergrau-leichtathlet.de\/wp-content\/uploads\/2016\/05\/Halli-Storl-Journal-1-804.jpg\"><img loading=\"lazy\" class=\"alignnone size-medium wp-image-1850\" src=\"http:\/\/www.petergrau-leichtathlet.de\/wp-content\/uploads\/2016\/05\/Halli-Storl-Journal-1-804-300x225.jpg\" alt=\"Halli Storl Journal 1 804\" width=\"300\" height=\"225\" srcset=\"https:\/\/www.petergrau-leichtathlet.de\/wp-content\/uploads\/2016\/05\/Halli-Storl-Journal-1-804-300x225.jpg 300w, https:\/\/www.petergrau-leichtathlet.de\/wp-content\/uploads\/2016\/05\/Halli-Storl-Journal-1-804.jpg 448w\" sizes=\"(max-width: 300px) 100vw, 300px\" \/><\/a><\/p>\n<p><strong>David Storl wird bei den Halleschen Werfertagen interviewt<\/strong><\/p>\n<p>&nbsp;<\/p>\n<p>Spontan greife ich Ereignisse aus dem normalen t\u00e4glichen Leben auf, so etwa unsere 30- t\u00e4gige Begegnung mit der <strong>Entenfrau und ihren zehn K\u00fcken<\/strong> (siehe \u201eDie Ente auf dem hei\u00dfen Glasdach\u201c).<\/p>\n<p><a href=\"http:\/\/www.petergrau-leichtathlet.de\/wp-content\/uploads\/2016\/05\/Ente-klein-EntenmarschP1020741.jpg\"><img loading=\"lazy\" class=\"alignnone size-medium wp-image-1733\" src=\"http:\/\/www.petergrau-leichtathlet.de\/wp-content\/uploads\/2016\/05\/Ente-klein-EntenmarschP1020741-300x225.jpg\" alt=\"Ente klein EntenmarschP1020741\" width=\"300\" height=\"225\" srcset=\"https:\/\/www.petergrau-leichtathlet.de\/wp-content\/uploads\/2016\/05\/Ente-klein-EntenmarschP1020741-300x225.jpg 300w, https:\/\/www.petergrau-leichtathlet.de\/wp-content\/uploads\/2016\/05\/Ente-klein-EntenmarschP1020741.jpg 467w\" sizes=\"(max-width: 300px) 100vw, 300px\" \/><\/a><\/p>\n<p>&nbsp;<\/p>\n<p>\u00dcber manches stolpere ich einfach, wenn ich durch die Stadt gehe. So geschehen, als der K\u00fcnstler <strong>Ottmar<\/strong> <strong>H\u00f6rl<\/strong> f\u00fcr einige Wochen rund 400 Fontanefiguren vor der Neuruppiner Pfarrkirche aufstellte:<\/p>\n<p><a href=\"http:\/\/www.petergrau-leichtathlet.de\/wp-content\/uploads\/2016\/06\/Fontane-vor-Pfarrkirche-WroschIMG-20160531-WA0004.jpg\"><img loading=\"lazy\" class=\"alignnone size-medium wp-image-1969\" src=\"http:\/\/www.petergrau-leichtathlet.de\/wp-content\/uploads\/2016\/06\/Fontane-vor-Pfarrkirche-WroschIMG-20160531-WA0004-300x192.jpg\" alt=\"Fontane vor Pfarrkirche WroschIMG-20160531-WA0004\" width=\"300\" height=\"192\" srcset=\"https:\/\/www.petergrau-leichtathlet.de\/wp-content\/uploads\/2016\/06\/Fontane-vor-Pfarrkirche-WroschIMG-20160531-WA0004-300x192.jpg 300w, https:\/\/www.petergrau-leichtathlet.de\/wp-content\/uploads\/2016\/06\/Fontane-vor-Pfarrkirche-WroschIMG-20160531-WA0004.jpg 886w\" sizes=\"(max-width: 300px) 100vw, 300px\" \/><\/a><\/p>\n<p><strong>Fontane-Figuren vor der Pfarrkirche (Foto: Wrosch)<\/strong><\/p>\n<p><strong>Vier Fontane-Figuren<\/strong> trapierte er zudem am Bollwerk mit Blick auf den Ruppiner See. Und unsere Ente mit ihren K\u00fcken staunte nicht schlecht, als sie die vier gelben Gestalten sah, kurz bevor sie selbst den Sprung ins Wasser wagte (Foto: Wrosch)<\/p>\n<p><a href=\"http:\/\/www.petergrau-leichtathlet.de\/wp-content\/uploads\/2016\/05\/Mario-415-Ufer-Fontanes.jpg\"><img loading=\"lazy\" class=\"alignnone size-medium wp-image-1941\" src=\"http:\/\/www.petergrau-leichtathlet.de\/wp-content\/uploads\/2016\/05\/Mario-415-Ufer-Fontanes-300x200.jpg\" alt=\"Mario 415 Ufer Fontanes\" width=\"300\" height=\"200\" srcset=\"https:\/\/www.petergrau-leichtathlet.de\/wp-content\/uploads\/2016\/05\/Mario-415-Ufer-Fontanes-300x200.jpg 300w, https:\/\/www.petergrau-leichtathlet.de\/wp-content\/uploads\/2016\/05\/Mario-415-Ufer-Fontanes-1024x683.jpg 1024w, https:\/\/www.petergrau-leichtathlet.de\/wp-content\/uploads\/2016\/05\/Mario-415-Ufer-Fontanes.jpg 1997w\" sizes=\"(max-width: 300px) 100vw, 300px\" \/><\/a><\/p>\n<p>Ebenfalls ein wichtiges Element dieser meiner Homepage sind Spazierg\u00e4nge durch St\u00e4dte und D\u00f6rfer, und Wanderungen durch die Natur. Flora (Pflanzenwelt) und Fauna (Tierwelt) sind dankbare Objekte f\u00fcr den Fotoapparat und die Schreibfeder.<\/p>\n<p><a href=\"http:\/\/www.petergrau-leichtathlet.de\/wp-content\/uploads\/2016\/01\/klein-47-P1020047.jpg\"><img loading=\"lazy\" class=\"alignnone size-medium wp-image-894\" src=\"http:\/\/www.petergrau-leichtathlet.de\/wp-content\/uploads\/2016\/01\/klein-47-P1020047-300x225.jpg\" alt=\"klein 47 P1020047\" width=\"300\" height=\"225\" srcset=\"https:\/\/www.petergrau-leichtathlet.de\/wp-content\/uploads\/2016\/01\/klein-47-P1020047-300x225.jpg 300w, https:\/\/www.petergrau-leichtathlet.de\/wp-content\/uploads\/2016\/01\/klein-47-P1020047-1024x768.jpg 1024w, https:\/\/www.petergrau-leichtathlet.de\/wp-content\/uploads\/2016\/01\/klein-47-P1020047.jpg 1664w\" sizes=\"(max-width: 300px) 100vw, 300px\" \/><\/a><\/p>\n<p><a href=\"http:\/\/www.petergrau-leichtathlet.de\/wp-content\/uploads\/2016\/04\/Pfau-klein-3881.jpg\"><img loading=\"lazy\" class=\"alignnone size-medium wp-image-1430\" src=\"http:\/\/www.petergrau-leichtathlet.de\/wp-content\/uploads\/2016\/04\/Pfau-klein-3881-300x225.jpg\" alt=\"Pfau klein 388\" width=\"300\" height=\"225\" srcset=\"https:\/\/www.petergrau-leichtathlet.de\/wp-content\/uploads\/2016\/04\/Pfau-klein-3881-300x225.jpg 300w, https:\/\/www.petergrau-leichtathlet.de\/wp-content\/uploads\/2016\/04\/Pfau-klein-3881.jpg 967w\" sizes=\"(max-width: 300px) 100vw, 300px\" \/><\/a><\/p>\n<p><a href=\"http:\/\/www.petergrau-leichtathlet.de\/wp-content\/uploads\/2016\/04\/Stadtpark-klein-P1020477.jpg\"><img loading=\"lazy\" class=\"alignnone size-medium wp-image-1517\" src=\"http:\/\/www.petergrau-leichtathlet.de\/wp-content\/uploads\/2016\/04\/Stadtpark-klein-P1020477-300x225.jpg\" alt=\"Stadtpark klein P1020477\" width=\"300\" height=\"225\" srcset=\"https:\/\/www.petergrau-leichtathlet.de\/wp-content\/uploads\/2016\/04\/Stadtpark-klein-P1020477-300x225.jpg 300w, https:\/\/www.petergrau-leichtathlet.de\/wp-content\/uploads\/2016\/04\/Stadtpark-klein-P1020477.jpg 339w\" sizes=\"(max-width: 300px) 100vw, 300px\" \/><\/a><\/p>\n<p>Und ich merke es immer an den Reaktionen der Leser, da\u00df sie sich gern auf diese \u201eleichten\u201c Themen einlassen. Auch, um etwas Ruhe in das ansonsten hektische Leben zu bringen.<\/p>\n<p>&nbsp;<\/p>\n<p>Heraushalten wollte ich mich aus den ausufernden <strong>politischen Debatten<\/strong>, obwohl das manchmal sehr schwer fiel und f\u00e4llt. Denn ich habe den Eindruck, da\u00df von der \u00f6ffentlichen Meinung, sprich den Medien, oft die Probleme so lange behandelt werden, bis sie keiner mehr h\u00f6ren will und kann. So war es bei B\u00f6hmermann, der irgendwie die richtige Kampfrichtung gefunden hat, n\u00e4mlich kontra Erdogan, da\u00df nur wenige sich trauten, zu sagen, da\u00df sie solch ein Gedicht als geschmacklos, einfach unangenehm empfanden (ich z\u00e4hlte mich dazu). Nun ist dieses Kapitel hoffentlich abgeschlossen.<\/p>\n<p>Nicht abgeschlossen ist der allgegenw\u00e4rtige, st\u00e4ndige Kampf gegen alles, was AfD hei\u00dft, was sich auch nur damit besch\u00e4ftigt. Zuviel Interesse an dieser Partei weckt Mi\u00dftrauen, soda\u00df es kl\u00fcger ist, sich nur im privaten Kreis oder \u00fcberhaupt nicht zu \u00e4u\u00dfern. Aber das nicht alle die AfD ablehnen, wird dann an den Wahlurnen sichtbar.<\/p>\n<p>Die Fl\u00fcchtlingsdebatte l\u00e4uft gerade nur auf Sparflamme, zumindest in den Medien. An der Basis, in den St\u00e4dten und Gemeinden, die eng damit befa\u00dft sind, ist das sicher anders.<\/p>\n<p>Heute kam nun ein neues \u201eweltbewegendes\u201c Problem in die \u00d6ffentlichkeit. Der Bundestag stimmte der <strong>Armenienresolution<\/strong> zu. Normalerweise w\u00fcrden sich 99 Prozent der Deutschen nicht damit befassen, weil sie schlicht von diesem Fakt keine Kenntnis hatten. Nun aber ist man gezwungen, nachzuschauen, was damals im 1. Weltkrieg geschah und warum 1,5 Millionen Armenier ihr Leben lassen mu\u00dften. \u00a0Aber wenn man wei\u00df, da\u00df die T\u00fcrkei bei diesem Thema immer sehr pikiert reagiert, versteht es man schwer, da\u00df man nun ohne Not eine weitere Verschlechterung der Beziehungen zwischen Deutschland und der T\u00fcrkei riskiert.\u00a0 Fazit: <strong>Gibt es nicht wichtigere Themen, die die Nation bewegen<\/strong>?<\/p>\n<p>Und ein weiteres pers\u00f6nliches Fazit: Ich fahre besser damit, mich <strong>nicht<\/strong> auf die politische Schiene einzulassen. Dazu m\u00fc\u00dfte ich ganz tief in die Materie einsteigen, mich vielleicht als Journalist im politischen Berlin akkreditieren lassen. Doch dazu habe ich nicht mehr die Kraft.<\/p>\n<p>So belasse ich es bei Pressekonferenzen (PK) rund um die Leichtathletik. Wie etwa am 9. Juni, wenn ich nach Berlin zur Er\u00f6ffnungs-PK des <strong>75. ISTAF<\/strong> fahre.<\/p>\n<p><strong>Peter Grau<\/strong><\/p>\n<p>&nbsp;<\/p>\n","protected":false},"excerpt":{"rendered":"<p>Wer wie ich sich auf das Abenteuer Homepage einl\u00e4\u00dft, der mu\u00df wissen, was er will und wohin er will. Ich will zuallererst Wissenswertes \u00fcber die Leichtathletik verbreiten, weil ich viele Jahre meines Lebens damit verbracht habe und weil ich sie noch immer mag, trotz aller Negativmeldungen. Und deshalb fahre ich auch zu Veranstaltungen wie den &hellip; <a href=\"https:\/\/www.petergrau-leichtathlet.de\/?p=1947\" class=\"more-link\"><span class=\"screen-reader-text\">Entenk\u00fcken, Fontane und Landschaften &#8211; die Chance zum Innehalten<\/span> weiterlesen <span class=\"meta-nav\">&rarr;<\/span><\/a><\/p>\n","protected":false},"author":1,"featured_media":0,"comment_status":"open","ping_status":"open","sticky":false,"template":"","format":"standard","meta":[],"categories":[5],"tags":[],"_links":{"self":[{"href":"https:\/\/www.petergrau-leichtathlet.de\/index.php?rest_route=\/wp\/v2\/posts\/1947"}],"collection":[{"href":"https:\/\/www.petergrau-leichtathlet.de\/index.php?rest_route=\/wp\/v2\/posts"}],"about":[{"href":"https:\/\/www.petergrau-leichtathlet.de\/index.php?rest_route=\/wp\/v2\/types\/post"}],"author":[{"embeddable":true,"href":"https:\/\/www.petergrau-leichtathlet.de\/index.php?rest_route=\/wp\/v2\/users\/1"}],"replies":[{"embeddable":true,"href":"https:\/\/www.petergrau-leichtathlet.de\/index.php?rest_route=%2Fwp%2Fv2%2Fcomments&post=1947"}],"version-history":[{"count":4,"href":"https:\/\/www.petergrau-leichtathlet.de\/index.php?rest_route=\/wp\/v2\/posts\/1947\/revisions"}],"predecessor-version":[{"id":1972,"href":"https:\/\/www.petergrau-leichtathlet.de\/index.php?rest_route=\/wp\/v2\/posts\/1947\/revisions\/1972"}],"wp:attachment":[{"href":"https:\/\/www.petergrau-leichtathlet.de\/index.php?rest_route=%2Fwp%2Fv2%2Fmedia&parent=1947"}],"wp:term":[{"taxonomy":"category","embeddable":true,"href":"https:\/\/www.petergrau-leichtathlet.de\/index.php?rest_route=%2Fwp%2Fv2%2Fcategories&post=1947"},{"taxonomy":"post_tag","embeddable":true,"href":"https:\/\/www.petergrau-leichtathlet.de\/index.php?rest_route=%2Fwp%2Fv2%2Ftags&post=1947"}],"curies":[{"name":"wp","href":"https:\/\/api.w.org\/{rel}","templated":true}]}}