{"id":1950,"date":"2016-06-03T13:33:49","date_gmt":"2016-06-03T11:33:49","guid":{"rendered":"http:\/\/www.petergrau-leichtathlet.de\/?p=1950"},"modified":"2016-06-03T13:35:57","modified_gmt":"2016-06-03T11:35:57","slug":"michael-wolffsohn-ich-will-keine-gesinnungs-republik","status":"publish","type":"post","link":"https:\/\/www.petergrau-leichtathlet.de\/?p=1950","title":{"rendered":"Michael Wolffsohn &#8211; Ich will keine Gesinnungs-Republik"},"content":{"rendered":"<p><strong>\u00a0Soeben<\/strong> habe ich in meinem<strong> Tagebuch<\/strong> unter \u201e <strong>Entenk\u00fcken, Fontane<\/strong> <strong>und Landschaften \u2013 die Chance zum Innehalten<\/strong>\u201c\u00a0 auch kurz zu politischen Themen Stellung genommen, so auch zur Armenien-Resolution. Gleichzeitig schrieb ich, da\u00df es besser f\u00fcr mich sei, mich <strong>nicht<\/strong> auf die politische Ebene zuzubewegen.\u00a0 Das schlie\u00dft aber nicht aus, andere politische Wortmeldungen zu ver\u00f6ffentlichen.<\/p>\n<p>Und da kommt mir eine Wortmeldung von<strong> Prof. Michael Wolffsohn<\/strong> gerade recht, die heute, <strong>am 3. Juni 2016, \u00a0in \u201eBILD<\/strong>\u201c stand. Nicht jeder wird mit dem Inhalt einverstanden sein, aber zum Nachdenken regt es allemal an.<\/p>\n<p>Lesen Sie im folgenden den Beitrag von Prof. Michael Wolffsohn:<\/p>\n<p><strong>Ich will keine<br \/>\n\u200bGesinnungs-Republik!<\/strong><\/p>\n<p>Von MICHAEL WOLFFSOHN<\/p>\n<p><strong>Hilfe, wir werden eine Gesinnungsrepublik! Wohin man in unserem Land schaut und was man h\u00f6rt, sieht oder liest: Einheitsmeinungen, Einheitsmeinungen, Einheitsmeinungen. Nun werden sie uns auch noch sozusagen staatlich verordnet.<\/strong><\/p>\n<p>Das j\u00fcngste Beispiel: Am Donnerstag beschloss der Bundestag fast einstimmig, den 1915 vom Osmanischen Reich mit deutscher Hilfe organisierten Mord an rund 1,5 Millionen christlichen Armeniern als \u201eV\u00f6lkermord\u201c zu bezeichnen. Einige Abgeordnete nannten diese Entscheidung \u201emutig\u201c. Hier und da f\u00e4llt sogar das (selbst-)lobende Wort \u201eZivilcourage\u201c.<\/p>\n<p><strong>Nat\u00fcrlich war jener Massenmord ein V\u00f6lkermord. Mich beeindruckt die selbst beanspruchte Zivilcourage \u00fcberhaupt nicht. Ich sage denen, die im Jahre 2016 den V\u00f6lkermord von 1915 verurteilen: \u201eGuten Morgen. Auch schon aufgewacht? Gl\u00fcckwunsch.\u201c<\/strong><\/p>\n<p>Ich erinnere daran, dass der US-Kongress eine vergleichbare Entschlie\u00dfung schon 1995 verabschiedet hat. Da so mancher bei uns fast alles aus den USA f\u00fcr \u201ereaktion\u00e4ren Mist\u201c h\u00e4lt, wei\u00df das kaum jemand.<\/p>\n<p><strong>Auch ich habe reichlich sp\u00e4t, n\u00e4mlich 1995, in diversen nationalen und internationalen Medien die Verurteilung jenes V\u00f6lkermords gefordert. Sp\u00e4t, aber 1995 war doch etwas fr\u00fcher als 2016.<\/strong><\/p>\n<p>Inhaltlich stimme ich der Bundestagsentscheidung zu. Ohne Wenn und Aber.<\/p>\n<p>Und doch ABER: Ich kann es kaum noch ertragen, dass unsere Volksvertreter von links bis rechts, dass \u201eder\u201c Staat sich immer h\u00e4ufiger zur erzieherischen und moralischen Anstalt emporschwingt.<\/p>\n<p><strong>Das genau ist der Staat eben nicht. Jedenfalls kein demokratischer Staat, denn in einer Demokratie spiegelt der Staat die VIELfalt der Meinungen, die es in der Gesellschaft gibt, wieder.<\/strong><\/p>\n<p>In unserer bundesdeutschen Demokratie nennen seit Bundeskanzler Willy Brandt die Staats- und Volksvertreter uns B\u00fcrger oft und gerne \u201em\u00fcndige B\u00fcrger\u201c. Wenn sie uns f\u00fcr m\u00fcndige B\u00fcrger halten, m\u00fcssen sie uns nicht erziehen. Genau das tun sie.<\/p>\n<p><strong>Das bedeutet: Sie nennen uns \u201em\u00fcndige B\u00fcrger\u201c, aber sie betrachten und behandeln uns als Unm\u00fcndige, als kleine, dumme Kinder, denen man sagen muss: \u201eDas darfst du, das darfst du nicht. Das ist gut, das ist schlecht.\u201c Ich m\u00f6chte das, bitte sch\u00f6n, selbst entscheiden. Sie nicht, liebe Mitb\u00fcrger?<\/strong><\/p>\n<p>Ich m\u00f6chte mir auch nicht von Kanzlern, Ministern oder anderen Volksvertretern sagen lassen, welches Buch das Volk lesen oder nicht lesen soll. Das m\u00f6chte ich selbst entscheiden. Sie auch, liebe Mitb\u00fcrger?<\/p>\n<p><strong>Ich finde auch den inflation\u00e4ren Missbrauch des Wortes \u201eZivilcourage\u201c unertr\u00e4glich. Zivilcourage ist so etwas wie Widerstand, Heldenmut und Notwehr. Das bedeutet: Zivilcourage ist eine ganz seltene Tugend. In einer Diktatur bedarf es der Zivilcourage zum Widerstand.<\/strong><\/p>\n<p>In einer Demokratie ist Wider<em>stand<\/em> unn\u00f6tig. Wider<em>spruch<\/em> tut not. Ganz viel und ganz oft. Widerspruch in einer Demokratie ist \u2013 der Verfassung (bei uns Grundgesetz) sei Dank \u2013 n\u00f6tig, aber ungef\u00e4hrlich f\u00fcr Leib und Leben. Das gilt erst recht f\u00fcr Zuspruch.<\/p>\n<p><strong>Bezeugt die Verurteilung des osmanisch-deutschen V\u00f6lkermords von 1915 Zivilcourage? Nein. Sie bezeugt vielmehr die Entwicklung unserer Bundesrepublik zu einer Gesinnungsrepublik.<\/strong><\/p>\n<p>Die herk\u00f6mmlichen Parteien sind dabei, den B\u00fcrgern einen einheitlichen Gesinnungsbrei zuzubereiten. Der mag durchaus wohl schmecken oder angebracht sein. Doch angewidert vom politischen Einheitsmen\u00fc wenden sich eher fr\u00fcher als sp\u00e4ter viele B\u00fcrger anderen Speisen zu.<\/p>\n<p>Im Klartext: Immer mehr B\u00fcrger wenden sich von den etablierten Parteien (zu denen l\u00e4ngst auch Die Linke geh\u00f6rt) ab und protestieren. Jeder Erzieher st\u00f6\u00dft irgendwann beim Erzogenen auf Widerspruch. Wenn die etablierten Parteien die B\u00fcrger immer mehr erziehen, werden diese sich ihnen entziehen.<\/p>\n<p><strong>Bitte, liebe von mir wirklich verehrte Volksvertreter, weniger Volkserziehung und mehr Politik. Dann haben Protestparteien wie die AfD auch weniger Zulauf.<\/strong><\/p>\n<p><strong>Michael Wolffsohn<\/strong><\/p>\n<p>(aus BILD vom 3. Juni 2016)<\/p>\n<p><a href=\"http:\/\/www.petergrau-leichtathlet.de\/wp-content\/uploads\/2016\/06\/Wolfsohn.jpg\"><img loading=\"lazy\" class=\"alignnone size-medium wp-image-1951\" src=\"http:\/\/www.petergrau-leichtathlet.de\/wp-content\/uploads\/2016\/06\/Wolfsohn-300x300.jpg\" alt=\"Wolfsohn\" width=\"300\" height=\"300\" srcset=\"https:\/\/www.petergrau-leichtathlet.de\/wp-content\/uploads\/2016\/06\/Wolfsohn-300x300.jpg 300w, https:\/\/www.petergrau-leichtathlet.de\/wp-content\/uploads\/2016\/06\/Wolfsohn-150x150.jpg 150w, https:\/\/www.petergrau-leichtathlet.de\/wp-content\/uploads\/2016\/06\/Wolfsohn.jpg 330w\" sizes=\"(max-width: 300px) 100vw, 300px\" \/><\/a><\/p>\n<p>Prof . Dr. Michael Wolffsohn , 69, ist Historiker. Soeben erschien ist\u00a0 sein neuestes Buch \u201eZivilcourage, Wie der Staat seine B\u00fcrger im Stich l\u00e4sst\u201c, M\u00fcnchen, dtv, \u20ac 7,90<\/p>\n","protected":false},"excerpt":{"rendered":"<p>\u00a0Soeben habe ich in meinem Tagebuch unter \u201e Entenk\u00fcken, Fontane und Landschaften \u2013 die Chance zum Innehalten\u201c\u00a0 auch kurz zu politischen Themen Stellung genommen, so auch zur Armenien-Resolution. Gleichzeitig schrieb ich, da\u00df es besser f\u00fcr mich sei, mich nicht auf die politische Ebene zuzubewegen.\u00a0 Das schlie\u00dft aber nicht aus, andere politische Wortmeldungen zu ver\u00f6ffentlichen. Und &hellip; <a href=\"https:\/\/www.petergrau-leichtathlet.de\/?p=1950\" class=\"more-link\"><span class=\"screen-reader-text\">Michael Wolffsohn &#8211; Ich will keine Gesinnungs-Republik<\/span> weiterlesen <span class=\"meta-nav\">&rarr;<\/span><\/a><\/p>\n","protected":false},"author":1,"featured_media":0,"comment_status":"open","ping_status":"open","sticky":false,"template":"","format":"standard","meta":[],"categories":[11],"tags":[],"_links":{"self":[{"href":"https:\/\/www.petergrau-leichtathlet.de\/index.php?rest_route=\/wp\/v2\/posts\/1950"}],"collection":[{"href":"https:\/\/www.petergrau-leichtathlet.de\/index.php?rest_route=\/wp\/v2\/posts"}],"about":[{"href":"https:\/\/www.petergrau-leichtathlet.de\/index.php?rest_route=\/wp\/v2\/types\/post"}],"author":[{"embeddable":true,"href":"https:\/\/www.petergrau-leichtathlet.de\/index.php?rest_route=\/wp\/v2\/users\/1"}],"replies":[{"embeddable":true,"href":"https:\/\/www.petergrau-leichtathlet.de\/index.php?rest_route=%2Fwp%2Fv2%2Fcomments&post=1950"}],"version-history":[{"count":2,"href":"https:\/\/www.petergrau-leichtathlet.de\/index.php?rest_route=\/wp\/v2\/posts\/1950\/revisions"}],"predecessor-version":[{"id":1953,"href":"https:\/\/www.petergrau-leichtathlet.de\/index.php?rest_route=\/wp\/v2\/posts\/1950\/revisions\/1953"}],"wp:attachment":[{"href":"https:\/\/www.petergrau-leichtathlet.de\/index.php?rest_route=%2Fwp%2Fv2%2Fmedia&parent=1950"}],"wp:term":[{"taxonomy":"category","embeddable":true,"href":"https:\/\/www.petergrau-leichtathlet.de\/index.php?rest_route=%2Fwp%2Fv2%2Fcategories&post=1950"},{"taxonomy":"post_tag","embeddable":true,"href":"https:\/\/www.petergrau-leichtathlet.de\/index.php?rest_route=%2Fwp%2Fv2%2Ftags&post=1950"}],"curies":[{"name":"wp","href":"https:\/\/api.w.org\/{rel}","templated":true}]}}