{"id":1984,"date":"2016-06-10T15:38:26","date_gmt":"2016-06-10T13:38:26","guid":{"rendered":"http:\/\/www.petergrau-leichtathlet.de\/?p=1984"},"modified":"2016-06-10T15:54:12","modified_gmt":"2016-06-10T13:54:12","slug":"robert-harting-die-leidenschaft-des-wettkaempfers-ist-wieder-da","status":"publish","type":"post","link":"https:\/\/www.petergrau-leichtathlet.de\/?p=1984","title":{"rendered":"Robert Harting: Die Leidenschaft des Wettk\u00e4mpfers ist wieder da"},"content":{"rendered":"<p>&nbsp;<\/p>\n<p><a href=\"http:\/\/www.petergrau-leichtathlet.de\/wp-content\/uploads\/2016\/06\/Harting-klein-ISTAF-044.jpg\"><img loading=\"lazy\" class=\"alignnone size-medium wp-image-1988\" src=\"http:\/\/www.petergrau-leichtathlet.de\/wp-content\/uploads\/2016\/06\/Harting-klein-ISTAF-044-278x300.jpg\" alt=\"Harting klein ISTAF 044\" width=\"278\" height=\"300\" srcset=\"https:\/\/www.petergrau-leichtathlet.de\/wp-content\/uploads\/2016\/06\/Harting-klein-ISTAF-044-278x300.jpg 278w, https:\/\/www.petergrau-leichtathlet.de\/wp-content\/uploads\/2016\/06\/Harting-klein-ISTAF-044.jpg 768w\" sizes=\"(max-width: 278px) 100vw, 278px\" \/><\/a><\/p>\n<p>Diskuswerfer Robert Harting ist auf <strong>Pressekonferenzen<\/strong>, die sich um die Leichtathletik drehen, stets ein gern gesehener Gast. Besonders auch in <strong>Berlin<\/strong>, seiner Heimatstadt, dort, wo er das Olympiastadion lange Zeit als <strong>sein Wohnzimmer<\/strong> bezeichnete. In diesem Jahr soll es das wieder werden, bei der<strong> 75. Auflage des Internationalen Stadionfestes (ISTAF).<\/strong> Und wie um das zu beweisen, prangt sein Konterfei auf dem Werbeplakat.<\/p>\n<p><a href=\"http:\/\/www.petergrau-leichtathlet.de\/wp-content\/uploads\/2016\/06\/Harting-klein-ISTAF-067.jpg\"><img loading=\"lazy\" class=\"alignnone size-medium wp-image-1990\" src=\"http:\/\/www.petergrau-leichtathlet.de\/wp-content\/uploads\/2016\/06\/Harting-klein-ISTAF-067-300x225.jpg\" alt=\"Harting klein ISTAF 067\" width=\"300\" height=\"225\" srcset=\"https:\/\/www.petergrau-leichtathlet.de\/wp-content\/uploads\/2016\/06\/Harting-klein-ISTAF-067-300x225.jpg 300w, https:\/\/www.petergrau-leichtathlet.de\/wp-content\/uploads\/2016\/06\/Harting-klein-ISTAF-067.jpg 656w\" sizes=\"(max-width: 300px) 100vw, 300px\" \/><\/a><\/p>\n<p>Im Sommerlook, mit T-Shirt und Shorts, kommt Robert Harting l\u00e4chelnd die Eingangstreppe des DKB-Geb\u00e4udes in der Berliner Taubenstra\u00dfe empor, als Gast der <strong>Er\u00f6ffnungspressekonferenz f\u00fcr das 75. ISTAF<\/strong>. Er begr\u00fc\u00dft jeden freundlich, den er sieht und erkennt, und nimmt sich erstmal am B\u00fcffet eine Erfrischung. Er sieht entspannt aus, l\u00e4\u00dft Sorgen und \u00c4ngste nicht erkennen, die ihm nach eigener Aussage gegenw\u00e4rtig ob seines langen Fernabseins von den Wurfringen wegen seines Kreuzbandrisses plagen.<\/p>\n<p><a href=\"http:\/\/www.petergrau-leichtathlet.de\/wp-content\/uploads\/2015\/11\/Harting-klein-P1000056.jpg\"><img loading=\"lazy\" class=\"alignnone size-medium wp-image-1992\" src=\"http:\/\/www.petergrau-leichtathlet.de\/wp-content\/uploads\/2015\/11\/Harting-klein-P1000056-300x225.jpg\" alt=\"Harting klein P1000056\" width=\"300\" height=\"225\" srcset=\"https:\/\/www.petergrau-leichtathlet.de\/wp-content\/uploads\/2015\/11\/Harting-klein-P1000056-300x225.jpg 300w, https:\/\/www.petergrau-leichtathlet.de\/wp-content\/uploads\/2015\/11\/Harting-klein-P1000056.jpg 986w\" sizes=\"(max-width: 300px) 100vw, 300px\" \/><\/a><\/p>\n<p>Vorn auf dem Podium, neben ISTAF-Direktor <strong>Martin Seeber<\/strong>, der Weltmeisterin im Kugelsto\u00dfen von 2015, <strong>Christina Schwanitz<\/strong>, dem Vorsitzenden des Vorstands der Deutschen Kreditbank (DKB) <strong>Stefan Unterlandst\u00e4ttner<\/strong> und dem EM 2018-Chef <strong>Frank<\/strong> <strong>Kowalski<\/strong> (von links) l\u00e4\u00dft er sich dann in den Sessel fallen.<\/p>\n<p>Geduldig gibt er Antworten auf die Fragen des <strong>neuen<\/strong> Head of Communications, <strong>Sven Ibald<\/strong> . ( Fr\u00fcher sagte man mal Pressechef, aber das ist heutzutage zu kurz gefa\u00dft).<\/p>\n<p><a href=\"http:\/\/www.petergrau-leichtathlet.de\/wp-content\/uploads\/2015\/11\/Harting-klein-054.jpg\"><img loading=\"lazy\" class=\"alignnone size-medium wp-image-1994\" src=\"http:\/\/www.petergrau-leichtathlet.de\/wp-content\/uploads\/2015\/11\/Harting-klein-054-300x225.jpg\" alt=\"Harting klein 054\" width=\"300\" height=\"225\" srcset=\"https:\/\/www.petergrau-leichtathlet.de\/wp-content\/uploads\/2015\/11\/Harting-klein-054-300x225.jpg 300w, https:\/\/www.petergrau-leichtathlet.de\/wp-content\/uploads\/2015\/11\/Harting-klein-054.jpg 984w\" sizes=\"(max-width: 300px) 100vw, 300px\" \/><\/a><\/p>\n<p><a href=\"http:\/\/www.petergrau-leichtathlet.de\/wp-content\/uploads\/2015\/11\/Harting-klein-681.jpg\"><img loading=\"lazy\" class=\"alignnone size-medium wp-image-1999\" src=\"http:\/\/www.petergrau-leichtathlet.de\/wp-content\/uploads\/2015\/11\/Harting-klein-681-300x225.jpg\" alt=\"Harting klein 68\" width=\"300\" height=\"225\" srcset=\"https:\/\/www.petergrau-leichtathlet.de\/wp-content\/uploads\/2015\/11\/Harting-klein-681-300x225.jpg 300w, https:\/\/www.petergrau-leichtathlet.de\/wp-content\/uploads\/2015\/11\/Harting-klein-681.jpg 987w\" sizes=\"(max-width: 300px) 100vw, 300px\" \/><\/a><\/p>\n<p>Gern hat Robert Harting zuvor die Mitteilung von ISTAF-Chef Martin Seeber zur Kenntnis genommen, da\u00df nun auf seinen Wunsch hin der <strong>Diskusring<\/strong> auf die <strong>andere Seite des<\/strong> <strong>Stadions<\/strong> verlagert wird, um den eventuellen Gegenwind f\u00fcr gute Weiten besser nutzen zu k\u00f6nnen. \u201e Da k\u00f6nnte dann der Stadionrekord von <strong>Lars Riedel<\/strong> (70,60 m) wohl ins Wanken geraten.\u201c<\/p>\n<p><a href=\"http:\/\/www.petergrau-leichtathlet.de\/wp-content\/uploads\/2016\/06\/Harting-klein-Diskusring-065.jpg\"><img loading=\"lazy\" class=\"alignnone size-medium wp-image-2002\" src=\"http:\/\/www.petergrau-leichtathlet.de\/wp-content\/uploads\/2016\/06\/Harting-klein-Diskusring-065-300x184.jpg\" alt=\"Harting klein Diskusring 065\" width=\"300\" height=\"184\" srcset=\"https:\/\/www.petergrau-leichtathlet.de\/wp-content\/uploads\/2016\/06\/Harting-klein-Diskusring-065-300x184.jpg 300w, https:\/\/www.petergrau-leichtathlet.de\/wp-content\/uploads\/2016\/06\/Harting-klein-Diskusring-065.jpg 974w\" sizes=\"(max-width: 300px) 100vw, 300px\" \/><\/a><\/p>\n<p>Ob Robert Harting diesen Rekord angreifen kann, l\u00e4\u00dft er offen. Zwar ist er nunmehr froh, wieder im Ring zu stehen. Den ersten Erfolg konnte er im Fr\u00fchjahr beim <strong>ISTAF-Indoor<\/strong> einfahren, und man sieht ihm beim Einspiel eines kleinen Film von damals an, wie ihn das motiviert.<\/p>\n<p><a href=\"http:\/\/www.petergrau-leichtathlet.de\/wp-content\/uploads\/2015\/11\/Harting-klein-064.jpg\"><img loading=\"lazy\" class=\"alignnone size-medium wp-image-1996\" src=\"http:\/\/www.petergrau-leichtathlet.de\/wp-content\/uploads\/2015\/11\/Harting-klein-064-300x225.jpg\" alt=\"Harting klein 064\" width=\"300\" height=\"225\" srcset=\"https:\/\/www.petergrau-leichtathlet.de\/wp-content\/uploads\/2015\/11\/Harting-klein-064-300x225.jpg 300w, https:\/\/www.petergrau-leichtathlet.de\/wp-content\/uploads\/2015\/11\/Harting-klein-064.jpg 986w\" sizes=\"(max-width: 300px) 100vw, 300px\" \/><\/a><\/p>\n<p><strong>Martin Seeber und Robert Harting<\/strong><\/p>\n<p>&nbsp;<\/p>\n<p>Seit dem Wettkampf am <strong>5. Juni 2016 in Birmingham<\/strong> hat er nun die Olympianorm in der Tasche. Wohl wissend, da\u00df das <strong>kein Freifahrtschein<\/strong> im Rennen nach Rio ist. Er r\u00e4umt ein, da\u00df es ein ungewohnter Zustand ist, in der gegenw\u00e4rtigen Bestenliste nur auf Rang 5 zu rangieren. \u201e Aber jetzt ist die Konkurrenzsituation da, die ich mir immer gew\u00fcnscht habe. Ich sehe da zwar eine Bedrohung, begreife das aber als Herausforderung. Zwar fehlen mir noch rund 60 bis 70 Prozent an Automatismen, die einfach f\u00fcr weite W\u00fcrfe notwendig sind. <strong>Aber ich sp\u00fcre wieder die Leidenschaft des Wettk\u00e4mpfers<\/strong>.\u201c<\/p>\n<p>Diese Leidenschaft will er schon am Samstag (11. Juni) beim Meeting im niederl\u00e4ndischen Leiden aufleben lassen. Aber unabh\u00e4ngig davon, bei den <strong>Deutschen Meisterschaften in<\/strong> <strong>Kassel<\/strong> will er im Finale am <strong>19. Juni<\/strong> m\u00f6glichst ganz vorn landen, denn \u201e Meistertitel plus Olympianorm\u201c garantieren den Flug nach Rio.<\/p>\n<p>Und auf dem Podium der Pressekonferenz h\u00f6rt man ihm wie immer gern zu, wenn er ins Philosophieren kommt, wenn er Einblicke in die Geheimnisse des Diskuswurfs gew\u00e4hrt.<\/p>\n<p><a href=\"http:\/\/www.petergrau-leichtathlet.de\/wp-content\/uploads\/2015\/11\/Harting-klein-087.jpg\"><img loading=\"lazy\" class=\"alignnone size-medium wp-image-1997\" src=\"http:\/\/www.petergrau-leichtathlet.de\/wp-content\/uploads\/2015\/11\/Harting-klein-087-300x225.jpg\" alt=\"Harting klein 087\" width=\"300\" height=\"225\" srcset=\"https:\/\/www.petergrau-leichtathlet.de\/wp-content\/uploads\/2015\/11\/Harting-klein-087-300x225.jpg 300w, https:\/\/www.petergrau-leichtathlet.de\/wp-content\/uploads\/2015\/11\/Harting-klein-087.jpg 978w\" sizes=\"(max-width: 300px) 100vw, 300px\" \/><\/a><\/p>\n<p>Die &#8222;Journalistenmeute&#8220; aber gibt noch lange keine Ruhe. Ist einer wie Robert Harting da, dann hat er gef\u00e4lligst auch viel zu erz\u00e4hlen, viel zu antworten. Ein bi\u00dfchen egoistisch sind wir Journalisten dann alle. Ob er vielleicht jetzt lieber gehen w\u00fcrden, etwas zur Ruhe kommen, bzw. wieder ins n\u00e4chste Training einsteigen m\u00f6chte, das interessiert weniger.<\/p>\n<p>Robert Harting ist zu bewundern, wie er so etwas bew\u00e4ltigt. Souver\u00e4n ist er allemal. Als ihm noch auf dem Podium eine Frage zu Doping und zur russischen Leichtathletik gestellt wird, blockt er das geschickt ab und verweist auf ein m\u00f6gliches Zwiegespr\u00e4ch nachher. Nicht da\u00df er nichts sagen will, aber er wei\u00df, da\u00df es heute um das ISTAF geht, und das zun\u00e4chst im Vordergrund steht.\u00a0\u00a0 Aber dann holt ihn die gro\u00dfe Sportpolitik wieder ein. Ob er gestern den ARD-Film von Hajo Seppelt \u00fcber die russische Leichtathletik gesehen habe und was er dazu sage, wird er gefragt: \u201e Nein , habe ich nicht gesehen, was kam denn darin vor?\u201c K\u00f6stlich, diese Gegenfrage. Er darf das. Als endlich, so denkt man als Au\u00dfenstehender, das Frage \u2013 und Antwortspiel vorbei ist, sieht man Robert Harting an, da\u00df zu diesem Zeitpunkt mittags gegen 13 Uhr sein Akku langsam leer wird. Aber \u201enein\u201c sagen ist eben nicht sein Ding. Meinem Potsdamer Kollegen Peter Stein gew\u00e4hrt er noch ein Vieraugengespr\u00e4ch.<\/p>\n<p><a href=\"http:\/\/www.petergrau-leichtathlet.de\/wp-content\/uploads\/2015\/11\/Harting-klein-093P1000093.jpg\"><img loading=\"lazy\" class=\"alignnone size-medium wp-image-1998\" src=\"http:\/\/www.petergrau-leichtathlet.de\/wp-content\/uploads\/2015\/11\/Harting-klein-093P1000093-300x225.jpg\" alt=\"Harting klein 093P1000093\" width=\"300\" height=\"225\" srcset=\"https:\/\/www.petergrau-leichtathlet.de\/wp-content\/uploads\/2015\/11\/Harting-klein-093P1000093-300x225.jpg 300w, https:\/\/www.petergrau-leichtathlet.de\/wp-content\/uploads\/2015\/11\/Harting-klein-093P1000093.jpg 985w\" sizes=\"(max-width: 300px) 100vw, 300px\" \/><\/a><\/p>\n<p><strong>Peter Stein im Gespr\u00e4ch mit Robert Harting<\/strong><\/p>\n<p>&nbsp;<\/p>\n<p>Dann aber ist es geschafft. Als ich ihn, -es klingt vielleicht etwas altv\u00e4terlich, aber ich darf das -, rate, in der n\u00e4chsten Zeit <strong>nicht<\/strong> mehr allen Intervieww\u00fcnschen nachzugeben, denn das w\u00fcrde auch solch eine starke Pers\u00f6nlichkeit wie ihn \u00fcberfordern, zumal seine Hauptaufgabe gegenw\u00e4rtig ja im Wurfring und dort im \u201eWeitwerfen\u201c liege, schaut er mich dankbar an und meint: \u201e Das ist der richtige Rat. Ich habe es auch schon probiert, habe einfach mein Handy ausgelassen und nicht so oft ins Internet geschaut. Nur so geht es.\u201c<\/p>\n<p>Es m\u00f6ge f\u00fcr Robert Harting die <strong>Ruhe vor dem Sturm<\/strong> sein. Wohin \u201e der Sturm\u201c seine Diskusscheiben wehen wird, zeigt sich bald. Ob in Kassel, Amsterdam oder Rio, alles ist m\u00f6glich.<\/p>\n<p><strong>Peter Grau<\/strong><\/p>\n","protected":false},"excerpt":{"rendered":"<p>&nbsp; Diskuswerfer Robert Harting ist auf Pressekonferenzen, die sich um die Leichtathletik drehen, stets ein gern gesehener Gast. Besonders auch in Berlin, seiner Heimatstadt, dort, wo er das Olympiastadion lange Zeit als sein Wohnzimmer bezeichnete. In diesem Jahr soll es das wieder werden, bei der 75. Auflage des Internationalen Stadionfestes (ISTAF). Und wie um das &hellip; <a href=\"https:\/\/www.petergrau-leichtathlet.de\/?p=1984\" class=\"more-link\"><span class=\"screen-reader-text\">Robert Harting: Die Leidenschaft des Wettk\u00e4mpfers ist wieder da<\/span> weiterlesen <span class=\"meta-nav\">&rarr;<\/span><\/a><\/p>\n","protected":false},"author":1,"featured_media":0,"comment_status":"open","ping_status":"open","sticky":false,"template":"","format":"standard","meta":[],"categories":[7],"tags":[],"_links":{"self":[{"href":"https:\/\/www.petergrau-leichtathlet.de\/index.php?rest_route=\/wp\/v2\/posts\/1984"}],"collection":[{"href":"https:\/\/www.petergrau-leichtathlet.de\/index.php?rest_route=\/wp\/v2\/posts"}],"about":[{"href":"https:\/\/www.petergrau-leichtathlet.de\/index.php?rest_route=\/wp\/v2\/types\/post"}],"author":[{"embeddable":true,"href":"https:\/\/www.petergrau-leichtathlet.de\/index.php?rest_route=\/wp\/v2\/users\/1"}],"replies":[{"embeddable":true,"href":"https:\/\/www.petergrau-leichtathlet.de\/index.php?rest_route=%2Fwp%2Fv2%2Fcomments&post=1984"}],"version-history":[{"count":3,"href":"https:\/\/www.petergrau-leichtathlet.de\/index.php?rest_route=\/wp\/v2\/posts\/1984\/revisions"}],"predecessor-version":[{"id":2003,"href":"https:\/\/www.petergrau-leichtathlet.de\/index.php?rest_route=\/wp\/v2\/posts\/1984\/revisions\/2003"}],"wp:attachment":[{"href":"https:\/\/www.petergrau-leichtathlet.de\/index.php?rest_route=%2Fwp%2Fv2%2Fmedia&parent=1984"}],"wp:term":[{"taxonomy":"category","embeddable":true,"href":"https:\/\/www.petergrau-leichtathlet.de\/index.php?rest_route=%2Fwp%2Fv2%2Fcategories&post=1984"},{"taxonomy":"post_tag","embeddable":true,"href":"https:\/\/www.petergrau-leichtathlet.de\/index.php?rest_route=%2Fwp%2Fv2%2Ftags&post=1984"}],"curies":[{"name":"wp","href":"https:\/\/api.w.org\/{rel}","templated":true}]}}