{"id":4607,"date":"2016-12-19T21:09:16","date_gmt":"2016-12-19T20:09:16","guid":{"rendered":"http:\/\/www.petergrau-leichtathlet.de\/?p=4607"},"modified":"2016-12-19T22:34:31","modified_gmt":"2016-12-19T21:34:31","slug":"bilder-aus-tirol-wo-die-welt-noch-in-ordnung-zu-sein-scheint","status":"publish","type":"post","link":"https:\/\/www.petergrau-leichtathlet.de\/?p=4607","title":{"rendered":"Bilder aus Tirol &#8211; wo die Welt noch in Ordnung zu sein scheint"},"content":{"rendered":"<p><strong><a href=\"http:\/\/www.petergrau-leichtathlet.de\/wp-content\/uploads\/2016\/12\/Jakob-vier.jpg\"><img loading=\"lazy\" class=\"alignnone size-medium wp-image-4608\" src=\"http:\/\/www.petergrau-leichtathlet.de\/wp-content\/uploads\/2016\/12\/Jakob-vier-300x225.jpg\" alt=\"jakob-vier\" width=\"300\" height=\"225\" srcset=\"https:\/\/www.petergrau-leichtathlet.de\/wp-content\/uploads\/2016\/12\/Jakob-vier-300x225.jpg 300w, https:\/\/www.petergrau-leichtathlet.de\/wp-content\/uploads\/2016\/12\/Jakob-vier.jpg 960w\" sizes=\"(max-width: 300px) 100vw, 300px\" \/><\/a><\/strong><\/p>\n<p><strong>Foto: Andreas \u00a0 Werlberger<\/strong><\/p>\n<p>&nbsp;<\/p>\n<p>Irgendwie macht es Spa\u00df, bei Facebook neue Freunde zu gewinnen. Man kann sie sich ja aussuchen, wenn man ein wenig in den Chroniken und Infos bl\u00e4ttert. Nat\u00fcrlich lasse ich mich auch vom \u00e4u\u00dferen Erscheinungsbild beeindrucken, aber das\u00a0 betrifft eher die holde Weiblichkeit.<\/p>\n<p>\u201e Personen, die Du vielleicht kennst\u201c, so steht es \u00fcber den einzelnen Portr\u00e4ts und dann geht das Suchen los. Zun\u00e4chst hatte ich vor allem in der Leichtathletik \u201egegrast\u201c, getreu des Anfangsmottos meiner Homepage. Aber nicht alle Leichtathleten und Leichtathletikfreunde sind im Internet aktiv.<\/p>\n<p>Und leider hat da vor allem die etwas \u00e4ltere Generation Nachholebedarf.<\/p>\n<p>So er\u00f6ffnete ich neue Berufsr\u00e4ume, zun\u00e4chst noch sportnah.\u00a0 Kraftsportler (zu ihnen habe ich neuerdings durch meine Besuche im Fitne\u00dfstudio ein engere Beziehung), Yogaexperten (da kannte ich bisher nur <strong>Tine Bielecki<\/strong>, die auch mal f\u00fcr die Zeitschrift \u201eLeichtathletik\u201c und den Internetdienst\u00a0 leichtathletik.de\u00a0 gearbeitet hat.)\u00a0 Es ist auff\u00e4llig, wie sich Yoga viele Freunde geschaffen hat.<\/p>\n<p>Schon lange habe ich auch wohlwollendes Interesse am Radsport und am Triathlon. Bei der Tour de France und beim Ironman in Hawaii bin ich Stammgast am Fernsehen. So suche ich auch in diesem Kreis gern und werde f\u00fcndig.<\/p>\n<p>Weil ich mich auch f\u00fcr Kunst und Kultur interessiere, kn\u00fcpfe ich\u00a0 gern Freundschaften zu <strong>Malern, Grafikern, Fotografen,\u00a0 Galeristen<\/strong>.\u00a0 Und auch \u00fcber sie werde ich auf meiner Homepage berichten bzw. sie mit ihren Werken zu Wort oder zu Bild kommen lassen.<\/p>\n<p>Die Werke von\u00a0\u00a0 <strong>Christiane Treu<\/strong> gefielen mir, und ich erfreute sie damit, ihr eine Geschichte auf der Homepage zu widmen.\u00a0 Reiner Zufall, da\u00df ich vorher \u00fcber die Ausstellungser\u00f6ffnung eines Neuruppiner Malers und Grafikers, <strong>Robert W. Wagner<\/strong>, berichtete.<\/p>\n<p>Gestern habe ich viele sch\u00f6ne Bergfotos gesehen, und zwei Fotografen aus Tirol, \u00a0<strong>Jakob Werlberger<\/strong> und <strong>Andreas Wissinger<\/strong>, als FB-Freunde gewonnen. Und gefragt, ob ich ihre Fotos auch auf meiner Homepage publizieren k\u00f6nne, gaben sie \u00a0mir sehr schnell ihr Einverst\u00e4ndnis. Ich w\u00fcrde zwar lieber gern selbst dorthin fahren, aber Neuruppin ist weit von solchen Bergen entfernt. So betrachte ich mir die Fotos eben im Computer und nun auch auf meiner Homepage und tr\u00e4ume von der heilen Tiroler Bergwelt.<\/p>\n<p><strong>Peter Grau<\/strong><\/p>\n<p>(P.S.:\u00a0 Die \u00dcberschrift habe ich wenige Minuten <strong>vor<\/strong> dem Ungl\u00fcck am Berliner Breitscheidplatz\u00a0 gew\u00e4hlt)<\/p>\n<p><strong>Fotos von Jakob Werlberger:<\/strong><\/p>\n<p><a href=\"http:\/\/www.petergrau-leichtathlet.de\/wp-content\/uploads\/2016\/12\/Jakob-eins.jpg\"><img loading=\"lazy\" class=\"alignnone size-medium wp-image-4609\" src=\"http:\/\/www.petergrau-leichtathlet.de\/wp-content\/uploads\/2016\/12\/Jakob-eins-300x225.jpg\" alt=\"jakob-eins\" width=\"300\" height=\"225\" srcset=\"https:\/\/www.petergrau-leichtathlet.de\/wp-content\/uploads\/2016\/12\/Jakob-eins-300x225.jpg 300w, https:\/\/www.petergrau-leichtathlet.de\/wp-content\/uploads\/2016\/12\/Jakob-eins.jpg 960w\" sizes=\"(max-width: 300px) 100vw, 300px\" \/><\/a><\/p>\n<p><a href=\"http:\/\/www.petergrau-leichtathlet.de\/wp-content\/uploads\/2016\/12\/Jakob-zwei.jpg\"><img loading=\"lazy\" class=\"alignnone size-medium wp-image-4610\" src=\"http:\/\/www.petergrau-leichtathlet.de\/wp-content\/uploads\/2016\/12\/Jakob-zwei-300x225.jpg\" alt=\"jakob-zwei\" width=\"300\" height=\"225\" srcset=\"https:\/\/www.petergrau-leichtathlet.de\/wp-content\/uploads\/2016\/12\/Jakob-zwei-300x225.jpg 300w, https:\/\/www.petergrau-leichtathlet.de\/wp-content\/uploads\/2016\/12\/Jakob-zwei.jpg 960w\" sizes=\"(max-width: 300px) 100vw, 300px\" \/><\/a><\/p>\n<p><a href=\"http:\/\/www.petergrau-leichtathlet.de\/wp-content\/uploads\/2016\/12\/Jakob-drei.jpg\"><img loading=\"lazy\" class=\"alignnone size-medium wp-image-4611\" src=\"http:\/\/www.petergrau-leichtathlet.de\/wp-content\/uploads\/2016\/12\/Jakob-drei-300x225.jpg\" alt=\"jakob-drei\" width=\"300\" height=\"225\" srcset=\"https:\/\/www.petergrau-leichtathlet.de\/wp-content\/uploads\/2016\/12\/Jakob-drei-300x225.jpg 300w, https:\/\/www.petergrau-leichtathlet.de\/wp-content\/uploads\/2016\/12\/Jakob-drei.jpg 960w\" sizes=\"(max-width: 300px) 100vw, 300px\" \/><\/a><\/p>\n<p><a href=\"http:\/\/www.petergrau-leichtathlet.de\/wp-content\/uploads\/2016\/12\/Jakob-f\u00fcnf.jpg\"><img loading=\"lazy\" class=\"alignnone size-medium wp-image-4613\" src=\"http:\/\/www.petergrau-leichtathlet.de\/wp-content\/uploads\/2016\/12\/Jakob-f\u00fcnf-300x225.jpg\" alt=\"jakob-fuenf\" width=\"300\" height=\"225\" srcset=\"https:\/\/www.petergrau-leichtathlet.de\/wp-content\/uploads\/2016\/12\/Jakob-f\u00fcnf-300x225.jpg 300w, https:\/\/www.petergrau-leichtathlet.de\/wp-content\/uploads\/2016\/12\/Jakob-f\u00fcnf.jpg 960w\" sizes=\"(max-width: 300px) 100vw, 300px\" \/><\/a><\/p>\n<p><a href=\"http:\/\/www.petergrau-leichtathlet.de\/wp-content\/uploads\/2016\/12\/Jakob-sechs.jpg\"><img loading=\"lazy\" class=\"alignnone size-medium wp-image-4614\" src=\"http:\/\/www.petergrau-leichtathlet.de\/wp-content\/uploads\/2016\/12\/Jakob-sechs-300x225.jpg\" alt=\"jakob-sechs\" width=\"300\" height=\"225\" srcset=\"https:\/\/www.petergrau-leichtathlet.de\/wp-content\/uploads\/2016\/12\/Jakob-sechs-300x225.jpg 300w, https:\/\/www.petergrau-leichtathlet.de\/wp-content\/uploads\/2016\/12\/Jakob-sechs.jpg 960w\" sizes=\"(max-width: 300px) 100vw, 300px\" \/><\/a><\/p>\n<p>&nbsp;<\/p>\n<p><strong>Fotos von Andreas Wissinger:<\/strong><\/p>\n<p><a href=\"http:\/\/www.petergrau-leichtathlet.de\/wp-content\/uploads\/2016\/12\/Andreas-vier.jpg\"><img loading=\"lazy\" class=\"alignnone size-medium wp-image-4618\" src=\"http:\/\/www.petergrau-leichtathlet.de\/wp-content\/uploads\/2016\/12\/Andreas-vier-300x129.jpg\" alt=\"andreas-vier\" width=\"300\" height=\"129\" srcset=\"https:\/\/www.petergrau-leichtathlet.de\/wp-content\/uploads\/2016\/12\/Andreas-vier-300x129.jpg 300w, https:\/\/www.petergrau-leichtathlet.de\/wp-content\/uploads\/2016\/12\/Andreas-vier-1024x440.jpg 1024w\" sizes=\"(max-width: 300px) 100vw, 300px\" \/><\/a><\/p>\n<p><a href=\"http:\/\/www.petergrau-leichtathlet.de\/wp-content\/uploads\/2016\/12\/Andreas-zwei.jpg\"><img loading=\"lazy\" class=\"alignnone size-medium wp-image-4616\" src=\"http:\/\/www.petergrau-leichtathlet.de\/wp-content\/uploads\/2016\/12\/Andreas-zwei-300x200.jpg\" alt=\"andreas-zwei\" width=\"300\" height=\"200\" srcset=\"https:\/\/www.petergrau-leichtathlet.de\/wp-content\/uploads\/2016\/12\/Andreas-zwei-300x200.jpg 300w, https:\/\/www.petergrau-leichtathlet.de\/wp-content\/uploads\/2016\/12\/Andreas-zwei-1024x683.jpg 1024w, https:\/\/www.petergrau-leichtathlet.de\/wp-content\/uploads\/2016\/12\/Andreas-zwei.jpg 2048w\" sizes=\"(max-width: 300px) 100vw, 300px\" \/><\/a><\/p>\n<p><a href=\"http:\/\/www.petergrau-leichtathlet.de\/wp-content\/uploads\/2016\/12\/Andreas-drei.jpg\"><img loading=\"lazy\" class=\"alignnone size-medium wp-image-4617\" src=\"http:\/\/www.petergrau-leichtathlet.de\/wp-content\/uploads\/2016\/12\/Andreas-drei-300x200.jpg\" alt=\"andreas-drei\" width=\"300\" height=\"200\" srcset=\"https:\/\/www.petergrau-leichtathlet.de\/wp-content\/uploads\/2016\/12\/Andreas-drei-300x200.jpg 300w, https:\/\/www.petergrau-leichtathlet.de\/wp-content\/uploads\/2016\/12\/Andreas-drei-1024x683.jpg 1024w, https:\/\/www.petergrau-leichtathlet.de\/wp-content\/uploads\/2016\/12\/Andreas-drei.jpg 2048w\" sizes=\"(max-width: 300px) 100vw, 300px\" \/><\/a><\/p>\n","protected":false},"excerpt":{"rendered":"<p>Foto: Andreas \u00a0 Werlberger &nbsp; Irgendwie macht es Spa\u00df, bei Facebook neue Freunde zu gewinnen. Man kann sie sich ja aussuchen, wenn man ein wenig in den Chroniken und Infos bl\u00e4ttert. Nat\u00fcrlich lasse ich mich auch vom \u00e4u\u00dferen Erscheinungsbild beeindrucken, aber das\u00a0 betrifft eher die holde Weiblichkeit. \u201e Personen, die Du vielleicht kennst\u201c, so steht &hellip; <a href=\"https:\/\/www.petergrau-leichtathlet.de\/?p=4607\" class=\"more-link\"><span class=\"screen-reader-text\">Bilder aus Tirol &#8211; wo die Welt noch in Ordnung zu sein scheint<\/span> weiterlesen <span class=\"meta-nav\">&rarr;<\/span><\/a><\/p>\n","protected":false},"author":1,"featured_media":0,"comment_status":"closed","ping_status":"open","sticky":false,"template":"","format":"standard","meta":[],"categories":[11,5],"tags":[],"_links":{"self":[{"href":"https:\/\/www.petergrau-leichtathlet.de\/index.php?rest_route=\/wp\/v2\/posts\/4607"}],"collection":[{"href":"https:\/\/www.petergrau-leichtathlet.de\/index.php?rest_route=\/wp\/v2\/posts"}],"about":[{"href":"https:\/\/www.petergrau-leichtathlet.de\/index.php?rest_route=\/wp\/v2\/types\/post"}],"author":[{"embeddable":true,"href":"https:\/\/www.petergrau-leichtathlet.de\/index.php?rest_route=\/wp\/v2\/users\/1"}],"replies":[{"embeddable":true,"href":"https:\/\/www.petergrau-leichtathlet.de\/index.php?rest_route=%2Fwp%2Fv2%2Fcomments&post=4607"}],"version-history":[{"count":3,"href":"https:\/\/www.petergrau-leichtathlet.de\/index.php?rest_route=\/wp\/v2\/posts\/4607\/revisions"}],"predecessor-version":[{"id":4621,"href":"https:\/\/www.petergrau-leichtathlet.de\/index.php?rest_route=\/wp\/v2\/posts\/4607\/revisions\/4621"}],"wp:attachment":[{"href":"https:\/\/www.petergrau-leichtathlet.de\/index.php?rest_route=%2Fwp%2Fv2%2Fmedia&parent=4607"}],"wp:term":[{"taxonomy":"category","embeddable":true,"href":"https:\/\/www.petergrau-leichtathlet.de\/index.php?rest_route=%2Fwp%2Fv2%2Fcategories&post=4607"},{"taxonomy":"post_tag","embeddable":true,"href":"https:\/\/www.petergrau-leichtathlet.de\/index.php?rest_route=%2Fwp%2Fv2%2Ftags&post=4607"}],"curies":[{"name":"wp","href":"https:\/\/api.w.org\/{rel}","templated":true}]}}