{"id":5185,"date":"2017-02-12T15:46:13","date_gmt":"2017-02-12T14:46:13","guid":{"rendered":"http:\/\/www.petergrau-leichtathlet.de\/?p=5185"},"modified":"2017-02-23T09:11:30","modified_gmt":"2017-02-23T08:11:30","slug":"zwischen-schnee-und-mondschein","status":"publish","type":"post","link":"https:\/\/www.petergrau-leichtathlet.de\/?p=5185","title":{"rendered":"Zwischen Schnee und Mondschein"},"content":{"rendered":"<p>Zwar wird jetzt schon heftig \u00fcber den baldigen <strong>Fr\u00fchling<\/strong> geredet, aber <strong>noch ist es nicht so weit. <\/strong>Deshalb genie\u00dfe ich um so mehr die herrlichen <strong>Winterfotos<\/strong> von <strong>Jakob Werlberger:<\/strong><\/p>\n<p><a href=\"http:\/\/www.petergrau-leichtathlet.de\/wp-content\/uploads\/2017\/02\/Werlberger-eins.jpg\"><img loading=\"lazy\" class=\"alignnone size-medium wp-image-5170\" src=\"http:\/\/www.petergrau-leichtathlet.de\/wp-content\/uploads\/2017\/02\/Werlberger-eins-300x225.jpg\" alt=\"Werlberger eins\" width=\"300\" height=\"225\" srcset=\"https:\/\/www.petergrau-leichtathlet.de\/wp-content\/uploads\/2017\/02\/Werlberger-eins-300x225.jpg 300w, https:\/\/www.petergrau-leichtathlet.de\/wp-content\/uploads\/2017\/02\/Werlberger-eins-1024x768.jpg 1024w, https:\/\/www.petergrau-leichtathlet.de\/wp-content\/uploads\/2017\/02\/Werlberger-eins.jpg 2048w\" sizes=\"(max-width: 300px) 100vw, 300px\" \/><\/a><\/p>\n<p><a href=\"http:\/\/www.petergrau-leichtathlet.de\/wp-content\/uploads\/2017\/02\/Werlberger-zwei.jpg\"><img loading=\"lazy\" class=\"alignnone size-medium wp-image-5171\" src=\"http:\/\/www.petergrau-leichtathlet.de\/wp-content\/uploads\/2017\/02\/Werlberger-zwei-300x225.jpg\" alt=\"Werlberger zwei\" width=\"300\" height=\"225\" srcset=\"https:\/\/www.petergrau-leichtathlet.de\/wp-content\/uploads\/2017\/02\/Werlberger-zwei-300x225.jpg 300w, https:\/\/www.petergrau-leichtathlet.de\/wp-content\/uploads\/2017\/02\/Werlberger-zwei-1024x768.jpg 1024w, https:\/\/www.petergrau-leichtathlet.de\/wp-content\/uploads\/2017\/02\/Werlberger-zwei.jpg 2048w\" sizes=\"(max-width: 300px) 100vw, 300px\" \/><\/a><\/p>\n<p><a href=\"http:\/\/www.petergrau-leichtathlet.de\/wp-content\/uploads\/2017\/02\/Werlberger-drei.jpg\"><img loading=\"lazy\" class=\"alignnone size-medium wp-image-5172\" src=\"http:\/\/www.petergrau-leichtathlet.de\/wp-content\/uploads\/2017\/02\/Werlberger-drei-300x225.jpg\" alt=\"Werlberger drei\" width=\"300\" height=\"225\" srcset=\"https:\/\/www.petergrau-leichtathlet.de\/wp-content\/uploads\/2017\/02\/Werlberger-drei-300x225.jpg 300w, https:\/\/www.petergrau-leichtathlet.de\/wp-content\/uploads\/2017\/02\/Werlberger-drei-1024x768.jpg 1024w, https:\/\/www.petergrau-leichtathlet.de\/wp-content\/uploads\/2017\/02\/Werlberger-drei.jpg 2048w\" sizes=\"(max-width: 300px) 100vw, 300px\" \/><\/a><\/p>\n<p><a href=\"http:\/\/www.petergrau-leichtathlet.de\/wp-content\/uploads\/2017\/02\/Werlberger-vier.jpg\"><img loading=\"lazy\" class=\"alignnone size-medium wp-image-5173\" src=\"http:\/\/www.petergrau-leichtathlet.de\/wp-content\/uploads\/2017\/02\/Werlberger-vier-300x225.jpg\" alt=\"Werlberger vier\" width=\"300\" height=\"225\" srcset=\"https:\/\/www.petergrau-leichtathlet.de\/wp-content\/uploads\/2017\/02\/Werlberger-vier-300x225.jpg 300w, https:\/\/www.petergrau-leichtathlet.de\/wp-content\/uploads\/2017\/02\/Werlberger-vier-1024x768.jpg 1024w, https:\/\/www.petergrau-leichtathlet.de\/wp-content\/uploads\/2017\/02\/Werlberger-vier.jpg 2048w\" sizes=\"(max-width: 300px) 100vw, 300px\" \/><\/a><\/p>\n<p><a href=\"http:\/\/www.petergrau-leichtathlet.de\/wp-content\/uploads\/2017\/02\/Werlberger-f\u00fcnf.jpg\"><img loading=\"lazy\" class=\"alignnone size-medium wp-image-5174\" src=\"http:\/\/www.petergrau-leichtathlet.de\/wp-content\/uploads\/2017\/02\/Werlberger-f\u00fcnf-300x225.jpg\" alt=\"Werlberger f\u00fcnf\" width=\"300\" height=\"225\" srcset=\"https:\/\/www.petergrau-leichtathlet.de\/wp-content\/uploads\/2017\/02\/Werlberger-f\u00fcnf-300x225.jpg 300w, https:\/\/www.petergrau-leichtathlet.de\/wp-content\/uploads\/2017\/02\/Werlberger-f\u00fcnf-1024x768.jpg 1024w, https:\/\/www.petergrau-leichtathlet.de\/wp-content\/uploads\/2017\/02\/Werlberger-f\u00fcnf.jpg 2048w\" sizes=\"(max-width: 300px) 100vw, 300px\" \/><\/a><\/p>\n<p><a href=\"http:\/\/www.petergrau-leichtathlet.de\/wp-content\/uploads\/2017\/02\/Werlberger-sechs.jpg\"><img loading=\"lazy\" class=\"alignnone size-medium wp-image-5175\" src=\"http:\/\/www.petergrau-leichtathlet.de\/wp-content\/uploads\/2017\/02\/Werlberger-sechs-300x225.jpg\" alt=\"Werlberger sechs\" width=\"300\" height=\"225\" srcset=\"https:\/\/www.petergrau-leichtathlet.de\/wp-content\/uploads\/2017\/02\/Werlberger-sechs-300x225.jpg 300w, https:\/\/www.petergrau-leichtathlet.de\/wp-content\/uploads\/2017\/02\/Werlberger-sechs-1024x768.jpg 1024w, https:\/\/www.petergrau-leichtathlet.de\/wp-content\/uploads\/2017\/02\/Werlberger-sechs.jpg 2048w\" sizes=\"(max-width: 300px) 100vw, 300px\" \/><\/a><\/p>\n<p><a href=\"http:\/\/www.petergrau-leichtathlet.de\/wp-content\/uploads\/2017\/02\/Werlberger-sieben.jpg\"><img loading=\"lazy\" class=\"alignnone size-medium wp-image-5176\" src=\"http:\/\/www.petergrau-leichtathlet.de\/wp-content\/uploads\/2017\/02\/Werlberger-sieben-300x225.jpg\" alt=\"Werlberger sieben\" width=\"300\" height=\"225\" srcset=\"https:\/\/www.petergrau-leichtathlet.de\/wp-content\/uploads\/2017\/02\/Werlberger-sieben-300x225.jpg 300w, https:\/\/www.petergrau-leichtathlet.de\/wp-content\/uploads\/2017\/02\/Werlberger-sieben-1024x768.jpg 1024w, https:\/\/www.petergrau-leichtathlet.de\/wp-content\/uploads\/2017\/02\/Werlberger-sieben.jpg 2048w\" sizes=\"(max-width: 300px) 100vw, 300px\" \/><\/a><\/p>\n<p><a href=\"http:\/\/www.petergrau-leichtathlet.de\/wp-content\/uploads\/2017\/02\/Werlberger-acht.jpg\"><img loading=\"lazy\" class=\"alignnone size-medium wp-image-5177\" src=\"http:\/\/www.petergrau-leichtathlet.de\/wp-content\/uploads\/2017\/02\/Werlberger-acht-300x225.jpg\" alt=\"Werlberger acht\" width=\"300\" height=\"225\" srcset=\"https:\/\/www.petergrau-leichtathlet.de\/wp-content\/uploads\/2017\/02\/Werlberger-acht-300x225.jpg 300w, https:\/\/www.petergrau-leichtathlet.de\/wp-content\/uploads\/2017\/02\/Werlberger-acht-1024x768.jpg 1024w, https:\/\/www.petergrau-leichtathlet.de\/wp-content\/uploads\/2017\/02\/Werlberger-acht.jpg 2048w\" sizes=\"(max-width: 300px) 100vw, 300px\" \/><\/a><\/p>\n<p>(alle Fotos von <strong>Jakob Werlberger)<\/strong><\/p>\n<p>&nbsp;<\/p>\n<p><strong>Der Mond ist aufgegangen &#8230;<\/strong><\/p>\n<p>Seit seiner Jugend ist <strong>Andreas Wiesinger<\/strong> von den Bergen und der Naturfotografie gleicherma\u00dfen fasziniert. Der Familienvater entwickelte sich zum begeisterten Extrembergl\u00e4ufer, ohne seine Leidenschaft als Hobbyfotograf zu vernachl\u00e4ssigen.<\/p>\n<p>Diesmal hat <strong>Andreas Wiesinger<\/strong> keine Schneebilder auf Facebook zur Schau gestellt, sondern stimmungsvolle Nachtfotos.\u00a0 Interessant, wie der Tiroler <strong>Andreas Wiesinger<\/strong> diese Fotos vorstellt:\u00a0 \u201e Scho gescheit beeindruckend wenn der Mond so aufgeht\u2026\u201c\u00a0 Seinen Dialekt kann man\u00a0 auch auf \u201ePapier\u201c gut verstehen.<\/p>\n<p><a href=\"http:\/\/www.petergrau-leichtathlet.de\/wp-content\/uploads\/2017\/02\/Werlberger-Wiesinger-eins.jpg\"><img loading=\"lazy\" class=\"alignnone size-medium wp-image-5178\" src=\"http:\/\/www.petergrau-leichtathlet.de\/wp-content\/uploads\/2017\/02\/Werlberger-Wiesinger-eins-300x225.jpg\" alt=\"Werlberger Wiesinger eins\" width=\"300\" height=\"225\" srcset=\"https:\/\/www.petergrau-leichtathlet.de\/wp-content\/uploads\/2017\/02\/Werlberger-Wiesinger-eins-300x225.jpg 300w, https:\/\/www.petergrau-leichtathlet.de\/wp-content\/uploads\/2017\/02\/Werlberger-Wiesinger-eins-1024x768.jpg 1024w, https:\/\/www.petergrau-leichtathlet.de\/wp-content\/uploads\/2017\/02\/Werlberger-Wiesinger-eins.jpg 2048w\" sizes=\"(max-width: 300px) 100vw, 300px\" \/><\/a><\/p>\n<p><a href=\"http:\/\/www.petergrau-leichtathlet.de\/wp-content\/uploads\/2017\/02\/Werlberger-Wiesinger-zwei.jpg\"><img loading=\"lazy\" class=\"alignnone size-medium wp-image-5179\" src=\"http:\/\/www.petergrau-leichtathlet.de\/wp-content\/uploads\/2017\/02\/Werlberger-Wiesinger-zwei-300x174.jpg\" alt=\"Werlberger Wiesinger zwei\" width=\"300\" height=\"174\" srcset=\"https:\/\/www.petergrau-leichtathlet.de\/wp-content\/uploads\/2017\/02\/Werlberger-Wiesinger-zwei-300x174.jpg 300w, https:\/\/www.petergrau-leichtathlet.de\/wp-content\/uploads\/2017\/02\/Werlberger-Wiesinger-zwei-1024x594.jpg 1024w, https:\/\/www.petergrau-leichtathlet.de\/wp-content\/uploads\/2017\/02\/Werlberger-Wiesinger-zwei.jpg 2048w\" sizes=\"(max-width: 300px) 100vw, 300px\" \/><\/a><\/p>\n<p><a href=\"http:\/\/www.petergrau-leichtathlet.de\/wp-content\/uploads\/2017\/02\/Werlberger-Wiesinger-drei.jpg\"><img loading=\"lazy\" class=\"alignnone size-medium wp-image-5180\" src=\"http:\/\/www.petergrau-leichtathlet.de\/wp-content\/uploads\/2017\/02\/Werlberger-Wiesinger-drei-300x225.jpg\" alt=\"Werlberger Wiesinger drei\" width=\"300\" height=\"225\" srcset=\"https:\/\/www.petergrau-leichtathlet.de\/wp-content\/uploads\/2017\/02\/Werlberger-Wiesinger-drei-300x225.jpg 300w, https:\/\/www.petergrau-leichtathlet.de\/wp-content\/uploads\/2017\/02\/Werlberger-Wiesinger-drei-1024x768.jpg 1024w, https:\/\/www.petergrau-leichtathlet.de\/wp-content\/uploads\/2017\/02\/Werlberger-Wiesinger-drei.jpg 2048w\" sizes=\"(max-width: 300px) 100vw, 300px\" \/><\/a><\/p>\n<p><a href=\"http:\/\/www.petergrau-leichtathlet.de\/wp-content\/uploads\/2017\/02\/Werlberger-Wiesinger-vier.jpg\"><img loading=\"lazy\" class=\"alignnone size-medium wp-image-5181\" src=\"http:\/\/www.petergrau-leichtathlet.de\/wp-content\/uploads\/2017\/02\/Werlberger-Wiesinger-vier-300x225.jpg\" alt=\"Werlberger Wiesinger vier\" width=\"300\" height=\"225\" srcset=\"https:\/\/www.petergrau-leichtathlet.de\/wp-content\/uploads\/2017\/02\/Werlberger-Wiesinger-vier-300x225.jpg 300w, https:\/\/www.petergrau-leichtathlet.de\/wp-content\/uploads\/2017\/02\/Werlberger-Wiesinger-vier-1024x768.jpg 1024w, https:\/\/www.petergrau-leichtathlet.de\/wp-content\/uploads\/2017\/02\/Werlberger-Wiesinger-vier.jpg 2048w\" sizes=\"(max-width: 300px) 100vw, 300px\" \/><\/a><\/p>\n<p>(Fotos von<strong> Andreas Wiesinger)<\/strong><\/p>\n<p>&nbsp;<\/p>\n<p>&nbsp;<\/p>\n<p>&nbsp;<\/p>\n<p>&nbsp;<\/p>\n<p>&nbsp;<\/p>\n<p>&nbsp;<\/p>\n<p>&nbsp;<\/p>\n<p>&nbsp;<\/p>\n<p>&nbsp;<\/p>\n<p>&nbsp;<\/p>\n<p>&nbsp;<\/p>\n<p>&nbsp;<\/p>\n<p>&nbsp;<\/p>\n<p>&nbsp;<\/p>\n<p>&nbsp;<\/p>\n<p>&nbsp;<\/p>\n<p>&nbsp;<\/p>\n<p>&nbsp;<\/p>\n<p>&nbsp;<\/p>\n<p>&nbsp;<\/p>\n<p>&nbsp;<\/p>\n<p>&nbsp;<\/p>\n<p>&nbsp;<\/p>\n<p><strong>\u00a0<\/strong><\/p>\n<p>&nbsp;<\/p>\n<p>&nbsp;<\/p>\n<p>&nbsp;<\/p>\n<p>&nbsp;<\/p>\n<p>&nbsp;<\/p>\n<p><strong>\u00a0<\/strong><\/p>\n<p>&nbsp;<\/p>\n<p>&nbsp;<\/p>\n<p>&nbsp;<\/p>\n<p>&nbsp;<\/p>\n<p>&nbsp;<\/p>\n<p>&nbsp;<\/p>\n<p>&nbsp;<\/p>\n<p>&nbsp;<\/p>\n","protected":false},"excerpt":{"rendered":"<p>Zwar wird jetzt schon heftig \u00fcber den baldigen Fr\u00fchling geredet, aber noch ist es nicht so weit. Deshalb genie\u00dfe ich um so mehr die herrlichen Winterfotos von Jakob Werlberger: (alle Fotos von Jakob Werlberger) &nbsp; Der Mond ist aufgegangen &#8230; Seit seiner Jugend ist Andreas Wiesinger von den Bergen und der Naturfotografie gleicherma\u00dfen fasziniert. Der &hellip; <a href=\"https:\/\/www.petergrau-leichtathlet.de\/?p=5185\" class=\"more-link\"><span class=\"screen-reader-text\">Zwischen Schnee und Mondschein<\/span> weiterlesen <span class=\"meta-nav\">&rarr;<\/span><\/a><\/p>\n","protected":false},"author":1,"featured_media":0,"comment_status":"closed","ping_status":"open","sticky":false,"template":"","format":"standard","meta":[],"categories":[11,5],"tags":[],"_links":{"self":[{"href":"https:\/\/www.petergrau-leichtathlet.de\/index.php?rest_route=\/wp\/v2\/posts\/5185"}],"collection":[{"href":"https:\/\/www.petergrau-leichtathlet.de\/index.php?rest_route=\/wp\/v2\/posts"}],"about":[{"href":"https:\/\/www.petergrau-leichtathlet.de\/index.php?rest_route=\/wp\/v2\/types\/post"}],"author":[{"embeddable":true,"href":"https:\/\/www.petergrau-leichtathlet.de\/index.php?rest_route=\/wp\/v2\/users\/1"}],"replies":[{"embeddable":true,"href":"https:\/\/www.petergrau-leichtathlet.de\/index.php?rest_route=%2Fwp%2Fv2%2Fcomments&post=5185"}],"version-history":[{"count":4,"href":"https:\/\/www.petergrau-leichtathlet.de\/index.php?rest_route=\/wp\/v2\/posts\/5185\/revisions"}],"predecessor-version":[{"id":5355,"href":"https:\/\/www.petergrau-leichtathlet.de\/index.php?rest_route=\/wp\/v2\/posts\/5185\/revisions\/5355"}],"wp:attachment":[{"href":"https:\/\/www.petergrau-leichtathlet.de\/index.php?rest_route=%2Fwp%2Fv2%2Fmedia&parent=5185"}],"wp:term":[{"taxonomy":"category","embeddable":true,"href":"https:\/\/www.petergrau-leichtathlet.de\/index.php?rest_route=%2Fwp%2Fv2%2Fcategories&post=5185"},{"taxonomy":"post_tag","embeddable":true,"href":"https:\/\/www.petergrau-leichtathlet.de\/index.php?rest_route=%2Fwp%2Fv2%2Ftags&post=5185"}],"curies":[{"name":"wp","href":"https:\/\/api.w.org\/{rel}","templated":true}]}}