{"id":7522,"date":"2017-05-25T22:10:08","date_gmt":"2017-05-25T20:10:08","guid":{"rendered":"http:\/\/www.petergrau-leichtathlet.de\/?p=7522"},"modified":"2017-05-29T15:11:07","modified_gmt":"2017-05-29T13:11:07","slug":"berliner-olympiastadion-die-leichtathleten-wehren-sich-gegen-den-raub-ihrer-blauen-laufbahn","status":"publish","type":"post","link":"https:\/\/www.petergrau-leichtathlet.de\/?p=7522","title":{"rendered":"Berliner Olympiastadion: Die Leichtathleten wehren sich gegen den Raub ihrer blauen Laufbahn"},"content":{"rendered":"<p><a href=\"http:\/\/www.petergrau-leichtathlet.de\/wp-content\/uploads\/2016\/09\/Glock-neunzig.jpg\"><img loading=\"lazy\" class=\"alignnone size-medium wp-image-3383\" src=\"http:\/\/www.petergrau-leichtathlet.de\/wp-content\/uploads\/2016\/09\/Glock-neunzig-300x225.jpg\" alt=\"Glock neunzig\" width=\"300\" height=\"225\" srcset=\"https:\/\/www.petergrau-leichtathlet.de\/wp-content\/uploads\/2016\/09\/Glock-neunzig-300x225.jpg 300w, https:\/\/www.petergrau-leichtathlet.de\/wp-content\/uploads\/2016\/09\/Glock-neunzig-1024x768.jpg 1024w\" sizes=\"(max-width: 300px) 100vw, 300px\" \/><\/a><\/p>\n<p><strong>Wie lange noch gibt es das ISTAF im Olympiastadion?<\/strong><\/p>\n<p>&nbsp;<\/p>\n<p>Die Wellen schlagen hoch! Die Aufregung ist riesengro\u00df. Warum? Weil ganz pl\u00f6tzlich eine Studie eines Architekturb\u00fcros von der F\u00fchrung des Fu\u00dfballclubs Hertha BSC Berlin und des Regierenden B\u00fcrgermeister von Berlin, <strong>Michael M\u00fcller<\/strong>, der \u00d6ffentlichkeit vorgestellt wurde (nicht der Inhalt, sondern das Fazit), in der es hei\u00dft: Es ist m\u00f6glich, aus dem<strong> Berliner<\/strong> <strong>Olympiastadion<\/strong> ein<strong> reines Fu\u00dfballstadion<\/strong> zu machen.<\/p>\n<p>Schon einmal war die Leichtathletik im Olympiastadion in Gefahr. Vor der Fu\u00dfball-WM 2006 wurde das Stadion ebenfalls umgebaut und auch damals spielte man mit dem Gedanken, die Laufbahn herauszurei\u00dfen. Damals ging der Kelch vorbei.<\/p>\n<p>Diesmal scheint die Gefahr pl\u00f6tzlich gr\u00f6\u00dfer zu sein, nimmt man das Echo als Ma\u00dfstab. Doch woher kommt das Echo? Zuallerst von aktiven Leichtathleten, Leichtathletik-Funktion\u00e4ren, Sympathisanten, K\u00e4mpfern f\u00fcr den Denkmalschutz. Kein Wunder. Auch ich als Leichtathlet und Leichtathletik-Journalist bin nat\u00fcrlich daf\u00fcr, die Laufbahn zu erhalten. <strong>Auch ich m\u00f6chte weiter Leichtathletik im Olympiastadion sehen<\/strong>.<\/p>\n<p><a href=\"http:\/\/www.petergrau-leichtathlet.de\/wp-content\/uploads\/2016\/09\/Glock-achtzezhn1.jpg\"><img loading=\"lazy\" class=\"alignnone size-medium wp-image-3379\" src=\"http:\/\/www.petergrau-leichtathlet.de\/wp-content\/uploads\/2016\/09\/Glock-achtzezhn1-300x225.jpg\" alt=\"Glock achtzezhn\" width=\"300\" height=\"225\" srcset=\"https:\/\/www.petergrau-leichtathlet.de\/wp-content\/uploads\/2016\/09\/Glock-achtzezhn1-300x225.jpg 300w, https:\/\/www.petergrau-leichtathlet.de\/wp-content\/uploads\/2016\/09\/Glock-achtzezhn1-1024x768.jpg 1024w\" sizes=\"(max-width: 300px) 100vw, 300px\" \/><\/a><\/p>\n<p>Doch die bisher schweigende Mehrheit, die sich wenig f\u00fcr Leichtathletik interessiert,\u00a0 wird das wohl nicht so sehr beeindrucken. Fu\u00dfball ist nun mal die Sportart, f\u00fcr die sich die meisten interessieren. Die Fu\u00dfballanh\u00e4nger wollen, da\u00df die Laufbahn weggerissen wird, sie wollen n\u00e4her an die Spieler heran, es soll lauter werden im Stadion. Rund 50.000 Zuschauer kommen zu den Heimspielen der Hertha, viel, aber eben auch eine Minderheit, wenn man die 3 Millionen Berliner, die Millionen aus dem Umland und die Abermillionen aus Deutschland und dem Ausland z\u00e4hlt. Die Lobby f\u00fcr die Leichtathleten wird klein sein, zumal die Resonanz f\u00fcr die Leichtathletik in den letzten Jahren leider abgenommen hat.<\/p>\n<p>Und das Geld? Da wird der Berliner Senat wohl nicht knausrig sein. <strong>Mehr<\/strong> als f\u00fcr den Flughafen wird es wohl nicht werden, k\u00f6nnte man sarkastisch sagen. Und f\u00fcr einen solchen Umbau Geld zu &#8222;spenden&#8220;, ist aus Sicht des Senates sicher finanziell lukrativer, als wenn sich Hertha BSC\u00a0 aus dem Olympiastadion verabschiedet und ein eigenes Stadion baut.<\/p>\n<p>Ende 2015, als im Berliner\u00a0 Olympiastadion die konstituierende Sitzung des Organisationskomitees f\u00fcr die Leichtathletik-EM 2018 (7.-12. August) an gleicher Stelle stattfand, schien der Regierende B\u00fcrgermeister von Berlin, <strong>Michael M\u00fcller<\/strong>, noch ein richtiger Freund der Leichtathletik zu sein:<\/p>\n<p><a href=\"http:\/\/www.petergrau-leichtathlet.de\/wp-content\/uploads\/2017\/05\/Kick-OFF-PK-nr-11.jpg\"><img loading=\"lazy\" class=\"alignnone size-medium wp-image-7618\" src=\"http:\/\/www.petergrau-leichtathlet.de\/wp-content\/uploads\/2017\/05\/Kick-OFF-PK-nr-11-300x225.jpg\" alt=\"Kick OFF PK nr 11\" width=\"300\" height=\"225\" srcset=\"https:\/\/www.petergrau-leichtathlet.de\/wp-content\/uploads\/2017\/05\/Kick-OFF-PK-nr-11-300x225.jpg 300w, https:\/\/www.petergrau-leichtathlet.de\/wp-content\/uploads\/2017\/05\/Kick-OFF-PK-nr-11.jpg 985w\" sizes=\"(max-width: 300px) 100vw, 300px\" \/><\/a><\/p>\n<p><strong>Frank Kowalski<\/strong> (Gesch\u00e4ftsf\u00fchrer der BEM), <strong>Dr. <\/strong><strong>Clemens Prokop<\/strong> (DLV-Pr\u00e4sident),<strong> Michael M\u00fcller<\/strong> (Regierender B\u00fcrgermeister von Berlin), Diskuswerfer <strong>Robert Harting<\/strong> (v. links nach rechts).<\/p>\n<p>Doch nun hat es Michael M\u00fcller schwer, dieser Liebe nachzugeben.\u00a0 Zu sehr ist er in eine Zwickm\u00fchle geraten. Und wenn er verlauten l\u00e4\u00dft, da\u00df es auch m\u00f6glich sei, eine versenkbare Laufbahn zu installieren, so glaubt er vielleicht selbst nicht daran. Oder doch?<\/p>\n<p>Ich habe schon betont, da\u00df ich nat\u00fcrlich f\u00fcr das Erhalten der Leichtathletik im Olympiastadion bin, f\u00fcr weitere Stadionfeste (ISTAFs), f\u00fcr internationale Meisterschaften, vielleicht sogar 2036 f\u00fcr die Olympischen Spiele.<\/p>\n<p><a href=\"http:\/\/www.petergrau-leichtathlet.de\/wp-content\/uploads\/2016\/09\/Glock-siebzehn1.jpg\"><img loading=\"lazy\" class=\"alignnone size-medium wp-image-3378\" src=\"http:\/\/www.petergrau-leichtathlet.de\/wp-content\/uploads\/2016\/09\/Glock-siebzehn1-300x225.jpg\" alt=\"Glock siebzehn\" width=\"300\" height=\"225\" srcset=\"https:\/\/www.petergrau-leichtathlet.de\/wp-content\/uploads\/2016\/09\/Glock-siebzehn1-300x225.jpg 300w, https:\/\/www.petergrau-leichtathlet.de\/wp-content\/uploads\/2016\/09\/Glock-siebzehn1-1024x768.jpg 1024w\" sizes=\"(max-width: 300px) 100vw, 300px\" \/><\/a><\/p>\n<p>Doch was ist, wenn sich die Macher durchsetzen, die die Laufbahn herausrei\u00dfen wollen? Zu den Fu\u00dfballspielen gehe ich jetzt schon nur ganz selten, zu sehr habe ich mich bisher dort gelangweilt. Und wie verkrafte ich den eventuellen Wegfall der Leichtathletik?<strong> 2018<\/strong> werde ich noch die <strong>EM<\/strong> schauen k\u00f6nnen, denn ein eventueller Umbau soll ja erst 2025 anfangen. Eine WM wird bis dahin wohl noch nicht in Sicht sein. Und <strong>Olympia<\/strong>? Da wird wohl erst die Berliner Bev\u00f6lkerung \u00fcberzeugt werden m\u00fcssen. Und falls sie \u00fcberzeugt wird und 2036 wirklich Olympische Spiele in Berlin stattfinden w\u00fcrden, w\u00e4re ich mir nicht sicher, ob ich dann im vorger\u00fcckten Alter von 96 Jahren \u00fcberhaupt noch f\u00e4hig sein w\u00fcrde, hinzugehen. So hat jeder wohl seine eigene Sicht&#8230;<\/p>\n<p>Spannend wird es in der n\u00e4chsten Zeit werden, wie die Offiziellen der Stadt und des Fu\u00dfballclubs der Kritik der Leichtathletik-Freunde begegnen werde. Es gibt wohl vier M\u00f6glichkeiten:<\/p>\n<p><strong>Erstens<\/strong>: einfach weg mit der blauen Bahn und die Kritik aussitzen. <strong>Zweitens<\/strong>: Die Tartanbahn irgendwie im Untergrund verschwinden lassen und bei Bedarf an die Oberfl\u00e4che hiefen. <strong>Drittens<\/strong>: Den <strong>Friedrich-Ludwig-Jahn-Sportpark<\/strong> so ausbauen und versch\u00f6nern zu lassen, um dort 40.000 bis 50.000 Zuschauer unterzubringen. Die Stimmung f\u00fcr die Leichtathletik w\u00fcrde dort mindestens so gut wie im Olympiastadion sein. Ich habe es oft erlebt, wie dort zu DDR-Zeiten bei den Olympischen Tagen (den Treffs der leichtathletischen Weltelite) sich die Zuschauer begeisterten.<strong> Viertens<\/strong>: Es bleibt im Olympiastadion alles wie jetzt und der Fu\u00dfballclub baut nebenan ein reines Fu\u00dfballstadion.<\/p>\n<p>Das sind meine ersten Gedankenspiele, ohne Kenntnis, wie die Machbarkeitsstudie aussieht und welche Seite sich durchsetzen wird.<\/p>\n<p>Dabei habe ich noch nicht mal erw\u00e4hnt, da\u00df auch der Denkmalschutz eine Rolle spielen k\u00f6nnte. Doch den k\u00f6nnte man wohl am ehesten aushebeln. Schlie\u00dflich wird das Olympiastadion auch oft als Machwerk des Hitler-Regimes hingestellt. Andere Denkmale wurden geschleift. Was hindert die Politik, hier die Axt anzusetzen?<\/p>\n<p><strong>Peter Grau<\/strong><\/p>\n<p><a href=\"http:\/\/www.petergrau-leichtathlet.de\/wp-content\/uploads\/2015\/12\/Ruth-und-Peter-Olympiastadion.jpg\"><img loading=\"lazy\" class=\"alignnone size-medium wp-image-4916\" src=\"http:\/\/www.petergrau-leichtathlet.de\/wp-content\/uploads\/2015\/12\/Ruth-und-Peter-Olympiastadion-300x206.jpg\" alt=\"Ruth und Peter Olympiastadion\" width=\"300\" height=\"206\" srcset=\"https:\/\/www.petergrau-leichtathlet.de\/wp-content\/uploads\/2015\/12\/Ruth-und-Peter-Olympiastadion-300x206.jpg 300w, https:\/\/www.petergrau-leichtathlet.de\/wp-content\/uploads\/2015\/12\/Ruth-und-Peter-Olympiastadion.jpg 1018w\" sizes=\"(max-width: 300px) 100vw, 300px\" \/><\/a><\/p>\n<p><strong>Der Autor 1990 nach dem 25-km-Lauf von Berlin und dem Einlauf ins Olympiastadion<\/strong><\/p>\n<p>&nbsp;<\/p>\n<p>Sofort nach dem Bekanntwerden der Machbarkeitsstudie h\u00e4uften sich die kommentierenden Artikel in den Medien.<\/p>\n<p>So \u00e4u\u00dferte der DLV-Pr\u00e4sident<strong> Dr. Clemens Prokop<\/strong> vehemente Kritik. <strong>Lesen Sie unter: <\/strong><strong><a href=\"https:\/\/www.leichtathletik.de\/news\/news\/detail\/deutliche-kritik-des-dlv-praesidenten-an-umbau-plaenen-fuer-berliner-olympiastadion\/\">https:\/\/www.leichtathletik.de\/news\/news\/detail\/deutliche-kritik-des-dlv-praesidenten-an-umbau-plaenen-fuer-berliner-olympiastadion\/<\/a><\/strong><\/p>\n<p>Auch \u201e<strong>German Road Races<\/strong>\u201c meldete sich zu Wort. Unter der \u00dcberschrift \u201e Rettet das Olympiastadion\u201c protestierte man gegen den Umbau. Nachzulesen unter:<br \/>\n<a href=\"http:\/\/www.germanroadraces.de\/24-0-49751-rettet-das-berliner-olympiastadion.html\">http:\/\/www.germanroadraces.de\/24-0-49751-rettet-das-berliner-olympiastadion.html<\/a><\/p>\n<p><strong>Spiegel online<\/strong> brachte folgenden Kommentar:<\/p>\n<p><a href=\"http:\/\/www.spiegel.de\/sport\/fussball\/olympiastadion-berlin-unbeliebt-und-unverzichtbar-a-1149334.html\">http:\/\/www.spiegel.de\/sport\/fussball\/olympiastadion-berlin-unbeliebt-und-unverzichtbar-a-1149334.html<\/a><\/p>\n<p>In der <strong>Berliner Zeitung<\/strong> wurde das Ganze so kommentiert: <a href=\"http:\/\/www.berliner-zeitung.de\/sport\/hertha-bsc\/umbau-des-olympiastadions-die-wichtigsten-fragen-und-antworten-zu-herthas-plaenen-26946966\">http:\/\/www.berliner-zeitung.de\/sport\/hertha-bsc\/umbau-des-olympiastadions-die-wichtigsten-fragen-und-antworten-zu-herthas-plaenen-26946966<\/a><\/p>\n<p>Und auch <strong>Sprintstar Usain Bolt<\/strong> meldete sich zu Wort und bezeichnete es als eine &#8222;Schande&#8220;, wenn man &#8222;seine &#8220; blaue Laufbahn entfernen w\u00fcrde.<\/p>\n<p><a href=\"http:\/\/www.petergrau-leichtathlet.de\/wp-content\/uploads\/2016\/08\/Bolt-wieder-Mixedzoneexezone.jpg\"><img loading=\"lazy\" class=\"alignnone size-medium wp-image-3047\" src=\"http:\/\/www.petergrau-leichtathlet.de\/wp-content\/uploads\/2016\/08\/Bolt-wieder-Mixedzoneexezone-251x300.jpg\" alt=\"Bolt wieder Mixedzoneexezone\" width=\"251\" height=\"300\" srcset=\"https:\/\/www.petergrau-leichtathlet.de\/wp-content\/uploads\/2016\/08\/Bolt-wieder-Mixedzoneexezone-251x300.jpg 251w, https:\/\/www.petergrau-leichtathlet.de\/wp-content\/uploads\/2016\/08\/Bolt-wieder-Mixedzoneexezone.jpg 804w\" sizes=\"(max-width: 251px) 100vw, 251px\" \/><\/a><\/p>\n<p><strong>Usain Bolt (Foto:\u00a0 Olaf Brockmann)<\/strong><\/p>\n","protected":false},"excerpt":{"rendered":"<p>Wie lange noch gibt es das ISTAF im Olympiastadion? &nbsp; Die Wellen schlagen hoch! Die Aufregung ist riesengro\u00df. Warum? Weil ganz pl\u00f6tzlich eine Studie eines Architekturb\u00fcros von der F\u00fchrung des Fu\u00dfballclubs Hertha BSC Berlin und des Regierenden B\u00fcrgermeister von Berlin, Michael M\u00fcller, der \u00d6ffentlichkeit vorgestellt wurde (nicht der Inhalt, sondern das Fazit), in der es &hellip; <a href=\"https:\/\/www.petergrau-leichtathlet.de\/?p=7522\" class=\"more-link\"><span class=\"screen-reader-text\">Berliner Olympiastadion: Die Leichtathleten wehren sich gegen den Raub ihrer blauen Laufbahn<\/span> weiterlesen <span class=\"meta-nav\">&rarr;<\/span><\/a><\/p>\n","protected":false},"author":1,"featured_media":0,"comment_status":"closed","ping_status":"open","sticky":false,"template":"","format":"standard","meta":[],"categories":[11,5],"tags":[],"_links":{"self":[{"href":"https:\/\/www.petergrau-leichtathlet.de\/index.php?rest_route=\/wp\/v2\/posts\/7522"}],"collection":[{"href":"https:\/\/www.petergrau-leichtathlet.de\/index.php?rest_route=\/wp\/v2\/posts"}],"about":[{"href":"https:\/\/www.petergrau-leichtathlet.de\/index.php?rest_route=\/wp\/v2\/types\/post"}],"author":[{"embeddable":true,"href":"https:\/\/www.petergrau-leichtathlet.de\/index.php?rest_route=\/wp\/v2\/users\/1"}],"replies":[{"embeddable":true,"href":"https:\/\/www.petergrau-leichtathlet.de\/index.php?rest_route=%2Fwp%2Fv2%2Fcomments&post=7522"}],"version-history":[{"count":7,"href":"https:\/\/www.petergrau-leichtathlet.de\/index.php?rest_route=\/wp\/v2\/posts\/7522\/revisions"}],"predecessor-version":[{"id":7620,"href":"https:\/\/www.petergrau-leichtathlet.de\/index.php?rest_route=\/wp\/v2\/posts\/7522\/revisions\/7620"}],"wp:attachment":[{"href":"https:\/\/www.petergrau-leichtathlet.de\/index.php?rest_route=%2Fwp%2Fv2%2Fmedia&parent=7522"}],"wp:term":[{"taxonomy":"category","embeddable":true,"href":"https:\/\/www.petergrau-leichtathlet.de\/index.php?rest_route=%2Fwp%2Fv2%2Fcategories&post=7522"},{"taxonomy":"post_tag","embeddable":true,"href":"https:\/\/www.petergrau-leichtathlet.de\/index.php?rest_route=%2Fwp%2Fv2%2Ftags&post=7522"}],"curies":[{"name":"wp","href":"https:\/\/api.w.org\/{rel}","templated":true}]}}