{"id":9031,"date":"2017-08-18T21:20:31","date_gmt":"2017-08-18T19:20:31","guid":{"rendered":"http:\/\/www.petergrau-leichtathlet.de\/?p=9031"},"modified":"2017-08-18T21:20:31","modified_gmt":"2017-08-18T19:20:31","slug":"1995-war-in-barcelona-die-welt-noch-in-ordnung","status":"publish","type":"post","link":"https:\/\/www.petergrau-leichtathlet.de\/?p=9031","title":{"rendered":"1995 war in Barcelona die Welt noch in Ordnung"},"content":{"rendered":"<p><a href=\"http:\/\/www.petergrau-leichtathlet.de\/wp-content\/uploads\/2017\/08\/Barcelona_Cityscape_Panorama_-_Jan_2007.jpg\"><img loading=\"lazy\" class=\"alignnone size-medium wp-image-9030\" src=\"http:\/\/www.petergrau-leichtathlet.de\/wp-content\/uploads\/2017\/08\/Barcelona_Cityscape_Panorama_-_Jan_2007-300x36.jpg\" alt=\"Barcelona_Cityscape_Panorama_-_Jan_2007\" width=\"300\" height=\"36\" srcset=\"https:\/\/www.petergrau-leichtathlet.de\/wp-content\/uploads\/2017\/08\/Barcelona_Cityscape_Panorama_-_Jan_2007-300x36.jpg 300w, https:\/\/www.petergrau-leichtathlet.de\/wp-content\/uploads\/2017\/08\/Barcelona_Cityscape_Panorama_-_Jan_2007-1024x124.jpg 1024w, https:\/\/www.petergrau-leichtathlet.de\/wp-content\/uploads\/2017\/08\/Barcelona_Cityscape_Panorama_-_Jan_2007.jpg 1920w\" sizes=\"(max-width: 300px) 100vw, 300px\" \/><\/a><\/p>\n<p>Vor 1 \u00bd Jahren habe ich auf meiner Homepage unter\u00a0<a href=\"http:\/\/www.petergrau-leichtathlet.de\/?p=1334\">http:\/\/www.petergrau-leichtathlet.de\/?p=1334<\/a>\u00a0\u00a0\u00a0 einiges \u00fcber die <strong>Hallenweltmeisterschaften 1995<\/strong> im spanischen <strong>Barcelona<\/strong> geschrieben. Dabei ging es vor allem um technische \u00a0Probleme bei der \u00dcbertragung der Berichte f\u00fcr die Zeitschrift \u201eLeichtathletik\u201c. Wie klein sind doch diese Probleme gewesen, in\u00a0 Anbetracht des Terroranschlages vom 17. August 2017 mitten in Barcelona, auf der Prachtstra\u00dfe \u201eLa Rambla\u201c?<\/p>\n<p>Gestern habe ich die schrecklichen Ereignisse viele Stunden am Fernseher und im Internet verfolgt. Manchmal denke ich, da\u00df es vielleicht besser w\u00e4re, nicht so intensiv in den Medien zu berichten. Doch das ist wohl ein frommer Wunsch, denn im Zeitalter der digitalen Vernetzung und des Dauergebrauchs von Handys und Smartphones ist ein Verschweigen sowieso nicht mehr m\u00f6glich.<\/p>\n<p>Aber wie geht man damit um, im Augenblick des Sehens und danach? Live dabei wird man vom Geschehen gepackt, ern\u00fcchtert, ist entsetzt, f\u00fchlt sich hilflos.\u00a0 Die wohl egoistische erste Reaktion: Wer ist von Verwandten und Bekannten gerade dort? Eine Tochter ist gerade im niederl\u00e4ndischen Zeeland, die andere in Mexiko-Stadt, also weit weg vom Geschehen. Aber beide sind schon einige Male in Barcelona gewesen, k\u00f6nnten also auch diesmal dort gewesen sein.<\/p>\n<p>Doch, was ist mit den anderen, den Betroffenen und den nochmal heil Davongekommenen? Man denkt an sie, trauert mit und dann geht die Zeit des Vergessens leider sehr schnell voran.<\/p>\n<p><strong>Erinnerungen an eine aufregende Stadt<\/strong><\/p>\n<p>Erinnern aber kann man sich, wenn man schon mal in der Stadt gewesen ist, in der der Terroranschlag stattfand.<\/p>\n<p>Ich war das einzige und letzte Mal im Jahr 1995 in Barcelona. Zu lange her, um noch intensive Erinnerungen hervorkramen zu k\u00f6nnen. Leider hatte ich damals noch keine Homepage, f\u00fchrte kein Tagebuch und hatte auch keine Kamera, die mir das Fotografieren so leicht macht wie heute.<\/p>\n<p>Erinnern kann ich mich, da\u00df wir in ausgedehnten Stadtspazierg\u00e4ngen die Sch\u00f6nheit Barcelonas aufsaugten. Vor allem die Kirche Sagrada Familia, 1882 von Baumeister Antoni Gaudi begonnen, ist mir da in Erinnerung.<\/p>\n<p><a href=\"http:\/\/www.petergrau-leichtathlet.de\/wp-content\/uploads\/2017\/08\/Barcelona-Sagrada-Familia.jpg\"><img loading=\"lazy\" class=\"alignnone size-medium wp-image-9029\" src=\"http:\/\/www.petergrau-leichtathlet.de\/wp-content\/uploads\/2017\/08\/Barcelona-Sagrada-Familia-300x300.jpg\" alt=\"Barcelona Sagrada Familia\" width=\"300\" height=\"300\" srcset=\"https:\/\/www.petergrau-leichtathlet.de\/wp-content\/uploads\/2017\/08\/Barcelona-Sagrada-Familia-300x300.jpg 300w, https:\/\/www.petergrau-leichtathlet.de\/wp-content\/uploads\/2017\/08\/Barcelona-Sagrada-Familia-150x150.jpg 150w, https:\/\/www.petergrau-leichtathlet.de\/wp-content\/uploads\/2017\/08\/Barcelona-Sagrada-Familia.jpg 400w\" sizes=\"(max-width: 300px) 100vw, 300px\" \/><\/a><\/p>\n<p>Gewohnt haben wir im Hotel (der Name wird mir noch einfallen). Von dort gingen wir zu Fu\u00df zur Veranstaltungsst\u00e4tte <strong>Palau Sant Jordi :<br \/>\n<\/strong><\/p>\n<p><a href=\"http:\/\/www.petergrau-leichtathlet.de\/wp-content\/uploads\/2017\/08\/Barcelona-Palau-Sant-Jordi.jpg\"><img loading=\"lazy\" class=\"alignnone size-medium wp-image-9028\" src=\"http:\/\/www.petergrau-leichtathlet.de\/wp-content\/uploads\/2017\/08\/Barcelona-Palau-Sant-Jordi-300x225.jpg\" alt=\"Barcelona Palau Sant Jordi\" width=\"300\" height=\"225\" srcset=\"https:\/\/www.petergrau-leichtathlet.de\/wp-content\/uploads\/2017\/08\/Barcelona-Palau-Sant-Jordi-300x225.jpg 300w, https:\/\/www.petergrau-leichtathlet.de\/wp-content\/uploads\/2017\/08\/Barcelona-Palau-Sant-Jordi-1024x768.jpg 1024w, https:\/\/www.petergrau-leichtathlet.de\/wp-content\/uploads\/2017\/08\/Barcelona-Palau-Sant-Jordi.jpg 1280w\" sizes=\"(max-width: 300px) 100vw, 300px\" \/><\/a><\/p>\n<p>Diese imposante Halle liegt auf dem Montjuic, einem im S\u00fcden der Stadt gelegenen 173 m hohen Berg.\u00a0 \u00a0Ganz in der N\u00e4he befindet sich das Olympiastadion, Austragungsort der Olympischen Spiele 1992.<\/p>\n<p><a href=\"http:\/\/www.petergrau-leichtathlet.de\/wp-content\/uploads\/2017\/08\/Barcelona-Olympia-Vignette.png\"><img loading=\"lazy\" class=\"alignnone size-full wp-image-9027\" src=\"http:\/\/www.petergrau-leichtathlet.de\/wp-content\/uploads\/2017\/08\/Barcelona-Olympia-Vignette.png\" alt=\"Barcelona Olympia Vignette\" width=\"176\" height=\"171\" \/><\/a> <a href=\"http:\/\/www.petergrau-leichtathlet.de\/wp-content\/uploads\/2017\/08\/Barcelona-Olympiastadion.jpg\"><img loading=\"lazy\" class=\"alignnone size-medium wp-image-9026\" src=\"http:\/\/www.petergrau-leichtathlet.de\/wp-content\/uploads\/2017\/08\/Barcelona-Olympiastadion-300x151.jpg\" alt=\"Barcelona Olympiastadion\" width=\"300\" height=\"151\" srcset=\"https:\/\/www.petergrau-leichtathlet.de\/wp-content\/uploads\/2017\/08\/Barcelona-Olympiastadion-300x151.jpg 300w, https:\/\/www.petergrau-leichtathlet.de\/wp-content\/uploads\/2017\/08\/Barcelona-Olympiastadion-1024x517.jpg 1024w, https:\/\/www.petergrau-leichtathlet.de\/wp-content\/uploads\/2017\/08\/Barcelona-Olympiastadion.jpg 1920w\" sizes=\"(max-width: 300px) 100vw, 300px\" \/><\/a><\/p>\n<p>&nbsp;<\/p>\n<p>An irgendwelche Bedrohungen dachten wir damals garantiert nicht. Auch unsere Gespr\u00e4che mit Einheimischen lie\u00dfen uns unbeschwert sein.\u00a0 In einem Restaurant in der N\u00e4he des Hotels stellte uns mein Kollege <strong>Karl-Heinz Bergmann<\/strong>, -der damals f\u00fcr die Berliner Zeitung schrieb und sp\u00e4ter, 2003, viel zu fr\u00fch ohne Abschied aus dieser Welt verschwand-, einen Deutschen vor, der schon lange in Barcelona lebte und uns viel \u00fcber die Mentalit\u00e4t, \u00fcber die Lebensweise der Spanier erz\u00e4hlte. Solche Gespr\u00e4che sind sicher eindrucksvoller als irgendwelche Texte in Reisef\u00fchrern.<\/p>\n<p>Sicherlich war mein Aufenthalt in Barcelona vor allem von meiner journalistischen T\u00e4tigkeit gepr\u00e4gt und ausgef\u00fcllt. Aber an den Sch\u00f6nheiten der Stadt kann man nicht vorbeisehen, vorbeigehen.<\/p>\n<p>Um so mehr ersch\u00fcttert mich dieser Terroranschlag. Wohin soll das nur f\u00fchren?<\/p>\n<p><strong>Peter Grau<\/strong><\/p>\n","protected":false},"excerpt":{"rendered":"<p>Vor 1 \u00bd Jahren habe ich auf meiner Homepage unter\u00a0http:\/\/www.petergrau-leichtathlet.de\/?p=1334\u00a0\u00a0\u00a0 einiges \u00fcber die Hallenweltmeisterschaften 1995 im spanischen Barcelona geschrieben. Dabei ging es vor allem um technische \u00a0Probleme bei der \u00dcbertragung der Berichte f\u00fcr die Zeitschrift \u201eLeichtathletik\u201c. Wie klein sind doch diese Probleme gewesen, in\u00a0 Anbetracht des Terroranschlages vom 17. August 2017 mitten in Barcelona, auf &hellip; <a href=\"https:\/\/www.petergrau-leichtathlet.de\/?p=9031\" class=\"more-link\"><span class=\"screen-reader-text\">1995 war in Barcelona die Welt noch in Ordnung<\/span> weiterlesen <span class=\"meta-nav\">&rarr;<\/span><\/a><\/p>\n","protected":false},"author":1,"featured_media":0,"comment_status":"closed","ping_status":"open","sticky":false,"template":"","format":"standard","meta":[],"categories":[6,5],"tags":[],"_links":{"self":[{"href":"https:\/\/www.petergrau-leichtathlet.de\/index.php?rest_route=\/wp\/v2\/posts\/9031"}],"collection":[{"href":"https:\/\/www.petergrau-leichtathlet.de\/index.php?rest_route=\/wp\/v2\/posts"}],"about":[{"href":"https:\/\/www.petergrau-leichtathlet.de\/index.php?rest_route=\/wp\/v2\/types\/post"}],"author":[{"embeddable":true,"href":"https:\/\/www.petergrau-leichtathlet.de\/index.php?rest_route=\/wp\/v2\/users\/1"}],"replies":[{"embeddable":true,"href":"https:\/\/www.petergrau-leichtathlet.de\/index.php?rest_route=%2Fwp%2Fv2%2Fcomments&post=9031"}],"version-history":[{"count":1,"href":"https:\/\/www.petergrau-leichtathlet.de\/index.php?rest_route=\/wp\/v2\/posts\/9031\/revisions"}],"predecessor-version":[{"id":9032,"href":"https:\/\/www.petergrau-leichtathlet.de\/index.php?rest_route=\/wp\/v2\/posts\/9031\/revisions\/9032"}],"wp:attachment":[{"href":"https:\/\/www.petergrau-leichtathlet.de\/index.php?rest_route=%2Fwp%2Fv2%2Fmedia&parent=9031"}],"wp:term":[{"taxonomy":"category","embeddable":true,"href":"https:\/\/www.petergrau-leichtathlet.de\/index.php?rest_route=%2Fwp%2Fv2%2Fcategories&post=9031"},{"taxonomy":"post_tag","embeddable":true,"href":"https:\/\/www.petergrau-leichtathlet.de\/index.php?rest_route=%2Fwp%2Fv2%2Ftags&post=9031"}],"curies":[{"name":"wp","href":"https:\/\/api.w.org\/{rel}","templated":true}]}}